{"id":9103,"date":"2023-05-16T18:19:12","date_gmt":"2023-05-16T18:19:12","guid":{"rendered":"https:\/\/www.radiolimari.cl\/?p=9103"},"modified":"2023-05-16T18:19:13","modified_gmt":"2023-05-16T18:19:13","slug":"50-personas-mayores-de-los-vilos-participan-en-el-programa-vinculos","status":"publish","type":"post","link":"https:\/\/www.radiolimari.cl\/?p=9103","title":{"rendered":"50 personas mayores de Los Vilos participan en el Programa V\u00ednculos"},"content":{"rendered":"\n<figure class=\"wp-block-image size-full is-resized\"><a href=\"https:\/\/www.radiolimari.cl\/wp-content\/uploads\/2023\/05\/MALON-VINCULOS-LOS-VILOS-3.jpeg\"><img fetchpriority=\"high\" decoding=\"async\" src=\"https:\/\/www.radiolimari.cl\/wp-content\/uploads\/2023\/05\/MALON-VINCULOS-LOS-VILOS-3.jpeg\" alt=\"\" class=\"wp-image-9104\" width=\"393\" height=\"295\" srcset=\"https:\/\/www.radiolimari.cl\/wp-content\/uploads\/2023\/05\/MALON-VINCULOS-LOS-VILOS-3.jpeg 1024w, https:\/\/www.radiolimari.cl\/wp-content\/uploads\/2023\/05\/MALON-VINCULOS-LOS-VILOS-3-300x225.jpeg 300w, https:\/\/www.radiolimari.cl\/wp-content\/uploads\/2023\/05\/MALON-VINCULOS-LOS-VILOS-3-768x576.jpeg 768w\" sizes=\"(max-width: 393px) 100vw, 393px\" \/><\/a><\/figure>\n\n\n\n<p><strong>A trav\u00e9s del Programa V\u00ednculos se aborda integralmente la vejez, facilitando el acceso a los servicios y apoyos disponibles, equilibrando la responsabilidad personal con la promoci\u00f3n de entornos sociales favorables para las personas mayores.<\/strong><\/p>\n\n\n\n<p>La Casa de la Cultura de Los Vilos fue el lugar de encuentro del mal\u00f3n para las personas mayores que participan en el Programa V\u00ednculos del Ministerio de Desarrollo Social y Familia con la ejecuci\u00f3n del municipio local y la asistencia t\u00e9cnica de SENAMA. De esta forma, disfrutaron de un desayuno, compartiendo vivencias como parte de la bienvenida a las y los nuevos integrantes de dicho programa, que tiene como objetivo mejorar las condiciones de vida mediante el acceso a apoyos sociales e integraci\u00f3n a la red comunitaria de promoci\u00f3n y protecci\u00f3n social, fortaleciendo su autonom\u00eda y participaci\u00f3n.<\/p>\n\n\n\n<p>Al respecto, el Seremi de Desarrollo Social y Familia, Eduardo Alcayaga, explic\u00f3 que \u201ces nuestro inter\u00e9s como Gobierno, justamente apoyar a las personas mayores en este programa V\u00ednculos y en todos los v\u00ednculos necesarios. Nosotros promovemos el envejecimiento activo y este programa est\u00e1 dirigido a aquellas personas, que se encuentran en general muy solas o con redes escasas. Entonces, se les incorpora a una serie de actividades durante dos a\u00f1os y ac\u00e1 en Los Vilos estamos d\u00e1ndoles la bienvenida a las personas que est\u00e1n incorporadas a este programa en la versi\u00f3n 17\u201d.<\/p>\n\n\n\n<p>Por su parte, el alcalde de Los Vilos, Christian Gross, consign\u00f3 que \u201ces un programa sumamente importante, que se est\u00e1 implementando desde hace muchos a\u00f1os y efectivamente el foco, el concepto del programa es el v\u00ednculo, es decir, que se pueda vincular tambi\u00e9n con otras personas, otros adultos mayores, que se puedan vincular, adem\u00e1s, con redes de apoyo institucionales a trav\u00e9s de proyectos, a trav\u00e9s de distintas iniciativas a las cuales pueden acceder los adultos mayores a trav\u00e9s de programas, as\u00ed que estamos muy contentos de poder generar y poder participar tambi\u00e9n en estas instancias\u201d.<\/p>\n\n\n\n<p>De esta forma, son 25 nuevas personas mayores que se suman al programa junto a otras 25, que vienen desde la versi\u00f3n anterior. Un espacio donde se hace especial \u00e9nfasis en el trabajo grupal, la vinculaci\u00f3n con el entorno y el reconocimiento de las y los participantes.<\/p>\n\n\n\n<p>En este sentido, \u00d3scar Le\u00f3n, quien particip\u00f3 en el mal\u00f3n, destac\u00f3 \u201cel hecho de ser considerado y valorizado de las cosas que hacemos, eso nos sube el \u00e1nimo,&nbsp; y eso se ha logrado ac\u00e1. Tener un v\u00ednculo como familia, y lo bueno es que nos escuchan, y nosotros&nbsp; podemos dar nuestra opini\u00f3n, que le encuentren valedera total\u201d.<\/p>\n\n\n\n<p>Es as\u00ed como, a trav\u00e9s del Programa V\u00ednculos se aborda integralmente la vejez, facilitando el acceso a los servicios y apoyos disponibles, equilibrando la responsabilidad personal con la promoci\u00f3n de entornos sociales favorables para las personas mayores, generando adaptaciones para vivir esta etapa de la vida.<\/p>\n","protected":false},"excerpt":{"rendered":"<p>A trav\u00e9s del Programa V\u00ednculos se aborda integralmente la vejez, facilitando el acceso a los servicios y apoyos disponibles, equilibrando la responsabilidad personal con la promoci\u00f3n de entornos sociales favorables para las personas mayores. La Casa de la Cultura de Los Vilos fue el lugar de encuentro del mal\u00f3n para las personas mayores que participan &#8230;<\/p>\n","protected":false},"author":2,"featured_media":9104,"comment_status":"open","ping_status":"open","sticky":false,"template":"","format":"standard","meta":{"footnotes":""},"categories":[3],"tags":[],"class_list":["post-9103","post","type-post","status-publish","format-standard","has-post-thumbnail","hentry","category-actualidad"],"_links":{"self":[{"href":"https:\/\/www.radiolimari.cl\/index.php?rest_route=\/wp\/v2\/posts\/9103","targetHints":{"allow":["GET"]}}],"collection":[{"href":"https:\/\/www.radiolimari.cl\/index.php?rest_route=\/wp\/v2\/posts"}],"about":[{"href":"https:\/\/www.radiolimari.cl\/index.php?rest_route=\/wp\/v2\/types\/post"}],"author":[{"embeddable":true,"href":"https:\/\/www.radiolimari.cl\/index.php?rest_route=\/wp\/v2\/users\/2"}],"replies":[{"embeddable":true,"href":"https:\/\/www.radiolimari.cl\/index.php?rest_route=%2Fwp%2Fv2%2Fcomments&post=9103"}],"version-history":[{"count":1,"href":"https:\/\/www.radiolimari.cl\/index.php?rest_route=\/wp\/v2\/posts\/9103\/revisions"}],"predecessor-version":[{"id":9105,"href":"https:\/\/www.radiolimari.cl\/index.php?rest_route=\/wp\/v2\/posts\/9103\/revisions\/9105"}],"wp:featuredmedia":[{"embeddable":true,"href":"https:\/\/www.radiolimari.cl\/index.php?rest_route=\/wp\/v2\/media\/9104"}],"wp:attachment":[{"href":"https:\/\/www.radiolimari.cl\/index.php?rest_route=%2Fwp%2Fv2%2Fmedia&parent=9103"}],"wp:term":[{"taxonomy":"category","embeddable":true,"href":"https:\/\/www.radiolimari.cl\/index.php?rest_route=%2Fwp%2Fv2%2Fcategories&post=9103"},{"taxonomy":"post_tag","embeddable":true,"href":"https:\/\/www.radiolimari.cl\/index.php?rest_route=%2Fwp%2Fv2%2Ftags&post=9103"}],"curies":[{"name":"wp","href":"https:\/\/api.w.org\/{rel}","templated":true}]}}