{"id":9100,"date":"2023-05-16T18:15:27","date_gmt":"2023-05-16T18:15:27","guid":{"rendered":"https:\/\/www.radiolimari.cl\/?p=9100"},"modified":"2023-05-16T18:15:28","modified_gmt":"2023-05-16T18:15:28","slug":"en-ovalle-con-actos-y-desfiles-conmemoraran-las-glorias-navales","status":"publish","type":"post","link":"https:\/\/www.radiolimari.cl\/?p=9100","title":{"rendered":"En Ovalle con actos y desfiles conmemorar\u00e1n las Glorias Navales."},"content":{"rendered":"\n<figure class=\"wp-block-image size-full is-resized\"><a href=\"https:\/\/www.radiolimari.cl\/wp-content\/uploads\/2023\/05\/Actos-21-de-mayo-2023-1-1.jpeg\"><img fetchpriority=\"high\" decoding=\"async\" src=\"https:\/\/www.radiolimari.cl\/wp-content\/uploads\/2023\/05\/Actos-21-de-mayo-2023-1-1.jpeg\" alt=\"\" class=\"wp-image-9101\" width=\"396\" height=\"235\" srcset=\"https:\/\/www.radiolimari.cl\/wp-content\/uploads\/2023\/05\/Actos-21-de-mayo-2023-1-1.jpeg 1024w, https:\/\/www.radiolimari.cl\/wp-content\/uploads\/2023\/05\/Actos-21-de-mayo-2023-1-1-300x179.jpeg 300w, https:\/\/www.radiolimari.cl\/wp-content\/uploads\/2023\/05\/Actos-21-de-mayo-2023-1-1-768x458.jpeg 768w\" sizes=\"(max-width: 396px) 100vw, 396px\" \/><\/a><\/figure>\n\n\n\n<p><strong><em>Las actividades se realizar\u00e1n el pr\u00f3ximo 19 de mayo y se iniciar\u00e1n con el desfile y ceremonia de homenaje de la escuela Guardiamarina Ernesto Riquelme Venegas, en la plaza de la poblaci\u00f3n 21 de mayo.<\/em><\/strong><\/p>\n\n\n\n<p>El viernes 19 de mayo, se desarrollar\u00e1n las actividades conmemorativas de las Glorias Navales en Ovalle. En primera instancia, se llevar\u00e1 a cabo el acto y desfile preparado por la escuela Guardiamarina Ernesto Riquelme Venegas, a las 10.00 horas, en el que participar\u00e1n la totalidad de los cursos del establecimiento.<\/p>\n\n\n\n<p>Posteriormente, en la Plaza Esmeralda de la poblaci\u00f3n 21 de mayo se realizar\u00e1 una ceremonia, en el marco de este hecho hist\u00f3rico, donde los estudiantes har\u00e1n una representaci\u00f3n de diversos pasajes del Combate Naval de Iquique. El acto finalizar\u00e1 con la colocaci\u00f3n de una ofrenda por parte del alcalde Jonathan Acu\u00f1a Rojas y representantes de la Armada de Chile en la imagen de Arturo Prat.<\/p>\n\n\n\n<p>Las actividades continuar\u00e1n en la alameda y en la plaza de armas, donde las autoridades locales dejar\u00e1n ofrendas en los bustos de Arturo Prat. Luego, se dar\u00e1 paso al acto oficial, a las 11.00 horas, en el principal paseo p\u00fablico de la ciudad, que se iniciar\u00e1 con la lectura de una rese\u00f1a en honor a las Glorias Navales y este hecho hist\u00f3rico de nuestro pa\u00eds, los cuales ser\u00e1n representados por alumnos y alumnas de la escuela Guardiamarina Ernesto Riquelme Venegas.<\/p>\n\n\n\n<p>En la jornada tambi\u00e9n se efectuar\u00e1 un \u201cEsquinazo\u201d, a cargo del grupo folcl\u00f3rico Magisterio que contar\u00e1 con la participaci\u00f3n de agrupaciones folcl\u00f3ricas locales. Luego, se dar\u00e1 paso al Desfile de Glorias Navales, ocasi\u00f3n donde los principales protagonistas ser\u00e1n los integrantes de los establecimientos educacionales de la comuna. Una de las novedades, en esta oportunidad, ser\u00e1 la participaci\u00f3n de las escuelas de las caletas pesqueras de la comuna, quienes por primera vez vivir\u00e1n esta experiencia. Adem\u00e1s, participar\u00e1n integrantes de la Escuela de Formaci\u00f3n Policial de Carabineros de la Regi\u00f3n Metropolitana. &nbsp;<\/p>\n\n\n\n<p>El alcalde de Ovalle, Jonathan Acu\u00f1a Rojas indic\u00f3 que es importante \u201cresaltar las fechas hist\u00f3ricas que tiene nuestro pa\u00eds, porque son parte de nuestra cultura, adem\u00e1s permite que las nuevas generaciones conozcan y se impregnen del legado que dej\u00f3 el capit\u00e1n Arturo Prat por su valent\u00eda y patriotismo a la hora de defender a nuestro pa\u00eds. Tendremos diversas actividades, por lo que invitamos a toda la comunidad a participar\u201d.<\/p>\n\n\n\n<p>Asimismo, se desarrollar\u00e1n actos conmemorativos en El Trapiche (17 de mayo, 11.00 horas), Cerrillos de Tamaya (20 de mayo, 10.00 horas) y Sotaqui (22 de mayo, 11.00 horas).<\/p>\n","protected":false},"excerpt":{"rendered":"<p>Las actividades se realizar\u00e1n el pr\u00f3ximo 19 de mayo y se iniciar\u00e1n con el desfile y ceremonia de homenaje de la escuela Guardiamarina Ernesto Riquelme Venegas, en la plaza de la poblaci\u00f3n 21 de mayo. El viernes 19 de mayo, se desarrollar\u00e1n las actividades conmemorativas de las Glorias Navales en Ovalle. En primera instancia, se &#8230;<\/p>\n","protected":false},"author":2,"featured_media":9101,"comment_status":"open","ping_status":"open","sticky":false,"template":"","format":"standard","meta":{"footnotes":""},"categories":[5],"tags":[],"class_list":["post-9100","post","type-post","status-publish","format-standard","has-post-thumbnail","hentry","category-actualidad-limarina"],"_links":{"self":[{"href":"https:\/\/www.radiolimari.cl\/index.php?rest_route=\/wp\/v2\/posts\/9100","targetHints":{"allow":["GET"]}}],"collection":[{"href":"https:\/\/www.radiolimari.cl\/index.php?rest_route=\/wp\/v2\/posts"}],"about":[{"href":"https:\/\/www.radiolimari.cl\/index.php?rest_route=\/wp\/v2\/types\/post"}],"author":[{"embeddable":true,"href":"https:\/\/www.radiolimari.cl\/index.php?rest_route=\/wp\/v2\/users\/2"}],"replies":[{"embeddable":true,"href":"https:\/\/www.radiolimari.cl\/index.php?rest_route=%2Fwp%2Fv2%2Fcomments&post=9100"}],"version-history":[{"count":1,"href":"https:\/\/www.radiolimari.cl\/index.php?rest_route=\/wp\/v2\/posts\/9100\/revisions"}],"predecessor-version":[{"id":9102,"href":"https:\/\/www.radiolimari.cl\/index.php?rest_route=\/wp\/v2\/posts\/9100\/revisions\/9102"}],"wp:featuredmedia":[{"embeddable":true,"href":"https:\/\/www.radiolimari.cl\/index.php?rest_route=\/wp\/v2\/media\/9101"}],"wp:attachment":[{"href":"https:\/\/www.radiolimari.cl\/index.php?rest_route=%2Fwp%2Fv2%2Fmedia&parent=9100"}],"wp:term":[{"taxonomy":"category","embeddable":true,"href":"https:\/\/www.radiolimari.cl\/index.php?rest_route=%2Fwp%2Fv2%2Fcategories&post=9100"},{"taxonomy":"post_tag","embeddable":true,"href":"https:\/\/www.radiolimari.cl\/index.php?rest_route=%2Fwp%2Fv2%2Ftags&post=9100"}],"curies":[{"name":"wp","href":"https:\/\/api.w.org\/{rel}","templated":true}]}}