{"id":9055,"date":"2023-05-11T21:11:11","date_gmt":"2023-05-11T21:11:11","guid":{"rendered":"https:\/\/www.radiolimari.cl\/?p=9055"},"modified":"2023-05-11T21:12:10","modified_gmt":"2023-05-11T21:12:10","slug":"actores-de-la-region-de-coquimbo-participan-en-construccion-de-la-estrategia-nacional-de-turismo-descentralizada","status":"publish","type":"post","link":"https:\/\/www.radiolimari.cl\/?p=9055","title":{"rendered":"En Ovalle actores de la regi\u00f3n de Coquimbo participan en construcci\u00f3n de la Estrategia Nacional de Turismo Descentralizada"},"content":{"rendered":"\n<figure class=\"wp-block-image size-full\"><a href=\"https:\/\/www.radiolimari.cl\/wp-content\/uploads\/2023\/05\/Foto-A.png\"><img fetchpriority=\"high\" decoding=\"async\" width=\"783\" height=\"573\" src=\"https:\/\/www.radiolimari.cl\/wp-content\/uploads\/2023\/05\/Foto-A.png\" alt=\"\" class=\"wp-image-9056\" srcset=\"https:\/\/www.radiolimari.cl\/wp-content\/uploads\/2023\/05\/Foto-A.png 783w, https:\/\/www.radiolimari.cl\/wp-content\/uploads\/2023\/05\/Foto-A-300x220.png 300w, https:\/\/www.radiolimari.cl\/wp-content\/uploads\/2023\/05\/Foto-A-768x562.png 768w\" sizes=\"(max-width: 783px) 100vw, 783px\" \/><\/a><\/figure>\n\n\n\n<p><em>Durante el segundo semestre de este a\u00f1o se entregar\u00e1 una primera propuesta, que recoger\u00e1 las impresiones de todas las regiones del pa\u00eds para fortalecer el sector como una industria sostenible, incorporando tem\u00e1ticas como cambio clim\u00e1tico, equidad, inclusi\u00f3n e igualdad de g\u00e9nero.<\/em><\/p>\n\n\n\n<p>El Museo del Limar\u00ed, en la comuna de Ovalle, fue el escenario del segundo taller en Chile del piloto para la elaboraci\u00f3n de la Estrategia Nacional de Turismo Descentralizada, iniciativa que ejecuta la Subsecretar\u00eda de Turismo y el Programa de las Naciones Unidas para el Desarrollo (PNUD), y que busca el desarrollo de los destinos tur\u00edsticos, en conjunto con los diferentes gremios, as\u00ed como tambi\u00e9n los actores de la sociedad civil y las comunidades.<\/p>\n\n\n\n<p>\u201cQueremos elaborar una hoja de ruta para todos los actores involucrados en la industria, considerando como eje principal la descentralizaci\u00f3n y las caracter\u00edsticas propias de las localidades y territorios, como cambio clim\u00e1tico, equidad, inclusi\u00f3n e igualdad de g\u00e9nero para generar un impacto positivo en las comunidades locales\u201d, dijo la seremi de Econom\u00eda, P\u00eda Castillo.<\/p>\n\n\n\n<p>La propuesta considera tres fases. La primera consistir\u00e1 en actualizar los diagn\u00f3sticos existentes y caracterizar el escenario tur\u00edstico a nivel regional y nacional, a trav\u00e9s de entrevistas y encuestas a actores claves. La segunda ser\u00e1 de elaboraci\u00f3n de una propuesta preliminar con un dise\u00f1o participativo, mediante talleres presenciales y online. Finalmente, en la tercera etapa, se validar\u00e1 la participaci\u00f3n y se realizar\u00e1n ajustes a la propuesta.<\/p>\n\n\n\n<p>Harry Estay, jefe de la Divisi\u00f3n de Estudios y Territorios de la Subsecretar\u00eda de Turismo, destac\u00f3 la alta convocatoria del taller realizado en la capital del Limar\u00ed y agreg\u00f3 que los actores \u201cdestacaron los distintos elementos que tiene la regi\u00f3n para potenciar el turismo como un eje de desarrollo econ\u00f3mico y social\u201d. \u201cEstamos muy contentos con los resultados, los cuales esperamos tener el segundo semestre de este a\u00f1o. Es una regi\u00f3n que tiene todas las condiciones para convertirse en el principal polo tur\u00edstico del pa\u00eds\u201d, a\u00f1adi\u00f3.<\/p>\n\n\n\n<p>La directora de Sernatur Coquimbo, Ang\u00e9lica Funes, explic\u00f3 que la Estrategia Nacional de Turismo Descentralizada es una mirada a largo plazo, \u201cinscrita en un proceso participativo y de consulta, con la academia y todos los actores que trabajan en el \u00e1mbito del turismo, abriendo una oportunidad de traer un desarrollo m\u00e1s sostenible y crear oportunidades para este sector\u201d.<\/p>\n\n\n\n<p>En tanto, Galo Luna, delegado Presidencial Provincial del Limar\u00ed, sostuvo que es una buena se\u00f1al y un gesto a la descentralizaci\u00f3n, \u201cdesarrollar este proyecto que viene a generar un lineamiento y planificaci\u00f3n para poder potenciar el turismo en todos los sectores y localidades, en distintos destinos de cada provincia\u201d. \u201cEstamos con la camiseta puesta del turismo, porque es una alternativa de desarrollo econ\u00f3mico sustentable, sostenible y que genera cultura e identidad local\u201d, a\u00f1adi\u00f3.<\/p>\n\n\n\n<p><strong>Actores<\/strong><\/p>\n\n\n\n<p>Mar\u00eda Antonieta Z\u00fa\u00f1iga, gerente del proyecto asociativo Barrio del Mar, coment\u00f3 que la oportunidad ayud\u00f3 a \u201clevantar las brechas que existen en materia de turismo, y los desaf\u00edos y sue\u00f1os para el desarrollo de esta industria, de manera sectorial, y con una mirada de cada uno de los territorios, con las particularidades que \u00e9stos tienen\u201d.<\/p>\n\n\n\n<p>Para Laura Cerda, presidenta de la C\u00e1mara de Turismo de la regi\u00f3n de Coquimbo la instancia fue un bot\u00f3n de muestra de la descentralizaci\u00f3n: \u201cestoy contenta porque hay representatividad a nivel regional, con gente y empresarios de Choapa, Limar\u00ed y Elqui, que se la est\u00e1n jugando por reactivar el turismo, y con una intenci\u00f3n de por fin tener una pol\u00edtica de turismo a nivel nacional\u201d.<\/p>\n\n\n\n<p>\u201cEsperamos que siga adelante y se concrete esta estrategia en un corto plazo. Quedo con la sensaci\u00f3n que hay un compromiso a nivel nacional de parte de las autoridades\u201d, finaliz\u00f3 Brisa Godoy, presidenta de la Asociaci\u00f3n Gremial Choapa Profundo de Salamanca.<\/p>\n","protected":false},"excerpt":{"rendered":"<p>Durante el segundo semestre de este a\u00f1o se entregar\u00e1 una primera propuesta, que recoger\u00e1 las impresiones de todas las regiones del pa\u00eds para fortalecer el sector como una industria sostenible, incorporando tem\u00e1ticas como cambio clim\u00e1tico, equidad, inclusi\u00f3n e igualdad de g\u00e9nero. El Museo del Limar\u00ed, en la comuna de Ovalle, fue el escenario del segundo &#8230;<\/p>\n","protected":false},"author":2,"featured_media":9056,"comment_status":"open","ping_status":"open","sticky":false,"template":"","format":"standard","meta":{"footnotes":""},"categories":[5],"tags":[],"class_list":["post-9055","post","type-post","status-publish","format-standard","has-post-thumbnail","hentry","category-actualidad-limarina"],"_links":{"self":[{"href":"https:\/\/www.radiolimari.cl\/index.php?rest_route=\/wp\/v2\/posts\/9055","targetHints":{"allow":["GET"]}}],"collection":[{"href":"https:\/\/www.radiolimari.cl\/index.php?rest_route=\/wp\/v2\/posts"}],"about":[{"href":"https:\/\/www.radiolimari.cl\/index.php?rest_route=\/wp\/v2\/types\/post"}],"author":[{"embeddable":true,"href":"https:\/\/www.radiolimari.cl\/index.php?rest_route=\/wp\/v2\/users\/2"}],"replies":[{"embeddable":true,"href":"https:\/\/www.radiolimari.cl\/index.php?rest_route=%2Fwp%2Fv2%2Fcomments&post=9055"}],"version-history":[{"count":2,"href":"https:\/\/www.radiolimari.cl\/index.php?rest_route=\/wp\/v2\/posts\/9055\/revisions"}],"predecessor-version":[{"id":9058,"href":"https:\/\/www.radiolimari.cl\/index.php?rest_route=\/wp\/v2\/posts\/9055\/revisions\/9058"}],"wp:featuredmedia":[{"embeddable":true,"href":"https:\/\/www.radiolimari.cl\/index.php?rest_route=\/wp\/v2\/media\/9056"}],"wp:attachment":[{"href":"https:\/\/www.radiolimari.cl\/index.php?rest_route=%2Fwp%2Fv2%2Fmedia&parent=9055"}],"wp:term":[{"taxonomy":"category","embeddable":true,"href":"https:\/\/www.radiolimari.cl\/index.php?rest_route=%2Fwp%2Fv2%2Fcategories&post=9055"},{"taxonomy":"post_tag","embeddable":true,"href":"https:\/\/www.radiolimari.cl\/index.php?rest_route=%2Fwp%2Fv2%2Ftags&post=9055"}],"curies":[{"name":"wp","href":"https:\/\/api.w.org\/{rel}","templated":true}]}}