{"id":9039,"date":"2023-05-10T01:50:12","date_gmt":"2023-05-10T01:50:12","guid":{"rendered":"https:\/\/www.radiolimari.cl\/?p=9039"},"modified":"2023-05-10T01:50:13","modified_gmt":"2023-05-10T01:50:13","slug":"amplian-plazo-hasta-el-22-de-mayo-para-postular-a-los-fondos-concursables-del-gobierno-regional","status":"publish","type":"post","link":"https:\/\/www.radiolimari.cl\/?p=9039","title":{"rendered":"Ampl\u00edan plazo hasta el 22 de mayo para postular a los Fondos Concursables del Gobierno Regional\u00a0"},"content":{"rendered":"\n<figure class=\"wp-block-image size-large\"><a href=\"https:\/\/www.radiolimari.cl\/wp-content\/uploads\/2023\/05\/IMG-20230509-WA0014.jpg\"><img fetchpriority=\"high\" decoding=\"async\" width=\"819\" height=\"1024\" src=\"https:\/\/www.radiolimari.cl\/wp-content\/uploads\/2023\/05\/IMG-20230509-WA0014-819x1024.jpg\" alt=\"\" class=\"wp-image-9040\" srcset=\"https:\/\/www.radiolimari.cl\/wp-content\/uploads\/2023\/05\/IMG-20230509-WA0014-819x1024.jpg 819w, https:\/\/www.radiolimari.cl\/wp-content\/uploads\/2023\/05\/IMG-20230509-WA0014-240x300.jpg 240w, https:\/\/www.radiolimari.cl\/wp-content\/uploads\/2023\/05\/IMG-20230509-WA0014-768x960.jpg 768w, https:\/\/www.radiolimari.cl\/wp-content\/uploads\/2023\/05\/IMG-20230509-WA0014.jpg 1126w\" sizes=\"(max-width: 819px) 100vw, 819px\" \/><\/a><\/figure>\n\n\n\n<p><strong>Organizaciones sociales privadas sin fines de lucro podr\u00e1n postular a las l\u00edneas tradicionales de Cultura, Deportes, Seguridad Ciudadana, Social y Medio Ambiente, Cuidado de la Infancia, Adolescencia, Juventud y del Adulto Mayor.<\/strong><\/p>\n\n\n\n<p>M\u00e1s de $6.600 millones destin\u00f3 este a\u00f1o el Gobierno Regional para que organizaciones sociales privadas sin fines de lucro puedan postular a los Fondos Concursables vigentes hasta este 22 de mayo a las 13:00 horas, por lo que se refuerza el llamado a ingresar al sitio oficial&nbsp;<a href=\"http:\/\/www.gorecoquimbo.cl\/\" target=\"_blank\" rel=\"noreferrer noopener\">www.gorecoquimbo.cl<\/a>&nbsp;y seguir las bases de las distintas l\u00edneas tradicionales. &nbsp;<\/p>\n\n\n\n<p>La invitaci\u00f3n queda hecha para seguir postulando a estos fondos que benefician a juntas de vecinos, clubes deportivos, clubes de adultos mayores y todos quienes cumplan los requisitos establecidos. &nbsp;<\/p>\n\n\n\n<p>\u201cComo Gobierno Regional queremos ampliar a\u00fan m\u00e1s el plazo para que las organizaciones que no han postulado o que por distintos motivos no alcanzaron a terminar el proceso de postulaci\u00f3n lo hagan. Para nuestra Gobernadora, Krist Naranjo, es relevante que m\u00e1s organizaciones postulen a los fondos disponibles y puedan ejecutar acciones que beneficien a sus entornos y comunidades. Hacemos un llamado a que ingresen a nuestra p\u00e1gina web y a que descarguen las bases y que postulen a las distintas l\u00edneas de fondos que tenemos este 2023\u201d, afirm\u00f3 Karina Aguirre, administradora regional. &nbsp;<\/p>\n\n\n\n<p>Cabe recordar que, los Fondos Concursables del Gobierno Regional fueron lanzados oficialmente el 16 de marzo y, paralelo a esto, se dio inicio al proceso de capacitaci\u00f3n presencial y online por parte de profesionales de la Divisi\u00f3n de Desarrollo Social y Humano (DIDESOH) del Gobierno Regional. &nbsp;<\/p>\n\n\n\n<p>As\u00ed lo explic\u00f3 Pablo Riveros, jefe de Divisi\u00f3n de Desarrollo Social y Humano, \u201cla idea es que las personas y todos los postulantes en general tengan la certeza que nosotros como Gobierno Regional vamos a dar respuesta a sus inquietudes, ya sea de manera presencial, de manera telef\u00f3nica o a trav\u00e9s del correo. Adem\u00e1s, todos los datos tambi\u00e9n se pueden revisar en la p\u00e1gina&nbsp;<a href=\"http:\/\/gorecoquimbo.cl\/\" target=\"_blank\" rel=\"noreferrer noopener\">gorecoquimbo.cl<\/a>&nbsp;en la secci\u00f3n Fondos Concursables\u201d.&nbsp;&nbsp;&nbsp;<\/p>\n\n\n\n<p>Efectivamente, a trav\u00e9s de esta plataforma oficial y redes sociales del Gobierno Regional, se podr\u00e1 encontrar informaci\u00f3n respecto a las distintas l\u00edneas de financiamiento para proyectos relacionados con Deportes, Cultura, Seguridad Ciudadana, Social, Medio Ambiente y tambi\u00e9n de los nuevos fondos para el Cuidado de la Infancia, Adolescencia, Juventud y del Adulto Mayor.&nbsp;<\/p>\n\n\n\n<p><strong>\u00bfQui\u00e9nes pueden postular?&nbsp;<\/strong><\/p>\n\n\n\n<p>Organizaciones sociales privadas sin fines de lucro que posean una antig\u00fcedad no inferior a un a\u00f1o, que tengan personalidad jur\u00eddica vigente, inscritas y actualizadas en el Registro Central e Colaboradores del Estado (<a href=\"http:\/\/www.resgistros19862.cl\/\" target=\"_blank\" rel=\"noreferrer noopener\">www.resgistros19862.cl<\/a>), que desarrollen proyectos dirigidos a beneficiar a la regi\u00f3n y sus habitantes, entre otros requerimientos. &nbsp;<\/p>\n\n\n\n<p><strong>Contactos &nbsp;<\/strong><\/p>\n\n\n\n<p>Para consultas directas sobre las bases y proceso de postulaci\u00f3n escribir al correo&nbsp;<a href=\"mailto:fondos_concursables@gorecoquimbo.cl\" target=\"_blank\" rel=\"noreferrer noopener\">fondos_concursables@gorecoquimbo.cl<\/a>&nbsp;o al fono 51-2332108.<\/p>\n","protected":false},"excerpt":{"rendered":"<p>Organizaciones sociales privadas sin fines de lucro podr\u00e1n postular a las l\u00edneas tradicionales de Cultura, Deportes, Seguridad Ciudadana, Social y Medio Ambiente, Cuidado de la Infancia, Adolescencia, Juventud y del Adulto Mayor. M\u00e1s de $6.600 millones destin\u00f3 este a\u00f1o el Gobierno Regional para que organizaciones sociales privadas sin fines de lucro puedan postular a los &#8230;<\/p>\n","protected":false},"author":2,"featured_media":9040,"comment_status":"open","ping_status":"open","sticky":false,"template":"","format":"standard","meta":{"footnotes":""},"categories":[6],"tags":[],"class_list":["post-9039","post","type-post","status-publish","format-standard","has-post-thumbnail","hentry","category-regionales"],"_links":{"self":[{"href":"https:\/\/www.radiolimari.cl\/index.php?rest_route=\/wp\/v2\/posts\/9039","targetHints":{"allow":["GET"]}}],"collection":[{"href":"https:\/\/www.radiolimari.cl\/index.php?rest_route=\/wp\/v2\/posts"}],"about":[{"href":"https:\/\/www.radiolimari.cl\/index.php?rest_route=\/wp\/v2\/types\/post"}],"author":[{"embeddable":true,"href":"https:\/\/www.radiolimari.cl\/index.php?rest_route=\/wp\/v2\/users\/2"}],"replies":[{"embeddable":true,"href":"https:\/\/www.radiolimari.cl\/index.php?rest_route=%2Fwp%2Fv2%2Fcomments&post=9039"}],"version-history":[{"count":1,"href":"https:\/\/www.radiolimari.cl\/index.php?rest_route=\/wp\/v2\/posts\/9039\/revisions"}],"predecessor-version":[{"id":9041,"href":"https:\/\/www.radiolimari.cl\/index.php?rest_route=\/wp\/v2\/posts\/9039\/revisions\/9041"}],"wp:featuredmedia":[{"embeddable":true,"href":"https:\/\/www.radiolimari.cl\/index.php?rest_route=\/wp\/v2\/media\/9040"}],"wp:attachment":[{"href":"https:\/\/www.radiolimari.cl\/index.php?rest_route=%2Fwp%2Fv2%2Fmedia&parent=9039"}],"wp:term":[{"taxonomy":"category","embeddable":true,"href":"https:\/\/www.radiolimari.cl\/index.php?rest_route=%2Fwp%2Fv2%2Fcategories&post=9039"},{"taxonomy":"post_tag","embeddable":true,"href":"https:\/\/www.radiolimari.cl\/index.php?rest_route=%2Fwp%2Fv2%2Ftags&post=9039"}],"curies":[{"name":"wp","href":"https:\/\/api.w.org\/{rel}","templated":true}]}}