{"id":9032,"date":"2023-05-08T18:32:20","date_gmt":"2023-05-08T18:32:20","guid":{"rendered":"https:\/\/www.radiolimari.cl\/?p=9032"},"modified":"2023-05-08T18:33:22","modified_gmt":"2023-05-08T18:33:22","slug":"17-anos-de-vida-esta-celebrando-la-villa-manuel-lobos-de-ovalle","status":"publish","type":"post","link":"https:\/\/www.radiolimari.cl\/?p=9032","title":{"rendered":"17 a\u00f1os de vida est\u00e1 celebrando la Villa Manuel Lobos de Ovalle"},"content":{"rendered":"\n<figure class=\"wp-block-image size-large\"><a href=\"https:\/\/www.radiolimari.cl\/wp-content\/uploads\/2023\/05\/Aniversario-17-de-la-Villa-Manuel-Lobos-12.jpg\"><img fetchpriority=\"high\" decoding=\"async\" width=\"1024\" height=\"766\" src=\"https:\/\/www.radiolimari.cl\/wp-content\/uploads\/2023\/05\/Aniversario-17-de-la-Villa-Manuel-Lobos-12-1024x766.jpg\" alt=\"\" class=\"wp-image-9033\" srcset=\"https:\/\/www.radiolimari.cl\/wp-content\/uploads\/2023\/05\/Aniversario-17-de-la-Villa-Manuel-Lobos-12-1024x766.jpg 1024w, https:\/\/www.radiolimari.cl\/wp-content\/uploads\/2023\/05\/Aniversario-17-de-la-Villa-Manuel-Lobos-12-300x224.jpg 300w, https:\/\/www.radiolimari.cl\/wp-content\/uploads\/2023\/05\/Aniversario-17-de-la-Villa-Manuel-Lobos-12-768x575.jpg 768w, https:\/\/www.radiolimari.cl\/wp-content\/uploads\/2023\/05\/Aniversario-17-de-la-Villa-Manuel-Lobos-12-1536x1149.jpg 1536w, https:\/\/www.radiolimari.cl\/wp-content\/uploads\/2023\/05\/Aniversario-17-de-la-Villa-Manuel-Lobos-12-2048x1532.jpg 2048w\" sizes=\"(max-width: 1024px) 100vw, 1024px\" \/><\/a><\/figure>\n\n\n\n<p><strong><em>El alcalde Jonathan Acu\u00f1a Rojas comparti\u00f3 una especial jornada con los vecinos de esta zona residencial, ubicada en la parte baja de la capital limarina, e indic\u00f3 que el municipio local apoyar\u00e1 todas las iniciativas que apunten a mejorar la calidad de vida de las personas.<\/em><\/strong><\/p>\n\n\n\n<p>Un momento muy especial est\u00e1n viviendo los residentes de la Villa Manuel Lobos, quienes est\u00e1n celebrando 17 a\u00f1os, desde que recibieron las llaves de sus viviendas y cumplieron el sue\u00f1o de la casa propia. Desde ese momento, los vecinos comenzaron un camino para lograr crecer y mejorar su calidad de vida y han obtenido importantes avances, entre ellos, una nueva sede social y una multicancha bien equipada, gracias al programa DS27 del ministerio de Vivienda y Urbanismo, a lo que se suma una nueva plazoleta, que fue postulada por el municipio local y financiada con recursos del Gobierno Regional.<\/p>\n\n\n\n<p>Al respecto, la presidenta de la junta de vecinos de la villa Manuel Lobos, Ivania Garc\u00eda sostuvo que \u201ces muy importante celebrar esta fecha, porque nos reunimos por primera vez despu\u00e9s de la pandemia y esto nos permite hacer un balance del crecimiento que hemos tenido como villa en el transcurso de estos 17 a\u00f1os, porque contamos con m\u00e1s \u00e1reas verdes y comunitarias\u201d. En lo referente a los pr\u00f3ximos desaf\u00edos, estos apuntan al mejoramiento de la sensaci\u00f3n de seguridad de los vecinos. \u201cQueremos contar con la mayor cantidad de c\u00e1maras de televigilancia y completar los sectores que faltan con el sistema de alarmas comunitarias\u201d.<\/p>\n\n\n\n<p>El alcalde de Ovalle, Jonathan Acu\u00f1a Rojas comparti\u00f3 una jornada de celebraci\u00f3n y camarader\u00eda e indic\u00f3 que es importante \u201cestar presente en este tipo de instancias tan importantes y significativas para los vecinos. Adem\u00e1s, de esta forma le entregamos un respaldo a sus representantes y el apoyo que requieren para lograr cosas importantes para la Villa Manuel Lobos, porque nuestra idea como administraci\u00f3n municipal es estar m\u00e1s cerca de nuestras organizaciones sociales y en general de nuestra gente\u201d.<\/p>\n\n\n\n<p>Durante la jornada la primera autoridad comunal le entreg\u00f3 un presente a la junta de vecinos, en el marco de su aniversario 17, quienes, posteriormente disfrutaron de un baile que fue amenizado por el grupo de cumbia ranchera Fuerza Rebelde.<\/p>\n","protected":false},"excerpt":{"rendered":"<p>El alcalde Jonathan Acu\u00f1a Rojas comparti\u00f3 una especial jornada con los vecinos de esta zona residencial, ubicada en la parte baja de la capital limarina, e indic\u00f3 que el municipio local apoyar\u00e1 todas las iniciativas que apunten a mejorar la calidad de vida de las personas. Un momento muy especial est\u00e1n viviendo los residentes de &#8230;<\/p>\n","protected":false},"author":2,"featured_media":9033,"comment_status":"open","ping_status":"open","sticky":false,"template":"","format":"standard","meta":{"footnotes":""},"categories":[5],"tags":[],"class_list":["post-9032","post","type-post","status-publish","format-standard","has-post-thumbnail","hentry","category-actualidad-limarina"],"_links":{"self":[{"href":"https:\/\/www.radiolimari.cl\/index.php?rest_route=\/wp\/v2\/posts\/9032","targetHints":{"allow":["GET"]}}],"collection":[{"href":"https:\/\/www.radiolimari.cl\/index.php?rest_route=\/wp\/v2\/posts"}],"about":[{"href":"https:\/\/www.radiolimari.cl\/index.php?rest_route=\/wp\/v2\/types\/post"}],"author":[{"embeddable":true,"href":"https:\/\/www.radiolimari.cl\/index.php?rest_route=\/wp\/v2\/users\/2"}],"replies":[{"embeddable":true,"href":"https:\/\/www.radiolimari.cl\/index.php?rest_route=%2Fwp%2Fv2%2Fcomments&post=9032"}],"version-history":[{"count":2,"href":"https:\/\/www.radiolimari.cl\/index.php?rest_route=\/wp\/v2\/posts\/9032\/revisions"}],"predecessor-version":[{"id":9035,"href":"https:\/\/www.radiolimari.cl\/index.php?rest_route=\/wp\/v2\/posts\/9032\/revisions\/9035"}],"wp:featuredmedia":[{"embeddable":true,"href":"https:\/\/www.radiolimari.cl\/index.php?rest_route=\/wp\/v2\/media\/9033"}],"wp:attachment":[{"href":"https:\/\/www.radiolimari.cl\/index.php?rest_route=%2Fwp%2Fv2%2Fmedia&parent=9032"}],"wp:term":[{"taxonomy":"category","embeddable":true,"href":"https:\/\/www.radiolimari.cl\/index.php?rest_route=%2Fwp%2Fv2%2Fcategories&post=9032"},{"taxonomy":"post_tag","embeddable":true,"href":"https:\/\/www.radiolimari.cl\/index.php?rest_route=%2Fwp%2Fv2%2Ftags&post=9032"}],"curies":[{"name":"wp","href":"https:\/\/api.w.org\/{rel}","templated":true}]}}