{"id":9023,"date":"2023-05-07T01:14:05","date_gmt":"2023-05-07T01:14:05","guid":{"rendered":"https:\/\/www.radiolimari.cl\/?p=9023"},"modified":"2023-05-07T01:14:05","modified_gmt":"2023-05-07T01:14:05","slug":"matheus-pucinelli-se-llevo-el-titulo-campeon-del-challenger-dove-mancare-de-coquimbo","status":"publish","type":"post","link":"https:\/\/www.radiolimari.cl\/?p=9023","title":{"rendered":"Matheus Pucinelli se llev\u00f3 el t\u00edtulo Campe\u00f3n del Challenger Dove Man+Care de Coquimbo"},"content":{"rendered":"\n<figure class=\"wp-block-image size-large\"><a href=\"https:\/\/www.radiolimari.cl\/wp-content\/uploads\/2023\/05\/Matheus-PucinelliCampeon.jpeg\"><img fetchpriority=\"high\" decoding=\"async\" width=\"1024\" height=\"683\" src=\"https:\/\/www.radiolimari.cl\/wp-content\/uploads\/2023\/05\/Matheus-PucinelliCampeon-1024x683.jpeg\" alt=\"\" class=\"wp-image-9024\" srcset=\"https:\/\/www.radiolimari.cl\/wp-content\/uploads\/2023\/05\/Matheus-PucinelliCampeon-1024x683.jpeg 1024w, https:\/\/www.radiolimari.cl\/wp-content\/uploads\/2023\/05\/Matheus-PucinelliCampeon-300x200.jpeg 300w, https:\/\/www.radiolimari.cl\/wp-content\/uploads\/2023\/05\/Matheus-PucinelliCampeon-768x512.jpeg 768w, https:\/\/www.radiolimari.cl\/wp-content\/uploads\/2023\/05\/Matheus-PucinelliCampeon.jpeg 1368w\" sizes=\"(max-width: 1024px) 100vw, 1024px\" \/><\/a><\/figure>\n\n\n\n<p><em>En una gran final, el brasile\u00f1o derrot\u00f3 en dos \u00a0sets a tres a su compatriota \u00a0Joao Reis da Silva\u00a0 y sum\u00f3 su\u00a0 primer t\u00edtulo de este a\u00f1o.<\/em><\/p>\n\n\n\n<p>Una definici\u00f3n electrizante, en donde cualquiera podr\u00eda quedarse con el t\u00edtulo y tras tres horas y media juego, se vivi\u00f3 la tarde de este s\u00e1bado en el Challenger Dove Man+Care Coquimbo y que coron\u00f3 como flamante ganador a Matheus Picunelli de Almeida, al superar a&nbsp; Joao Reis da Silva, por 7-6, 6-7 y 6-4.<\/p>\n\n\n\n<p>El debutante en un certamen Challenger, con 22 a\u00f1os, enfrent\u00f3 a un rival que no dio espacio en ning\u00fan momento, con quien lleva jugando desde los 14 a\u00f1os y que hoy lo derrot\u00f3, poniendo su mejor juego y cabeza fr\u00eda en todo momento.<\/p>\n\n\n\n<p><strong><em>\u201cFueron muchos partidos y hoy un partido dur\u00edsimo, con un gran amigo, muy bueno estar en la cancha con \u00e9l y muy feliz con este primer t\u00edtulo, espero vengan m\u00e1s. Me sent\u00ed muy bien en la cancha, gracias a todos los que se quedaron a ver muchas horas de tenis\u201d,&nbsp;<\/em><\/strong>se\u00f1al\u00f3 Matheus Pucinelli de Almeida.<\/p>\n\n\n\n<p>En cuanto al partido, los dos primeros sets se definieron por tie-break, el primero de ellos Pucinelli mostrando ace certeros y golpes que hac\u00edan mover a Reis Da Silva de un lado a otro de la cancha, fue superior por un contundente 7-1. Luego en el segundo set, al llegar igualados de 6, vino nuevamente el tie-break, pero esta vez, fue Reis da Silva, que supo llegar a todos los golpes, qued\u00e1ndose con el set 7-4. Ya en el tercer set, cada punto, el cansancio y el nivel de ambos jugadores, fueron disputando punto a punto, haciendo que el partido que hasta ese momento llevaba m\u00e1s de tres horas jugadas, se siguiera extendiendo.<\/p>\n\n\n\n<p>Finalmente, en cerca de media hora, Puccinelli se qued\u00f3 con el partido, ganando 6-4, con un Reis Da Silva que lo puso en jaque en m\u00e1s de cuatro sets points.<\/p>\n\n\n\n<p>El Challenger Coquimbo entreg\u00f3 al ganador en singles 50 puntos ATP y un premio de $5.500 d\u00f3lares, para el otro finalista 30 puntos y un premio de U$3.260 d\u00f3lares. Es as\u00ed que Pucinelli aparecer\u00e1 en el puesto 247 y 259 Reis da Silva.<\/p>\n\n\n\n<p><strong>Dobles<\/strong><\/p>\n\n\n\n<p>Mas temprano se jug\u00f3 la final de dobles, que le dio el t\u00edtulo de campeones a la dupla conformada por Murkel Dellien (BOL) &nbsp;y Valerio Aboain (ARG) ,que superaron por 6-4 y 6-1 a&nbsp; Tom\u00e1s Farjat (ARG) y Facundo Ju\u00e1rez (ITA). Los ganadores sumaron 50 puntos ATP y un premio por U$2.130 d\u00f3lares.<\/p>\n\n\n\n<p>En cuanto al balance del torneo, Horacio de la Pe\u00f1a, organizador del Challenger Coquimbo, &nbsp;se mostr\u00f3 feliz de lo vivido durante esta semana en el puerto.&nbsp;<strong><em>\u201cEs incre\u00edble la oportunidad que le da el torneo Dove Man+Care a estos chicos, como la sufren, la disfrutan. Ac\u00e1 se vio lo bien que le est\u00e1 haciendo el circuito al tenis sudamericano, uno de ellos acaba de ganar su primer Challenger y como dijo, este sin duda va a hacer uno de muchos m\u00e1s, y eso es lo que queremos que transmita este torneo\u201d.<\/em><\/strong><\/p>\n\n\n\n<p>De la Pe\u00f1a anunci\u00f3 adem\u00e1s que se vienen otros Challenger para Chile, en Antofagasta se realizar\u00e1 la semana del 16 de octubre, luego se trasladan a Temuco el 20 de noviembre y terminan en Villarrica, la semana del 27 del mismo mes.&nbsp;<strong><em>\u201cVamos a tener tres grandes torneos, de categor\u00edas 100 y muy contentos, porque el tenis chileno va a tener la oportunidad de no solo de tener grandes tornos, sino tambi\u00e9n a parte, los dos \u00faltimos van a ser en cacha r\u00e1pida, para poder prepararse para Australia\u201d<\/em><\/strong>, puntualiz\u00f3 el ex tenista. &nbsp;<\/p>\n","protected":false},"excerpt":{"rendered":"<p>En una gran final, el brasile\u00f1o derrot\u00f3 en dos \u00a0sets a tres a su compatriota \u00a0Joao Reis da Silva\u00a0 y sum\u00f3 su\u00a0 primer t\u00edtulo de este a\u00f1o. Una definici\u00f3n electrizante, en donde cualquiera podr\u00eda quedarse con el t\u00edtulo y tras tres horas y media juego, se vivi\u00f3 la tarde de este s\u00e1bado en el Challenger &#8230;<\/p>\n","protected":false},"author":2,"featured_media":9024,"comment_status":"open","ping_status":"open","sticky":false,"template":"","format":"standard","meta":{"footnotes":""},"categories":[3],"tags":[],"class_list":["post-9023","post","type-post","status-publish","format-standard","has-post-thumbnail","hentry","category-actualidad"],"_links":{"self":[{"href":"https:\/\/www.radiolimari.cl\/index.php?rest_route=\/wp\/v2\/posts\/9023","targetHints":{"allow":["GET"]}}],"collection":[{"href":"https:\/\/www.radiolimari.cl\/index.php?rest_route=\/wp\/v2\/posts"}],"about":[{"href":"https:\/\/www.radiolimari.cl\/index.php?rest_route=\/wp\/v2\/types\/post"}],"author":[{"embeddable":true,"href":"https:\/\/www.radiolimari.cl\/index.php?rest_route=\/wp\/v2\/users\/2"}],"replies":[{"embeddable":true,"href":"https:\/\/www.radiolimari.cl\/index.php?rest_route=%2Fwp%2Fv2%2Fcomments&post=9023"}],"version-history":[{"count":1,"href":"https:\/\/www.radiolimari.cl\/index.php?rest_route=\/wp\/v2\/posts\/9023\/revisions"}],"predecessor-version":[{"id":9025,"href":"https:\/\/www.radiolimari.cl\/index.php?rest_route=\/wp\/v2\/posts\/9023\/revisions\/9025"}],"wp:featuredmedia":[{"embeddable":true,"href":"https:\/\/www.radiolimari.cl\/index.php?rest_route=\/wp\/v2\/media\/9024"}],"wp:attachment":[{"href":"https:\/\/www.radiolimari.cl\/index.php?rest_route=%2Fwp%2Fv2%2Fmedia&parent=9023"}],"wp:term":[{"taxonomy":"category","embeddable":true,"href":"https:\/\/www.radiolimari.cl\/index.php?rest_route=%2Fwp%2Fv2%2Fcategories&post=9023"},{"taxonomy":"post_tag","embeddable":true,"href":"https:\/\/www.radiolimari.cl\/index.php?rest_route=%2Fwp%2Fv2%2Ftags&post=9023"}],"curies":[{"name":"wp","href":"https:\/\/api.w.org\/{rel}","templated":true}]}}