{"id":9004,"date":"2023-05-04T17:13:52","date_gmt":"2023-05-04T17:13:52","guid":{"rendered":"https:\/\/www.radiolimari.cl\/?p=9004"},"modified":"2023-05-04T17:13:53","modified_gmt":"2023-05-04T17:13:53","slug":"en-la-ciudad-de-ovalle-ninos-ninas-y-adolescentes-se-reunen-en-primer-encuentro-local-de-participacion","status":"publish","type":"post","link":"https:\/\/www.radiolimari.cl\/?p=9004","title":{"rendered":"En la ciudad de Ovalle ni\u00f1os, ni\u00f1as y adolescentes se re\u00fanen en primer encuentro local de participaci\u00f3n"},"content":{"rendered":"\n<figure class=\"wp-block-image size-large\"><a href=\"https:\/\/www.radiolimari.cl\/wp-content\/uploads\/2023\/05\/4.jpg\"><img fetchpriority=\"high\" decoding=\"async\" width=\"1024\" height=\"683\" src=\"https:\/\/www.radiolimari.cl\/wp-content\/uploads\/2023\/05\/4-1024x683.jpg\" alt=\"\" class=\"wp-image-9005\" srcset=\"https:\/\/www.radiolimari.cl\/wp-content\/uploads\/2023\/05\/4-1024x683.jpg 1024w, https:\/\/www.radiolimari.cl\/wp-content\/uploads\/2023\/05\/4-300x200.jpg 300w, https:\/\/www.radiolimari.cl\/wp-content\/uploads\/2023\/05\/4-768x512.jpg 768w, https:\/\/www.radiolimari.cl\/wp-content\/uploads\/2023\/05\/4.jpg 1280w\" sizes=\"(max-width: 1024px) 100vw, 1024px\" \/><\/a><\/figure>\n\n\n\n<p><em>Con la presencia de m\u00e1s de 30 ni\u00f1os, ni\u00f1as y \u00a0adolescentes que forman parte de programas del Servicio Nacional de Protecci\u00f3n Especializada a la Ni\u00f1ez y Adolescencia de la comuna de Ovalle, se llev\u00f3 a cabo el primer encuentro local de participaci\u00f3n del a\u00f1o 2023.<\/em><\/p>\n\n\n\n<p><em>\u201cMe parece bastante importante que los ni\u00f1os participemos en estos espacios para yo poder levantar la voz por ellos y poder informar las necesidades que ellos tienen\u201d.<\/em><em><\/em><\/p>\n\n\n\n<p>Destac\u00f3 una de las participantes de esta iniciativa y quien adem\u00e1s es representante en el Consejo Nacional Asesor de Ni\u00f1os y Adolescentes, de la actividad organizada por la Direcci\u00f3n Regional del Servicio Nacional de Protecci\u00f3n Especializada a la Ni\u00f1ez y Adolescencia, con el apoyo de la Ilustre Municipalidad de Ovalle y que convoc\u00f3 a m\u00e1s de 30 ni\u00f1os y ni\u00f1as, que reciben servicios atenci\u00f3n especializada en proyectos, ambulatorios y residenciales de la red proteccional.<\/p>\n\n\n\n<p>El Analista de la Unidad de Participaci\u00f3n de Ni\u00f1os, Ni\u00f1as y Adolescentes del Servicio Nacional de Protecci\u00f3n Especializada a la Ni\u00f1ez y Adolescencia, Claudio Mancilla agreg\u00f3 \u201cestas instancias permiten que ni\u00f1os, ni\u00f1as y adolescentes tengan los espacios propicios para opinar y ser escuchados. La intenci\u00f3n de estos encuentros no s\u00f3lo es levantar la voz de los ni\u00f1os; sino tambi\u00e9n como finalmente hacemos efectivas estas opiniones a trav\u00e9s de la coordinaci\u00f3n con otros actores relevantes mediante el trabajo intersectorial\u201d.<\/p>\n\n\n\n<p>Por su parte, la coordinadora de la Oficina de Protecci\u00f3n de Derechos (OPD) de Ovalle, Dora Villalobos, se\u00f1al\u00f3 \u201cuno de los pilares de la Convenci\u00f3n de los Derechos del Ni\u00f1o, es el derecho a la participaci\u00f3n, lo que conlleva no s\u00f3lo escuchar la opini\u00f3n de los ni\u00f1os y ni\u00f1as, sino tambi\u00e9n que \u00e9sta debe ser considerada en aquellas decisiones que les afecta directamente. Esperamos que, durante el encuentro desarrollado en nuestra comuna, se hayan obtenido insumos relevantes que gu\u00eden la labor intersectorial en beneficio de los ni\u00f1os y ni\u00f1as de nuestra regi\u00f3n\u201d.<\/p>\n\n\n\n<p><strong>SALUD MENTAL Y CONVIVENCIA ESCOLAR<\/strong><\/p>\n\n\n\n<p>Con el objetivo de favorecer el di\u00e1logo participativo entre ni\u00f1eces y adolescencias vinculadas al Servicio Nacional de Protecci\u00f3n Especializada, se realiz\u00f3 en el parque Tamelcura el primer Encuentro Local de participaci\u00f3n de la comuna de Ovalle.<\/p>\n\n\n\n<p>La actividad reflexion\u00f3 en torno a la salud mental y convivencia escolar con el objetivo de recoger las opiniones y sugerencias de los asistentes para luego elaborar un plan de trabajo sobre estas tem\u00e1ticas.<\/p>\n","protected":false},"excerpt":{"rendered":"<p>Con la presencia de m\u00e1s de 30 ni\u00f1os, ni\u00f1as y \u00a0adolescentes que forman parte de programas del Servicio Nacional de Protecci\u00f3n Especializada a la Ni\u00f1ez y Adolescencia de la comuna de Ovalle, se llev\u00f3 a cabo el primer encuentro local de participaci\u00f3n del a\u00f1o 2023. \u201cMe parece bastante importante que los ni\u00f1os participemos en estos &#8230;<\/p>\n","protected":false},"author":2,"featured_media":9005,"comment_status":"open","ping_status":"open","sticky":false,"template":"","format":"standard","meta":{"footnotes":""},"categories":[5],"tags":[],"class_list":["post-9004","post","type-post","status-publish","format-standard","has-post-thumbnail","hentry","category-actualidad-limarina"],"_links":{"self":[{"href":"https:\/\/www.radiolimari.cl\/index.php?rest_route=\/wp\/v2\/posts\/9004","targetHints":{"allow":["GET"]}}],"collection":[{"href":"https:\/\/www.radiolimari.cl\/index.php?rest_route=\/wp\/v2\/posts"}],"about":[{"href":"https:\/\/www.radiolimari.cl\/index.php?rest_route=\/wp\/v2\/types\/post"}],"author":[{"embeddable":true,"href":"https:\/\/www.radiolimari.cl\/index.php?rest_route=\/wp\/v2\/users\/2"}],"replies":[{"embeddable":true,"href":"https:\/\/www.radiolimari.cl\/index.php?rest_route=%2Fwp%2Fv2%2Fcomments&post=9004"}],"version-history":[{"count":1,"href":"https:\/\/www.radiolimari.cl\/index.php?rest_route=\/wp\/v2\/posts\/9004\/revisions"}],"predecessor-version":[{"id":9006,"href":"https:\/\/www.radiolimari.cl\/index.php?rest_route=\/wp\/v2\/posts\/9004\/revisions\/9006"}],"wp:featuredmedia":[{"embeddable":true,"href":"https:\/\/www.radiolimari.cl\/index.php?rest_route=\/wp\/v2\/media\/9005"}],"wp:attachment":[{"href":"https:\/\/www.radiolimari.cl\/index.php?rest_route=%2Fwp%2Fv2%2Fmedia&parent=9004"}],"wp:term":[{"taxonomy":"category","embeddable":true,"href":"https:\/\/www.radiolimari.cl\/index.php?rest_route=%2Fwp%2Fv2%2Fcategories&post=9004"},{"taxonomy":"post_tag","embeddable":true,"href":"https:\/\/www.radiolimari.cl\/index.php?rest_route=%2Fwp%2Fv2%2Ftags&post=9004"}],"curies":[{"name":"wp","href":"https:\/\/api.w.org\/{rel}","templated":true}]}}