{"id":8994,"date":"2023-05-03T03:29:42","date_gmt":"2023-05-03T03:29:42","guid":{"rendered":"https:\/\/www.radiolimari.cl\/?p=8994"},"modified":"2023-05-03T03:29:42","modified_gmt":"2023-05-03T03:29:42","slug":"invitan-a-seguir-postulando-a-los-fondos-concursables-del-gobierno-regional","status":"publish","type":"post","link":"https:\/\/www.radiolimari.cl\/?p=8994","title":{"rendered":"Invitan a seguir postulando a los Fondos Concursables del Gobierno Regional\u00a0\u00a0"},"content":{"rendered":"\n<figure class=\"wp-block-image size-full is-resized\"><a href=\"https:\/\/www.radiolimari.cl\/wp-content\/uploads\/2023\/05\/LAMINA-FONDOS-CONCURSABLES-GORE-2023.jpg\"><img fetchpriority=\"high\" decoding=\"async\" src=\"https:\/\/www.radiolimari.cl\/wp-content\/uploads\/2023\/05\/LAMINA-FONDOS-CONCURSABLES-GORE-2023.jpg\" alt=\"\" class=\"wp-image-8995\" width=\"396\" height=\"396\" srcset=\"https:\/\/www.radiolimari.cl\/wp-content\/uploads\/2023\/05\/LAMINA-FONDOS-CONCURSABLES-GORE-2023.jpg 960w, https:\/\/www.radiolimari.cl\/wp-content\/uploads\/2023\/05\/LAMINA-FONDOS-CONCURSABLES-GORE-2023-300x300.jpg 300w, https:\/\/www.radiolimari.cl\/wp-content\/uploads\/2023\/05\/LAMINA-FONDOS-CONCURSABLES-GORE-2023-150x150.jpg 150w, https:\/\/www.radiolimari.cl\/wp-content\/uploads\/2023\/05\/LAMINA-FONDOS-CONCURSABLES-GORE-2023-768x768.jpg 768w, https:\/\/www.radiolimari.cl\/wp-content\/uploads\/2023\/05\/LAMINA-FONDOS-CONCURSABLES-GORE-2023-70x70.jpg 70w\" sizes=\"(max-width: 396px) 100vw, 396px\" \/><\/a><\/figure>\n\n\n\n<p><strong>A las l\u00edneas tradicionales de Cultura, Deportes, Seguridad Ciudadana, Social y Medio Ambiente, se suma este a\u00f1o el fondo para el Cuidado de la Infancia, Adolescencia, Juventud y del Adulto Mayor.\u00a0\u00a0<\/strong><\/p>\n\n\n\n<p>M\u00e1s de $6.600 millones destin\u00f3 este a\u00f1o el Gobierno Regional para que organizaciones sociales privadas sin fines de lucro puedan postular a los Fondos Concursables vigentes hasta este 9 de mayo, por lo que se refuerza el llamado a ingresar al sitio oficial&nbsp;<a href=\"http:\/\/www.gorecoquimbo.cl\/\" target=\"_blank\" rel=\"noreferrer noopener\">www.gorecoquimbo.cl<\/a>&nbsp;y seguir las bases de las distintas l\u00edneas tradicionales. &nbsp;<\/p>\n\n\n\n<p>La invitaci\u00f3n queda hecha para seguir postulando a estos fondos que benefician a juntas de vecinos, clubes deportivos, clubes de adultos mayores y todos quienes cumplan los requisitos establecidos. &nbsp;<\/p>\n\n\n\n<p>\u201cTal como lo ha dicho nuestra Gobernadora, Krist Naranjo, hacemos un llamado e invitamos a todas las organizaciones sociales a participar de estos 9 fondos que a\u00fan tenemos abiertos. Quedan pocos d\u00edas para que se cierren y para nuestro Gobierno Regional es relevante que puedan participar con la finalidad de fortalecer sus organizaciones y comunidades en las distintas tem\u00e1ticas que ofrecemos. Hoy, y por gesti\u00f3n de la Gobernadora, hemos destinado un 8% de asignaci\u00f3n del presupuesto regional que son $6.600 millones de inversi\u00f3n para los fondos concursables donde este 2023 adem\u00e1s levantamos nuevas l\u00edneas como lo son adulto mayor y tambi\u00e9n para la infancia y adolescencia y juventud\u201d, afirm\u00f3 Karina Aguirre, administradora regional. &nbsp;<\/p>\n\n\n\n<p>Cabe recordar que, los Fondos Concursables del Gobierno Regional fueron lanzados oficialmente el 16 de marzo y, paralelo a esto, se dio inicio al proceso de capacitaci\u00f3n presencial y online por parte de profesionales de la Divisi\u00f3n de Desarrollo Social y Humano (DIDESOH) del Gobierno Regional. &nbsp;<\/p>\n\n\n\n<p>As\u00ed lo explic\u00f3 Pablo Riveros, jefe de Divisi\u00f3n de Desarrollo Social y Humano, \u201cel proceso de capacitaci\u00f3n ha sido abierto, ha sido de manera presencial en todas las comunas de la regi\u00f3n, hemos ido dos veces junto a los equipos disponibles a explicar a la gente, a recibir sus inquietudes y darles respuestas inmediatas. Luego del proceso presencial, hemos comenzado un proceso v\u00eda web, para que las personas aprendan a utilizar la plataforma para poder postular. Tambi\u00e9n seguimos con el proceso de responder consultas\u201d. &nbsp;<\/p>\n\n\n\n<p>De esta manera, a trav\u00e9s de la plataforma oficial y redes sociales del Gobierno Regional, se podr\u00e1 encontrar informaci\u00f3n respecto a las distintas l\u00edneas de financiamiento para proyectos relacionados con Deportes, Cultura, Seguridad Ciudadana, Social, Medio Ambiente y tambi\u00e9n de los nuevos fondos para el Cuidado de la Infancia, Adolescencia, Juventud y del Adulto Mayor.&nbsp;<\/p>\n\n\n\n<p><strong>\u00bfQui\u00e9nes pueden postular?&nbsp;<\/strong><\/p>\n\n\n\n<p>Organizaciones sociales privadas sin fines de lucro que posean una antig\u00fcedad no inferior a un a\u00f1o, que tengan personalidad jur\u00eddica vigente, inscritas y actualizadas en el Registro Central e Colaboradores del Estado (<a href=\"http:\/\/www.resgistros19862.cl\/\" target=\"_blank\" rel=\"noreferrer noopener\">www.resgistros19862.cl<\/a>), que desarrollen proyectos dirigidos a beneficiar a la regi\u00f3n y sus habitantes, entre otros requerimientos. &nbsp;<\/p>\n\n\n\n<p><strong>Contactos &nbsp;<\/strong><\/p>\n\n\n\n<p>Para consultas directas sobre las bases y proceso de postulaci\u00f3n escribir al correo&nbsp;<a href=\"mailto:fondos_concursables@gorecoquimbo.cl\" target=\"_blank\" rel=\"noreferrer noopener\">fondos_concursables@gorecoquimbo.cl<\/a>&nbsp;o al fono 51-2332108. &nbsp;<\/p>\n","protected":false},"excerpt":{"rendered":"<p>A las l\u00edneas tradicionales de Cultura, Deportes, Seguridad Ciudadana, Social y Medio Ambiente, se suma este a\u00f1o el fondo para el Cuidado de la Infancia, Adolescencia, Juventud y del Adulto Mayor.\u00a0\u00a0 M\u00e1s de $6.600 millones destin\u00f3 este a\u00f1o el Gobierno Regional para que organizaciones sociales privadas sin fines de lucro puedan postular a los Fondos &#8230;<\/p>\n","protected":false},"author":2,"featured_media":8995,"comment_status":"open","ping_status":"open","sticky":false,"template":"","format":"standard","meta":{"footnotes":""},"categories":[6],"tags":[],"class_list":["post-8994","post","type-post","status-publish","format-standard","has-post-thumbnail","hentry","category-regionales"],"_links":{"self":[{"href":"https:\/\/www.radiolimari.cl\/index.php?rest_route=\/wp\/v2\/posts\/8994","targetHints":{"allow":["GET"]}}],"collection":[{"href":"https:\/\/www.radiolimari.cl\/index.php?rest_route=\/wp\/v2\/posts"}],"about":[{"href":"https:\/\/www.radiolimari.cl\/index.php?rest_route=\/wp\/v2\/types\/post"}],"author":[{"embeddable":true,"href":"https:\/\/www.radiolimari.cl\/index.php?rest_route=\/wp\/v2\/users\/2"}],"replies":[{"embeddable":true,"href":"https:\/\/www.radiolimari.cl\/index.php?rest_route=%2Fwp%2Fv2%2Fcomments&post=8994"}],"version-history":[{"count":1,"href":"https:\/\/www.radiolimari.cl\/index.php?rest_route=\/wp\/v2\/posts\/8994\/revisions"}],"predecessor-version":[{"id":8996,"href":"https:\/\/www.radiolimari.cl\/index.php?rest_route=\/wp\/v2\/posts\/8994\/revisions\/8996"}],"wp:featuredmedia":[{"embeddable":true,"href":"https:\/\/www.radiolimari.cl\/index.php?rest_route=\/wp\/v2\/media\/8995"}],"wp:attachment":[{"href":"https:\/\/www.radiolimari.cl\/index.php?rest_route=%2Fwp%2Fv2%2Fmedia&parent=8994"}],"wp:term":[{"taxonomy":"category","embeddable":true,"href":"https:\/\/www.radiolimari.cl\/index.php?rest_route=%2Fwp%2Fv2%2Fcategories&post=8994"},{"taxonomy":"post_tag","embeddable":true,"href":"https:\/\/www.radiolimari.cl\/index.php?rest_route=%2Fwp%2Fv2%2Ftags&post=8994"}],"curies":[{"name":"wp","href":"https:\/\/api.w.org\/{rel}","templated":true}]}}