{"id":8984,"date":"2023-05-03T03:05:25","date_gmt":"2023-05-03T03:05:25","guid":{"rendered":"https:\/\/www.radiolimari.cl\/?p=8984"},"modified":"2023-05-03T03:05:26","modified_gmt":"2023-05-03T03:05:26","slug":"bibliotecas-comunitarias-de-paihuano-reciben-donacion-en-el-cierre-del-mes-del-libro","status":"publish","type":"post","link":"https:\/\/www.radiolimari.cl\/?p=8984","title":{"rendered":"Bibliotecas comunitarias de Paihuano reciben donaci\u00f3n en el cierre del Mes del Libro"},"content":{"rendered":"\n<figure class=\"wp-block-image size-large is-resized\"><a href=\"https:\/\/www.radiolimari.cl\/wp-content\/uploads\/2023\/05\/01.jpg\"><img fetchpriority=\"high\" decoding=\"async\" src=\"https:\/\/www.radiolimari.cl\/wp-content\/uploads\/2023\/05\/01-1024x683.jpg\" alt=\"\" class=\"wp-image-8985\" width=\"396\" height=\"264\" srcset=\"https:\/\/www.radiolimari.cl\/wp-content\/uploads\/2023\/05\/01-1024x683.jpg 1024w, https:\/\/www.radiolimari.cl\/wp-content\/uploads\/2023\/05\/01-300x200.jpg 300w, https:\/\/www.radiolimari.cl\/wp-content\/uploads\/2023\/05\/01-768x512.jpg 768w, https:\/\/www.radiolimari.cl\/wp-content\/uploads\/2023\/05\/01.jpg 1500w\" sizes=\"(max-width: 396px) 100vw, 396px\" \/><\/a><\/figure>\n\n\n\n<p><strong>CASA PUKA YANA y la Biblioteca Popular Lagar cuentan con renovada bibliograf\u00eda gracias a la entrega de nuevo material bibliogr\u00e1fico. Seremi de las Culturas aprovech\u00f3 tambi\u00e9n para anunciar el desarrollo de la iniciativa \u201cPatios Culturales\u201d durante este mes en la localidad de Pisco Elqui.<\/strong><\/p>\n\n\n\n<p>Con m\u00fasica, poes\u00eda y mucho entusiasmo, se realiz\u00f3 en la comuna de Paihuano el cierre de las actividades conmemorativas del Mes del Libro y Derecho de Autor. Primero, estudiantes de la Escuela Municipal Quebrada de Paihuano recibieron una donaci\u00f3n de libros por parte de la Sociedad de Escritores de Chile Filial Coquimbo (SECH), encabezada por Edmanuel Ferreira y Luis Aguilera. Ferreira, presidente de la organizaci\u00f3n, fue un destacado alumno del establecimiento paihuanino.<\/p>\n\n\n\n<p>Luego fue el turno de la CASA PUKA YANA, donde \u00c1lvaro D\u00edaz lider\u00f3 una animada tertulia po\u00e9tico-musical, como una forma de dar a conocer el Valle de Elqui desde la m\u00fasica y la poes\u00eda con una clara influencia mistraliana. \u201cEs muy importante que nos hayan acompa\u00f1ado y que hayan experimentado la tertulia po\u00e9tica-musical. Agradecemos la donaci\u00f3n de estos libros, que nos van a permitir seguir en la senda de seguir fomentando la lectura, la conversaci\u00f3n y la manera de relacionarnos con la palabra. \u00c9se es el mayor regalo que podemos tener en la tierra de Gabriela Mistral\u201d, explic\u00f3 D\u00edaz.<\/p>\n\n\n\n<p>En tanto, el seremi de las Culturas, Cedric Steinlen, destac\u00f3 que \u201clas bibliotecas comunitarias son el foco de las pol\u00edticas p\u00fablicas de este Gobierno, principalmente en el apoyo de la cultura comunitaria. Qu\u00e9 mejor que cerrar la conmemoraci\u00f3n del Mes del Libro en una comuna tan hermosa como Paihuano y con una cultura comunitaria tan rica\u201d.&nbsp;<\/p>\n\n\n\n<p>Por su parte, el alcalde Hern\u00e1n Ahumada coment\u00f3 que \u201cestamos muy felices, dando a conocer este tipo de lugares donde la cultura se vive al m\u00e1ximo, donde se entrega poes\u00eda y los cantos populares durante todo el a\u00f1o. Estamos muy contentos de finalizar el Mes del Libro en la tierra m\u00e1gica de Paihuano\u201d.<\/p>\n\n\n\n<p>La entrega de material bibliogr\u00e1fico se extendi\u00f3 tambi\u00e9n a la Biblioteca Popular Lagar, un espacio de informaci\u00f3n y creaci\u00f3n de libre acceso con foco en la cultura y arte como herramientas transformadoras para la sociedad. Dentro de sus focos destaca&nbsp;su trabajo con el Laboratorio Constituyente Popular, Taller de Teatro y Taller de Escritura y Poes\u00eda. En el lugar, Patricia Ardiles dio a conocer detalles sobre su trabajo con la comunidad local.<\/p>\n\n\n\n<p>A la donaci\u00f3n de libros en Paihuano se suman los ya entregados a bibliotecas comunitarias de La Serena, Coquimbo, Monte Patria e Illapel, gracias al Plan Nacional de la Lectura.<\/p>\n\n\n\n<figure class=\"wp-block-image size-large\"><a href=\"https:\/\/www.radiolimari.cl\/wp-content\/uploads\/2023\/05\/02.jpg\"><img decoding=\"async\" width=\"1024\" height=\"683\" src=\"https:\/\/www.radiolimari.cl\/wp-content\/uploads\/2023\/05\/02-1024x683.jpg\" alt=\"\" class=\"wp-image-8986\" srcset=\"https:\/\/www.radiolimari.cl\/wp-content\/uploads\/2023\/05\/02-1024x683.jpg 1024w, https:\/\/www.radiolimari.cl\/wp-content\/uploads\/2023\/05\/02-300x200.jpg 300w, https:\/\/www.radiolimari.cl\/wp-content\/uploads\/2023\/05\/02-768x512.jpg 768w, https:\/\/www.radiolimari.cl\/wp-content\/uploads\/2023\/05\/02.jpg 1500w\" sizes=\"(max-width: 1024px) 100vw, 1024px\" \/><\/a><\/figure>\n\n\n\n<p><strong>Patios Culturales en Pisco Elqui<\/strong><\/p>\n\n\n\n<p>En la ocasi\u00f3n, el seremi Cedric Steinlen aprovech\u00f3 para dar a conocer una excelente noticia para vecinos y vecinas de la comuna de Paihuano y sus localidades aleda\u00f1as. El s\u00e1bado 20 de mayo, la Plaza de Pisco Elqui ser\u00e1 el epicentro de una nueva edici\u00f3n de \u201cPatios Culturales\u201d, iniciativa del Ministerio de las Culturas que busca por medio de la utilizaci\u00f3n de plazas y\/o parques promover el uso del espacio p\u00fablico a trav\u00e9s de diversas actividades culturales.<\/p>\n\n\n\n<p>La agrupaci\u00f3n cultural local \u201cCultura Trucha\u201d, conformada por creadores y creadoras de diversas disciplinas, realizar\u00e1n una jornada art\u00edstico-cultural junto a la comunidad, que incluye danza, m\u00fasica y artes esc\u00e9nicas, entre otras expresiones. \u201cQueremos fomentar, a trav\u00e9s del di\u00e1logo participativo con vecinos y vecinas, el desarrollo de proyectos culturales y recuperar los espacios p\u00fablicos para la comunidad a trav\u00e9s de la actividad art\u00edstica. Invitamos a todas y todos a visitar Pisco Elqui este 20 de mayo y disfrutar del valioso trabajo de artistas, gestores y trabajadores de las culturas del Valle de Elqui\u201d, finaliz\u00f3 el seremi.<\/p>\n\n\n\n<p><\/p>\n","protected":false},"excerpt":{"rendered":"<p>CASA PUKA YANA y la Biblioteca Popular Lagar cuentan con renovada bibliograf\u00eda gracias a la entrega de nuevo material bibliogr\u00e1fico. Seremi de las Culturas aprovech\u00f3 tambi\u00e9n para anunciar el desarrollo de la iniciativa \u201cPatios Culturales\u201d durante este mes en la localidad de Pisco Elqui. Con m\u00fasica, poes\u00eda y mucho entusiasmo, se realiz\u00f3 en la comuna &#8230;<\/p>\n","protected":false},"author":2,"featured_media":8986,"comment_status":"open","ping_status":"open","sticky":false,"template":"","format":"standard","meta":{"footnotes":""},"categories":[3],"tags":[],"class_list":["post-8984","post","type-post","status-publish","format-standard","has-post-thumbnail","hentry","category-actualidad"],"_links":{"self":[{"href":"https:\/\/www.radiolimari.cl\/index.php?rest_route=\/wp\/v2\/posts\/8984","targetHints":{"allow":["GET"]}}],"collection":[{"href":"https:\/\/www.radiolimari.cl\/index.php?rest_route=\/wp\/v2\/posts"}],"about":[{"href":"https:\/\/www.radiolimari.cl\/index.php?rest_route=\/wp\/v2\/types\/post"}],"author":[{"embeddable":true,"href":"https:\/\/www.radiolimari.cl\/index.php?rest_route=\/wp\/v2\/users\/2"}],"replies":[{"embeddable":true,"href":"https:\/\/www.radiolimari.cl\/index.php?rest_route=%2Fwp%2Fv2%2Fcomments&post=8984"}],"version-history":[{"count":1,"href":"https:\/\/www.radiolimari.cl\/index.php?rest_route=\/wp\/v2\/posts\/8984\/revisions"}],"predecessor-version":[{"id":8987,"href":"https:\/\/www.radiolimari.cl\/index.php?rest_route=\/wp\/v2\/posts\/8984\/revisions\/8987"}],"wp:featuredmedia":[{"embeddable":true,"href":"https:\/\/www.radiolimari.cl\/index.php?rest_route=\/wp\/v2\/media\/8986"}],"wp:attachment":[{"href":"https:\/\/www.radiolimari.cl\/index.php?rest_route=%2Fwp%2Fv2%2Fmedia&parent=8984"}],"wp:term":[{"taxonomy":"category","embeddable":true,"href":"https:\/\/www.radiolimari.cl\/index.php?rest_route=%2Fwp%2Fv2%2Fcategories&post=8984"},{"taxonomy":"post_tag","embeddable":true,"href":"https:\/\/www.radiolimari.cl\/index.php?rest_route=%2Fwp%2Fv2%2Ftags&post=8984"}],"curies":[{"name":"wp","href":"https:\/\/api.w.org\/{rel}","templated":true}]}}