{"id":8980,"date":"2023-05-01T22:12:20","date_gmt":"2023-05-01T22:12:20","guid":{"rendered":"https:\/\/www.radiolimari.cl\/?p=8980"},"modified":"2023-05-01T22:12:21","modified_gmt":"2023-05-01T22:12:21","slug":"delegacion-presidencial-regional-y-la-seremi-del-trabajo-realizo-el-acto-del-1-de-mayo-fecha-que-se-conmemora-el-dia-internacional-de-las-y-los-trabajadores-de-chile-y-el-mundo","status":"publish","type":"post","link":"https:\/\/www.radiolimari.cl\/?p=8980","title":{"rendered":"Delegaci\u00f3n Presidencial Regional y la Seremi del Trabajo realiz\u00f3 el acto del 1 de mayo, fecha que se conmemora el d\u00eda internacional de las y los trabajadores de Chile y el mundo."},"content":{"rendered":"\n<figure class=\"wp-block-image size-large\"><a href=\"https:\/\/www.radiolimari.cl\/wp-content\/uploads\/2023\/05\/1-mayo-2.jpeg\"><img fetchpriority=\"high\" decoding=\"async\" width=\"1024\" height=\"683\" src=\"https:\/\/www.radiolimari.cl\/wp-content\/uploads\/2023\/05\/1-mayo-2-1024x683.jpeg\" alt=\"\" class=\"wp-image-8981\" srcset=\"https:\/\/www.radiolimari.cl\/wp-content\/uploads\/2023\/05\/1-mayo-2-1024x683.jpeg 1024w, https:\/\/www.radiolimari.cl\/wp-content\/uploads\/2023\/05\/1-mayo-2-300x200.jpeg 300w, https:\/\/www.radiolimari.cl\/wp-content\/uploads\/2023\/05\/1-mayo-2-768x512.jpeg 768w, https:\/\/www.radiolimari.cl\/wp-content\/uploads\/2023\/05\/1-mayo-2-1536x1024.jpeg 1536w, https:\/\/www.radiolimari.cl\/wp-content\/uploads\/2023\/05\/1-mayo-2.jpeg 1599w\" sizes=\"(max-width: 1024px) 100vw, 1024px\" \/><\/a><\/figure>\n\n\n\n<p><strong>En el acto de conmemoraci\u00f3n del D\u00eda del Trabajo destacados dirigentes y dirigentas sindicales recibieron reconocimientos por su labor.<\/strong><\/p>\n\n\n\n<p>Con la presencia de trabajadores, trabajadoras y dirigentes sindicales de la regi\u00f3n el gobierno a trav\u00e9s de la Delegaci\u00f3n Presidencial Regional y la Seremi del Trabajo realiz\u00f3 el acto del 1 de mayo, fecha que se conmemora el d\u00eda internacional de las y los trabajadores de Chile y el mundo, instancia que permiti\u00f3 abordar los principales avances y desaf\u00edos del Gobierno en materia laboral.<\/p>\n\n\n\n<p>En la ocasi\u00f3n el Delgado Presidencial Regional, Rub\u00e9n Quezada, puso en relevancia el contexto hist\u00f3rico de la jornada y dijo que \u201ces importante reconocer a los que hacen la riqueza de este pa\u00eds. Como lo dijo nuestro presidente, Gabriel Boric, no son s\u00f3lo n\u00fameros, sino que son las personas que construyen la patria, que hacen que nuestro pa\u00eds avance, el motor de nuestro pa\u00eds y ellos son los trabajadores y trabajadoras\u201d.<\/p>\n\n\n\n<p>\u201cHoy hacemos una pausa para poder reflexionar sobre este tema y tambi\u00e9n ver los avances que se nos vienen en el camino y tambi\u00e9n consolidar el trabajo que ha hecho el Gobierno en materia laboral y seguir trabajando para que nuestro pa\u00eds sea m\u00e1s justo, tenga trabajo decente y podamos vivir mejor\u201d, agreg\u00f3 el Delegado Presidencial.<\/p>\n\n\n\n<p>Mientras que la Seremi del Trabajo, Claudia Santander, enfatiz\u00f3 en los avances y logros del Gobierno y detall\u00f3 los principales aspectos de la agenda legislativa en materia laboral y explic\u00f3 que \u201cpara nosotros este d\u00eda es muy significativo ratificamos nuestro compromiso con el trabajo decente y en ese sentido hemos querido destacar y resaltar aquellas iniciativas que van en la l\u00ednea y b\u00fasqueda del trabajo decente. Una de ellas es la nueva ley de la rep\u00fablica de rebaja de jornada laboral a 40 horas y la ratificaci\u00f3n del Convenio 190 que permiti\u00f3 que nuestro pa\u00eds asuma el compromiso de erradicar todo tipo de violencia en los espacios de trabajos\u201d.<\/p>\n\n\n\n<p>La autoridad del trabajo tambi\u00e9n destac\u00f3 el acuerdo de la CUT con el Gobierno para aumentar el ingreso m\u00ednimo y que se debate en el congreso. \u201cCreemos que son medidas que apuntan a dignificar la condici\u00f3n de los trabajadores y trabajadoras y responder a este deber que tenemos como sociedad de generar mejores condiciones\u201d, manifest\u00f3 Claudia Santander.<\/p>\n\n\n\n<p>En la jornada de conmemoraci\u00f3n del d\u00eda internacional del trabajador se entregaron reconocimientos a dirigentes y dirigentas sindicales por su destacada labor en la defensa de los derechos de las y los trabajadores.<\/p>\n\n\n\n<figure class=\"wp-block-image size-large\"><a href=\"https:\/\/www.radiolimari.cl\/wp-content\/uploads\/2023\/05\/1-mayo.jpeg\"><img decoding=\"async\" width=\"1024\" height=\"683\" src=\"https:\/\/www.radiolimari.cl\/wp-content\/uploads\/2023\/05\/1-mayo-1024x683.jpeg\" alt=\"\" class=\"wp-image-8982\" srcset=\"https:\/\/www.radiolimari.cl\/wp-content\/uploads\/2023\/05\/1-mayo-1024x683.jpeg 1024w, https:\/\/www.radiolimari.cl\/wp-content\/uploads\/2023\/05\/1-mayo-300x200.jpeg 300w, https:\/\/www.radiolimari.cl\/wp-content\/uploads\/2023\/05\/1-mayo-768x512.jpeg 768w, https:\/\/www.radiolimari.cl\/wp-content\/uploads\/2023\/05\/1-mayo-1536x1024.jpeg 1536w, https:\/\/www.radiolimari.cl\/wp-content\/uploads\/2023\/05\/1-mayo.jpeg 1599w\" sizes=\"(max-width: 1024px) 100vw, 1024px\" \/><\/a><\/figure>\n\n\n\n<p>Maribel Flores, dirigente de CUT Elqui y Sindicato de manipuladoras de alimentos Merken, dio a conocer las principales demandas de los trabajadores de la regi\u00f3n y coment\u00f3 que \u201cesperamos que se concrete el acuerdo por el aumento del salario m\u00ednimo, considerando que a\u00fan 500 mil pesos no es suficiente por el alto costo de la vida. Adem\u00e1s esperamos que m\u00e1s empresas se adelanten en la implementaci\u00f3n de las 40 horas y apoyamos la nacionalizaci\u00f3n del Litio, que es la esperanza que tenemos la ciudadan\u00eda para tener mejores condiciones y lograr mayor equidad\u201d.<\/p>\n\n\n\n<p>Ang\u00e9lica Carrera, presidenta del sindicato Holdtech de trabajadores de Call Center, enfatiz\u00f3 en la labor que cumplen los dirigentes sindicales y dijo que \u201ces importante mantener la unidad de los trabajadores. La historia ha demostrado que cuando los trabajadores se unen las cosas cambian y podemos hacer cambios en las condiciones laborales para lograr un trabajo digno\u201d.<\/p>\n\n\n\n<p>El acto de conmemoraci\u00f3n reuni\u00f3 a trabajadores y dirigentes sindicales, tanto del sector p\u00fablico como privado, y cont\u00f3 con la participaci\u00f3n de la diputada Carolina Tello y su par Daniel Manoucheri, adem\u00e1s de la presencia de los secretarios regionales ministeriales de las diferentes carteras de Gobierno.<\/p>\n","protected":false},"excerpt":{"rendered":"<p>En el acto de conmemoraci\u00f3n del D\u00eda del Trabajo destacados dirigentes y dirigentas sindicales recibieron reconocimientos por su labor. Con la presencia de trabajadores, trabajadoras y dirigentes sindicales de la regi\u00f3n el gobierno a trav\u00e9s de la Delegaci\u00f3n Presidencial Regional y la Seremi del Trabajo realiz\u00f3 el acto del 1 de mayo, fecha que se &#8230;<\/p>\n","protected":false},"author":2,"featured_media":8982,"comment_status":"open","ping_status":"open","sticky":false,"template":"","format":"standard","meta":{"footnotes":""},"categories":[6],"tags":[],"class_list":["post-8980","post","type-post","status-publish","format-standard","has-post-thumbnail","hentry","category-regionales"],"_links":{"self":[{"href":"https:\/\/www.radiolimari.cl\/index.php?rest_route=\/wp\/v2\/posts\/8980","targetHints":{"allow":["GET"]}}],"collection":[{"href":"https:\/\/www.radiolimari.cl\/index.php?rest_route=\/wp\/v2\/posts"}],"about":[{"href":"https:\/\/www.radiolimari.cl\/index.php?rest_route=\/wp\/v2\/types\/post"}],"author":[{"embeddable":true,"href":"https:\/\/www.radiolimari.cl\/index.php?rest_route=\/wp\/v2\/users\/2"}],"replies":[{"embeddable":true,"href":"https:\/\/www.radiolimari.cl\/index.php?rest_route=%2Fwp%2Fv2%2Fcomments&post=8980"}],"version-history":[{"count":1,"href":"https:\/\/www.radiolimari.cl\/index.php?rest_route=\/wp\/v2\/posts\/8980\/revisions"}],"predecessor-version":[{"id":8983,"href":"https:\/\/www.radiolimari.cl\/index.php?rest_route=\/wp\/v2\/posts\/8980\/revisions\/8983"}],"wp:featuredmedia":[{"embeddable":true,"href":"https:\/\/www.radiolimari.cl\/index.php?rest_route=\/wp\/v2\/media\/8982"}],"wp:attachment":[{"href":"https:\/\/www.radiolimari.cl\/index.php?rest_route=%2Fwp%2Fv2%2Fmedia&parent=8980"}],"wp:term":[{"taxonomy":"category","embeddable":true,"href":"https:\/\/www.radiolimari.cl\/index.php?rest_route=%2Fwp%2Fv2%2Fcategories&post=8980"},{"taxonomy":"post_tag","embeddable":true,"href":"https:\/\/www.radiolimari.cl\/index.php?rest_route=%2Fwp%2Fv2%2Ftags&post=8980"}],"curies":[{"name":"wp","href":"https:\/\/api.w.org\/{rel}","templated":true}]}}