{"id":8974,"date":"2023-04-25T15:20:16","date_gmt":"2023-04-25T15:20:16","guid":{"rendered":"https:\/\/www.radiolimari.cl\/?p=8974"},"modified":"2023-04-25T15:20:16","modified_gmt":"2023-04-25T15:20:16","slug":"gobernadora-regional-entrega-adjudicacion-a-bomberos-de-la-comuna-de-la-higuera-para-la-construccion-de-nuevo-cuartel","status":"publish","type":"post","link":"https:\/\/www.radiolimari.cl\/?p=8974","title":{"rendered":"Gobernadora Regional entrega adjudicaci\u00f3n a Bomberos de la comuna de La Higuera para la construcci\u00f3n de nuevo cuartel."},"content":{"rendered":"\n<figure class=\"wp-block-image size-full is-resized\"><a href=\"https:\/\/www.radiolimari.cl\/wp-content\/uploads\/2023\/04\/2J9A2490-1.jpg\"><img fetchpriority=\"high\" decoding=\"async\" src=\"https:\/\/www.radiolimari.cl\/wp-content\/uploads\/2023\/04\/2J9A2490-1.jpg\" alt=\"\" class=\"wp-image-8975\" width=\"396\" height=\"263\" srcset=\"https:\/\/www.radiolimari.cl\/wp-content\/uploads\/2023\/04\/2J9A2490-1.jpg 800w, https:\/\/www.radiolimari.cl\/wp-content\/uploads\/2023\/04\/2J9A2490-1-300x200.jpg 300w, https:\/\/www.radiolimari.cl\/wp-content\/uploads\/2023\/04\/2J9A2490-1-768x512.jpg 768w\" sizes=\"(max-width: 396px) 100vw, 396px\" \/><\/a><\/figure>\n\n\n\n<p><strong>Inversi\u00f3n del Gobierno Regional supera los $530 millones, contempla equipamiento y beneficia en forma directa a m\u00e1s de 30 voluntarios, en su mayor\u00eda mujeres, que conforman la 1ra. Compa\u00f1\u00eda de Bomberos de esta comuna.\u00a0<\/strong><\/p>\n\n\n\n<p>\u201cNosotros llevamos en este cuartel aproximadamente 20 a\u00f1os y el invierno es el tema que a nosotros nos afecta harto, ya que a ra\u00edz de las \u00faltimas lluvias varias de nuestras dependencias se llovieron, se nos mojaron las cosas, entonces, este proyecto para nosotros es muy beneficioso\u201d, relata Ana Castillo, directora de la 1ra Compa\u00f1\u00eda de Bomberos de La Higuera.\u00a0<\/p>\n\n\n\n<figure class=\"wp-block-image size-full\"><a href=\"https:\/\/www.radiolimari.cl\/wp-content\/uploads\/2023\/04\/2J9A2582-1.jpg\"><img decoding=\"async\" width=\"800\" height=\"533\" src=\"https:\/\/www.radiolimari.cl\/wp-content\/uploads\/2023\/04\/2J9A2582-1.jpg\" alt=\"\" class=\"wp-image-8976\" srcset=\"https:\/\/www.radiolimari.cl\/wp-content\/uploads\/2023\/04\/2J9A2582-1.jpg 800w, https:\/\/www.radiolimari.cl\/wp-content\/uploads\/2023\/04\/2J9A2582-1-300x200.jpg 300w, https:\/\/www.radiolimari.cl\/wp-content\/uploads\/2023\/04\/2J9A2582-1-768x512.jpg 768w\" sizes=\"(max-width: 800px) 100vw, 800px\" \/><\/a><\/figure>\n\n\n\n<p>Fue en base a situaciones como las que viven los m\u00e1s de 30 voluntarios y voluntarias de esta compa\u00f1\u00eda de bomberos, que el alcalde Yerko Galleguillos decidi\u00f3 levantar un proyecto para la comodidad de quienes atienden el 80% de las emergencias en la comuna. &nbsp;<\/p>\n\n\n\n<p>\u201cNosotros estamos muy contentos como municipio de haber hecho todas las gestiones necesarias para poder desarrollar este proyecto y por supuesto el Gobierno Regional haberlo financiado. Este es un proyecto que favorece a toda la comunidad, dada la actividad que realizan bomberos, que es una actividad transversal, comunal, social muy importante y adem\u00e1s es ad honorem. Asique, muy contento por bomberos, por esta obra que vamos a comenzar a ejecutar en La Higuera y tambi\u00e9n lo que significa la generaci\u00f3n de empleo durante casi un a\u00f1o que va a durar la obra\u201d, destac\u00f3 el alcalde. \u00a0<\/p>\n\n\n\n<figure class=\"wp-block-image size-full\"><a href=\"https:\/\/www.radiolimari.cl\/wp-content\/uploads\/2023\/04\/2J9A2596.jpg\"><img decoding=\"async\" width=\"800\" height=\"533\" src=\"https:\/\/www.radiolimari.cl\/wp-content\/uploads\/2023\/04\/2J9A2596.jpg\" alt=\"\" class=\"wp-image-8977\" srcset=\"https:\/\/www.radiolimari.cl\/wp-content\/uploads\/2023\/04\/2J9A2596.jpg 800w, https:\/\/www.radiolimari.cl\/wp-content\/uploads\/2023\/04\/2J9A2596-300x200.jpg 300w, https:\/\/www.radiolimari.cl\/wp-content\/uploads\/2023\/04\/2J9A2596-768x512.jpg 768w\" sizes=\"(max-width: 800px) 100vw, 800px\" \/><\/a><\/figure>\n\n\n\n<p>Por su parte, la gobernadora Krist Naranjo, inform\u00f3 que \u201ctenemos la gran noticia de que ya se pudo adjudicar una empresa la construcci\u00f3n del cuartel de La Higuera y con esto ya se empieza a cumplir este sue\u00f1o tan anhelado de los propios bomberos y la comunidad\u201d. &nbsp;<\/p>\n\n\n\n<p><strong>Detalles del proyecto&nbsp;<\/strong><\/p>\n\n\n\n<p>Contempla la construcci\u00f3n de una sala multiuso, pasillo, ba\u00f1o para hombres y mujeres, oficinas, sala de m\u00e1quinas, bodega, hall de acceso; sala de casilleros separado, masculino y femenino; terraza, sala de guardia nocturna femenina y masculina; entre otros, lo que hace una superficie total construida de 452.22 m2. &nbsp;<\/p>\n\n\n\n<p>El edificio se emplazar\u00e1 en un terreno de propiedad del cuerpo de bomberos de la comuna, y los costos de operaci\u00f3n y mantenci\u00f3n ser\u00e1n de responsabilidad de la unidad.&nbsp;<\/p>\n\n\n\n<p><strong>Apoyo a bomberos&nbsp;<\/strong><\/p>\n\n\n\n<p>Mediante convenios firmados por la Junta Nacional de Cuerpos de Bomberos de Chile, el Gobierno Regional ha realizado una importante inversi\u00f3n superior a los $10 mil millones con financiamiento FNDR, para apoyar y fortalecer su labor con la reposici\u00f3n de cuarteles, carros bomba, carros de rescate, camiones aljibes y equipamiento de protecci\u00f3n personal, entre otros elementos.<strong>\u00a0<\/strong><\/p>\n\n\n\n<figure class=\"wp-block-image size-full\"><a href=\"https:\/\/www.radiolimari.cl\/wp-content\/uploads\/2023\/04\/2J9A2612.jpg\"><img loading=\"lazy\" decoding=\"async\" width=\"800\" height=\"533\" src=\"https:\/\/www.radiolimari.cl\/wp-content\/uploads\/2023\/04\/2J9A2612.jpg\" alt=\"\" class=\"wp-image-8978\" srcset=\"https:\/\/www.radiolimari.cl\/wp-content\/uploads\/2023\/04\/2J9A2612.jpg 800w, https:\/\/www.radiolimari.cl\/wp-content\/uploads\/2023\/04\/2J9A2612-300x200.jpg 300w, https:\/\/www.radiolimari.cl\/wp-content\/uploads\/2023\/04\/2J9A2612-768x512.jpg 768w\" sizes=\"(max-width: 800px) 100vw, 800px\" \/><\/a><\/figure>\n","protected":false},"excerpt":{"rendered":"<p>Inversi\u00f3n del Gobierno Regional supera los $530 millones, contempla equipamiento y beneficia en forma directa a m\u00e1s de 30 voluntarios, en su mayor\u00eda mujeres, que conforman la 1ra. Compa\u00f1\u00eda de Bomberos de esta comuna.\u00a0 \u201cNosotros llevamos en este cuartel aproximadamente 20 a\u00f1os y el invierno es el tema que a nosotros nos afecta harto, ya &#8230;<\/p>\n","protected":false},"author":2,"featured_media":8978,"comment_status":"open","ping_status":"open","sticky":false,"template":"","format":"standard","meta":{"footnotes":""},"categories":[6],"tags":[],"class_list":["post-8974","post","type-post","status-publish","format-standard","has-post-thumbnail","hentry","category-regionales"],"_links":{"self":[{"href":"https:\/\/www.radiolimari.cl\/index.php?rest_route=\/wp\/v2\/posts\/8974","targetHints":{"allow":["GET"]}}],"collection":[{"href":"https:\/\/www.radiolimari.cl\/index.php?rest_route=\/wp\/v2\/posts"}],"about":[{"href":"https:\/\/www.radiolimari.cl\/index.php?rest_route=\/wp\/v2\/types\/post"}],"author":[{"embeddable":true,"href":"https:\/\/www.radiolimari.cl\/index.php?rest_route=\/wp\/v2\/users\/2"}],"replies":[{"embeddable":true,"href":"https:\/\/www.radiolimari.cl\/index.php?rest_route=%2Fwp%2Fv2%2Fcomments&post=8974"}],"version-history":[{"count":1,"href":"https:\/\/www.radiolimari.cl\/index.php?rest_route=\/wp\/v2\/posts\/8974\/revisions"}],"predecessor-version":[{"id":8979,"href":"https:\/\/www.radiolimari.cl\/index.php?rest_route=\/wp\/v2\/posts\/8974\/revisions\/8979"}],"wp:featuredmedia":[{"embeddable":true,"href":"https:\/\/www.radiolimari.cl\/index.php?rest_route=\/wp\/v2\/media\/8978"}],"wp:attachment":[{"href":"https:\/\/www.radiolimari.cl\/index.php?rest_route=%2Fwp%2Fv2%2Fmedia&parent=8974"}],"wp:term":[{"taxonomy":"category","embeddable":true,"href":"https:\/\/www.radiolimari.cl\/index.php?rest_route=%2Fwp%2Fv2%2Fcategories&post=8974"},{"taxonomy":"post_tag","embeddable":true,"href":"https:\/\/www.radiolimari.cl\/index.php?rest_route=%2Fwp%2Fv2%2Ftags&post=8974"}],"curies":[{"name":"wp","href":"https:\/\/api.w.org\/{rel}","templated":true}]}}