{"id":8958,"date":"2023-04-22T15:35:48","date_gmt":"2023-04-22T15:35:48","guid":{"rendered":"https:\/\/www.radiolimari.cl\/?p=8958"},"modified":"2023-04-22T15:35:48","modified_gmt":"2023-04-22T15:35:48","slug":"en-la-comuna-de-la-higuera-inauguran-memorial-a-100-anos-del-naufragio-del-vapor-itata","status":"publish","type":"post","link":"https:\/\/www.radiolimari.cl\/?p=8958","title":{"rendered":"En la comuna de La Higuera inauguran memorial a 100 a\u00f1os del naufragio del vapor Itata"},"content":{"rendered":"\n<figure class=\"wp-block-image size-large is-resized\"><a href=\"https:\/\/www.radiolimari.cl\/wp-content\/uploads\/2023\/04\/IMG-20230420-WA0014.jpg\"><img fetchpriority=\"high\" decoding=\"async\" src=\"https:\/\/www.radiolimari.cl\/wp-content\/uploads\/2023\/04\/IMG-20230420-WA0014-1024x682.jpg\" alt=\"\" class=\"wp-image-8959\" width=\"396\" height=\"263\" srcset=\"https:\/\/www.radiolimari.cl\/wp-content\/uploads\/2023\/04\/IMG-20230420-WA0014-1024x682.jpg 1024w, https:\/\/www.radiolimari.cl\/wp-content\/uploads\/2023\/04\/IMG-20230420-WA0014-300x200.jpg 300w, https:\/\/www.radiolimari.cl\/wp-content\/uploads\/2023\/04\/IMG-20230420-WA0014-768x512.jpg 768w, https:\/\/www.radiolimari.cl\/wp-content\/uploads\/2023\/04\/IMG-20230420-WA0014.jpg 1280w\" sizes=\"(max-width: 396px) 100vw, 396px\" \/><\/a><\/figure>\n\n\n\n<p><strong>Gobernadora Krist Naranjo destac\u00f3 el valor patrimonial y tur\u00edstico del lugar que cuenta con una infraestructura financiada por el Gobierno Regional.\u00a0\u00a0<\/strong><\/p>\n\n\n\n<p>Un 28 de agosto de 1922 se produjo una de las mayores tragedias n\u00e1uticas de la historia, donde m\u00e1s de 400 personas fallecieron en el naufragio del vapor Itata, hecho que se produjo en las costas de la comuna de La Higuera y que hoy, a 100 a\u00f1os, se conmemora con una ofrenda floral y con la existencia de las obras del nuevo memorial que deja una huella imborrable de este suceso ocurrido en median\u00edas de la Playa Grande de la localidad de Los Choros. &nbsp;<\/p>\n\n\n\n<p>En la ceremonia de inauguraci\u00f3n estuvo la gobernadora, Krist Naranjo, quien valor\u00f3 la inversi\u00f3n por cerca de $50 millones del Gobierno Regional, para levantar en esta zona un memorial en honor a las v\u00edctimas y, a la vez, destacar su valor cultural, social y tur\u00edstico. &nbsp;<\/p>\n\n\n\n<p>\u201cHoy d\u00eda es importante destacarla como un valor patrimonial e hist\u00f3rico en esta zona de La Higuera que es tan rica tambi\u00e9n en patrimonio natural, por lo tanto, va a ser una para obligada para el turismo en esta zona que nosotros tambi\u00e9n como Gobierno Regional tenemos la disposici\u00f3n de fomentar\u201d, se\u00f1al\u00f3 la m\u00e1xima autoridad regional. &nbsp;<\/p>\n\n\n\n<p>Dicho proyecto, fue postulado y dise\u00f1ado por la municipalidad de La Higuera, debido al alto inter\u00e9s de vecinas y vecinos por rescatar su historia, iniciativa que fue impulsada por la misma comunidad junto al alcalde Yerko Galleguillos. &nbsp;<\/p>\n\n\n\n<p>\u201cUn pa\u00eds que no tiene historia es un pa\u00eds muerto, entonces, lo que hemos querido hacer nosotros con esta gran obra, gracias a los fondos FRIL que dispuso el Gobierno Regional, es justamente construir un lugar, dotarlo de instalaciones que sean amigables con las personas que visitan nuestra comuna y especialmente la Reserva Nacional Ping\u00fcino de Humboldt, porque este lugar se encuentra como pasada obligada a las personas que van a la Reserva\u201d, destac\u00f3 el alcalde.&nbsp;<\/p>\n\n\n\n<p>Emocionados, vecinas y vecinos de Los Choros y del sector El Llano de La Higuera, expresaron que \u201ceste hito ser\u00eda como el principal para potenciar este lugar, hay que cuidarlo, mantenerlo y aprovecharlo\u201d, dijo Yanina Vilches.&nbsp;<\/p>\n\n\n\n<p>Para Ram\u00f3n Morales, quien ayud\u00f3 a construir el memorial original hace 30 a\u00f1os atr\u00e1s, este es un hecho relevante para la comunidad que ha seguido de cerca la historia del Itata, \u201cme emociono porque yo de chico he estado escuchando historias, mi abuelo, mi abuela, todos y toda la vida hemos venido nosotros en los aniversarios a rezar, siempre estuvimos cerca\u201d. &nbsp;<\/p>\n\n\n\n<p>Exprofesora y encargada de la capilla San Jos\u00e9 de Los Choros, la se\u00f1ora Melania Morales, manifest\u00f3 que \u201cdespu\u00e9s de 100 a\u00f1os que se tenga esto es una maravilla, porque nosotros a esas personas no las conoc\u00edamos, solamente a los sobrevivientes, pero est\u00e1n en nuestra memoria y ellos necesitan que los recordemos y recemos por ellos, porque murieron en forma tr\u00e1gica\u201d. &nbsp;<\/p>\n\n\n\n<p><strong>Al rescate de la historia&nbsp;<\/strong><\/p>\n\n\n\n<p>En 2017, gracias a la ciencia y el uso de tecnolog\u00eda dispuesta por la Universidad Cat\u00f3lica del Norte UCN, la Armada, Oceana y el propio municipio, levantaron la excursi\u00f3n para encontrar los restos del nav\u00edo, logrando dar con el paradero del Itata a m\u00e1s de 200 metros de profundidad. Esto permiti\u00f3 seguir profundizando en la labor investigativa y rescate de la historia al alcance de la comunidad. &nbsp;<\/p>\n\n\n\n<p>Carlos Cort\u00e9s, uno de los investigadores del Itata junto con Ricardo Bordones, se\u00f1al\u00f3 que \u201cesto es el comienzo del verdadero reconocimiento o de la puesta en valor de esta historia que ya pasa a ser un patrimonio, no s\u00f3lo de La Higuera, sino un patrimonio nacional y tambi\u00e9n el inicio para una serie de nuevas iniciativas para resurgir esta historia\u201d. &nbsp;<\/p>\n\n\n\n<p><strong>Memorial &nbsp;<\/strong><\/p>\n\n\n\n<p>La construcci\u00f3n, cuyo foco central es una placa de metal con los nombres de las 400 v\u00edctimas registradas, consider\u00f3 una estructura de pilares y vigas de hormig\u00f3n armado en el \u00e1rea solemne, con paramentos confinados de alba\u00f1iler\u00eda en piedra. En el \u00e1rea de permanencia existe un sombreadero de pilares y vigas de madera. Sobre \u00e9stas se instal\u00f3 un palillaje, tambi\u00e9n de madera, con el fin de tamizar la luz y brindar sombra. Se incorporaron muretes bajos de alba\u00f1iler\u00eda en piedra. &nbsp;<\/p>\n","protected":false},"excerpt":{"rendered":"<p>Gobernadora Krist Naranjo destac\u00f3 el valor patrimonial y tur\u00edstico del lugar que cuenta con una infraestructura financiada por el Gobierno Regional.\u00a0\u00a0 Un 28 de agosto de 1922 se produjo una de las mayores tragedias n\u00e1uticas de la historia, donde m\u00e1s de 400 personas fallecieron en el naufragio del vapor Itata, hecho que se produjo en &#8230;<\/p>\n","protected":false},"author":2,"featured_media":8959,"comment_status":"open","ping_status":"open","sticky":false,"template":"","format":"standard","meta":{"footnotes":""},"categories":[6],"tags":[],"class_list":["post-8958","post","type-post","status-publish","format-standard","has-post-thumbnail","hentry","category-regionales"],"_links":{"self":[{"href":"https:\/\/www.radiolimari.cl\/index.php?rest_route=\/wp\/v2\/posts\/8958","targetHints":{"allow":["GET"]}}],"collection":[{"href":"https:\/\/www.radiolimari.cl\/index.php?rest_route=\/wp\/v2\/posts"}],"about":[{"href":"https:\/\/www.radiolimari.cl\/index.php?rest_route=\/wp\/v2\/types\/post"}],"author":[{"embeddable":true,"href":"https:\/\/www.radiolimari.cl\/index.php?rest_route=\/wp\/v2\/users\/2"}],"replies":[{"embeddable":true,"href":"https:\/\/www.radiolimari.cl\/index.php?rest_route=%2Fwp%2Fv2%2Fcomments&post=8958"}],"version-history":[{"count":1,"href":"https:\/\/www.radiolimari.cl\/index.php?rest_route=\/wp\/v2\/posts\/8958\/revisions"}],"predecessor-version":[{"id":8960,"href":"https:\/\/www.radiolimari.cl\/index.php?rest_route=\/wp\/v2\/posts\/8958\/revisions\/8960"}],"wp:featuredmedia":[{"embeddable":true,"href":"https:\/\/www.radiolimari.cl\/index.php?rest_route=\/wp\/v2\/media\/8959"}],"wp:attachment":[{"href":"https:\/\/www.radiolimari.cl\/index.php?rest_route=%2Fwp%2Fv2%2Fmedia&parent=8958"}],"wp:term":[{"taxonomy":"category","embeddable":true,"href":"https:\/\/www.radiolimari.cl\/index.php?rest_route=%2Fwp%2Fv2%2Fcategories&post=8958"},{"taxonomy":"post_tag","embeddable":true,"href":"https:\/\/www.radiolimari.cl\/index.php?rest_route=%2Fwp%2Fv2%2Ftags&post=8958"}],"curies":[{"name":"wp","href":"https:\/\/api.w.org\/{rel}","templated":true}]}}