{"id":8952,"date":"2023-04-22T15:01:11","date_gmt":"2023-04-22T15:01:11","guid":{"rendered":"https:\/\/www.radiolimari.cl\/?p=8952"},"modified":"2023-04-22T15:01:12","modified_gmt":"2023-04-22T15:01:12","slug":"municipio-de-rio-hurtado-realiza-hoy-sabado-la-fiesta-de-estrellas-en-el-monumento-natural-pichasca","status":"publish","type":"post","link":"https:\/\/www.radiolimari.cl\/?p=8952","title":{"rendered":"Municipio de R\u00edo Hurtado realiza hoy S\u00e1bado la \u201cFiesta de Estrellas\u201d en el Monumento Natural Pichasca"},"content":{"rendered":"\n<figure class=\"wp-block-image size-full\"><a href=\"https:\/\/www.radiolimari.cl\/wp-content\/uploads\/2023\/04\/Fiesta-de-Estrellas-Rio-Hurtado-3.jpg\"><img fetchpriority=\"high\" decoding=\"async\" width=\"1024\" height=\"721\" src=\"https:\/\/www.radiolimari.cl\/wp-content\/uploads\/2023\/04\/Fiesta-de-Estrellas-Rio-Hurtado-3.jpg\" alt=\"\" class=\"wp-image-8953\" srcset=\"https:\/\/www.radiolimari.cl\/wp-content\/uploads\/2023\/04\/Fiesta-de-Estrellas-Rio-Hurtado-3.jpg 1024w, https:\/\/www.radiolimari.cl\/wp-content\/uploads\/2023\/04\/Fiesta-de-Estrellas-Rio-Hurtado-3-300x211.jpg 300w, https:\/\/www.radiolimari.cl\/wp-content\/uploads\/2023\/04\/Fiesta-de-Estrellas-Rio-Hurtado-3-768x541.jpg 768w\" sizes=\"(max-width: 1024px) 100vw, 1024px\" \/><\/a><\/figure>\n\n\n\n<p>Los astros ser\u00e1n los principales protagonistas de esta actividad que se realizar\u00e1 espec\u00edficamente en el Centro de Difusi\u00f3n Patrimonial, ubicado en dicho monumento, y que contempla talleres de astrofotograf\u00eda y del cuidado del cielo, aprendizajes multimediales a trav\u00e9s de un planetario, adem\u00e1s de m\u00fasica en vivo y un tour astron\u00f3mico.<\/p>\n\n\n\n<p>La comuna de R\u00edo Hurtado, en el valle de Limar\u00ed, contin\u00faa trabajando para certificar internacionalmente sus cielos oscuros, uno de los m\u00e1s limpios del pa\u00eds. Y en este contexto y en el marco de la Semana Internacional del Cielo Oscuro de la Asociaci\u00f3n Internacional de Cielos Oscuros, IDA por sus siglas en ingl\u00e9s, la Municipalidad de R\u00edo Hurtado invita a la \u201cFiesta de Estrellas\u201d para este s\u00e1bado 22 de abril.<\/p>\n\n\n\n<p>Este evento astron\u00f3mico abierto a toda la comunidad va en la direcci\u00f3n de tomar conciencia sobre la contaminaci\u00f3n lum\u00ednica y promover el cuidado de nuestro cielo, uno de los m\u00e1s limpios del mundo.<\/p>\n\n\n\n<p>La jornada se realizar\u00e1 en el Centro de Difusi\u00f3n Patrimonial, ubicado en el Monumento Natural Pichasca, y est\u00e1n programadas diversas actividades. Podr\u00e1s visitar el planetario para aprender sobre el cielo y sus astros en forma multimedial, aprender de astrofotograf\u00eda, conocer los aspectos m\u00e1s relevantes del cuidado a nuestro cielo y la jornada finalizar\u00e1 con un tour astron\u00f3mico y m\u00fasica en vivo para contemplar las maravillas del universo.<\/p>\n\n\n\n<p>\u201cEst\u00e1n todos invitados a vivir la \u2018Fiestas de Estrellas\u2019, donde vamos a tener una de las noches m\u00e1s oscuras, quienes asistan van a poder disfrutar de la v\u00eda l\u00e1ctea, y todos los asistentes estar\u00e1n acompa\u00f1ados por profesionales en la materia. La jornada comienza a las 16.00 horas con diferentes actividades abierta a toda la comunidad para que disfruten ni\u00f1os, j\u00f3venes y adultos\u201d, invit\u00f3 la alcaldesa Carmen Juana Olivares.<\/p>\n\n\n\n<p>La jornada culminar\u00e1 con un tour astron\u00f3mico impartido por Elke Schulz, gu\u00eda astron\u00f3mica del observatorio Daniel Verschatse que se ubica en la localidad de Vado de Morrillos.<\/p>\n\n\n\n<p>\u201cEn la \u2018Fiesta de Estrellas\u2019 se reunir\u00e1 mucha gente para observar el cielo nocturno y disfrutar del cielo oscuro. Tenemos un programa muy lindo, comenzando con el planetario, tendremos stands con un taller para ni\u00f1os y un taller de astrofotograf\u00eda impartido por Eduardo Latorre y otras charlas sobre la contaminaci\u00f3n lum\u00ednica. Podremos disfrutar el cielo a simple vista y tambi\u00e9n con telescopios\u201d, detall\u00f3.<\/p>\n\n\n\n<p>Varias personas han manifestado su intenci\u00f3n de asistir a la jornada que ser\u00e1 gratuita. Y si a\u00fan est\u00e1s interesado, solo debes inscribirte al correo muniriohurtado@gmail.com indicando tu nombre completo y tel\u00e9fono de contacto.<\/p>\n\n\n\n<p>Desde las 16.00 horas en el Centro de Difusi\u00f3n Patrimonial del Monumento Natural Pichasca se vivir\u00e1 la \u201cFiesta de Estrellas\u201d en la comuna de R\u00edo Hurtado.<\/p>\n\n\n\n<p>D\u00cdA DEL LIBRO<\/p>\n\n\n\n<p>En el mismo lugar, pero desde las 15.00 horas, la Municipalidad de R\u00edo Hurtado invita a disfrutar tambi\u00e9n del D\u00eda Mundial del Libro, en la cual la lectura ser\u00e1 protagonista.<\/p>\n\n\n\n<p>Habr\u00e1 pr\u00e9stamo y regalo de libros, sala con tem\u00e1tica infantil, planetario, gastronom\u00eda, artesan\u00eda y m\u00fasica en vivo.<\/p>\n\n\n\n<p>Habr\u00e1 transporte de acercamiento para los vecinos del lugar, desde las 14.00 horas para aquellos que residen desde Las Breas hacia el monumento y desde las 14.30 horas para aquellos que viven desde Tahuinco.<\/p>\n","protected":false},"excerpt":{"rendered":"<p>Los astros ser\u00e1n los principales protagonistas de esta actividad que se realizar\u00e1 espec\u00edficamente en el Centro de Difusi\u00f3n Patrimonial, ubicado en dicho monumento, y que contempla talleres de astrofotograf\u00eda y del cuidado del cielo, aprendizajes multimediales a trav\u00e9s de un planetario, adem\u00e1s de m\u00fasica en vivo y un tour astron\u00f3mico. La comuna de R\u00edo Hurtado, &#8230;<\/p>\n","protected":false},"author":2,"featured_media":8953,"comment_status":"open","ping_status":"open","sticky":false,"template":"","format":"standard","meta":{"footnotes":""},"categories":[5],"tags":[],"class_list":["post-8952","post","type-post","status-publish","format-standard","has-post-thumbnail","hentry","category-actualidad-limarina"],"_links":{"self":[{"href":"https:\/\/www.radiolimari.cl\/index.php?rest_route=\/wp\/v2\/posts\/8952","targetHints":{"allow":["GET"]}}],"collection":[{"href":"https:\/\/www.radiolimari.cl\/index.php?rest_route=\/wp\/v2\/posts"}],"about":[{"href":"https:\/\/www.radiolimari.cl\/index.php?rest_route=\/wp\/v2\/types\/post"}],"author":[{"embeddable":true,"href":"https:\/\/www.radiolimari.cl\/index.php?rest_route=\/wp\/v2\/users\/2"}],"replies":[{"embeddable":true,"href":"https:\/\/www.radiolimari.cl\/index.php?rest_route=%2Fwp%2Fv2%2Fcomments&post=8952"}],"version-history":[{"count":1,"href":"https:\/\/www.radiolimari.cl\/index.php?rest_route=\/wp\/v2\/posts\/8952\/revisions"}],"predecessor-version":[{"id":8954,"href":"https:\/\/www.radiolimari.cl\/index.php?rest_route=\/wp\/v2\/posts\/8952\/revisions\/8954"}],"wp:featuredmedia":[{"embeddable":true,"href":"https:\/\/www.radiolimari.cl\/index.php?rest_route=\/wp\/v2\/media\/8953"}],"wp:attachment":[{"href":"https:\/\/www.radiolimari.cl\/index.php?rest_route=%2Fwp%2Fv2%2Fmedia&parent=8952"}],"wp:term":[{"taxonomy":"category","embeddable":true,"href":"https:\/\/www.radiolimari.cl\/index.php?rest_route=%2Fwp%2Fv2%2Fcategories&post=8952"},{"taxonomy":"post_tag","embeddable":true,"href":"https:\/\/www.radiolimari.cl\/index.php?rest_route=%2Fwp%2Fv2%2Ftags&post=8952"}],"curies":[{"name":"wp","href":"https:\/\/api.w.org\/{rel}","templated":true}]}}