{"id":8943,"date":"2023-04-20T02:43:31","date_gmt":"2023-04-20T02:43:31","guid":{"rendered":"https:\/\/www.radiolimari.cl\/?p=8943"},"modified":"2023-04-20T02:43:32","modified_gmt":"2023-04-20T02:43:32","slug":"pdi-detiene-a-integrantes-de-grupo-armado-que-disparo-a-detectives-durante-procedimiento-por-narcocultivo-en-vicuna","status":"publish","type":"post","link":"https:\/\/www.radiolimari.cl\/?p=8943","title":{"rendered":"PDI detiene a integrantes de grupo armado que dispar\u00f3 a detectives durante procedimiento por narcocultivo en Vicu\u00f1a"},"content":{"rendered":"\n<figure class=\"wp-block-image size-large\"><a href=\"https:\/\/www.radiolimari.cl\/wp-content\/uploads\/2023\/04\/WhatsApp-Image-2023-04-18-at-15.28.42-1.jpeg\"><img fetchpriority=\"high\" decoding=\"async\" width=\"1024\" height=\"768\" src=\"https:\/\/www.radiolimari.cl\/wp-content\/uploads\/2023\/04\/WhatsApp-Image-2023-04-18-at-15.28.42-1-1024x768.jpeg\" alt=\"\" class=\"wp-image-8944\" srcset=\"https:\/\/www.radiolimari.cl\/wp-content\/uploads\/2023\/04\/WhatsApp-Image-2023-04-18-at-15.28.42-1-1024x768.jpeg 1024w, https:\/\/www.radiolimari.cl\/wp-content\/uploads\/2023\/04\/WhatsApp-Image-2023-04-18-at-15.28.42-1-300x225.jpeg 300w, https:\/\/www.radiolimari.cl\/wp-content\/uploads\/2023\/04\/WhatsApp-Image-2023-04-18-at-15.28.42-1-768x576.jpeg 768w, https:\/\/www.radiolimari.cl\/wp-content\/uploads\/2023\/04\/WhatsApp-Image-2023-04-18-at-15.28.42-1.jpeg 1280w\" sizes=\"(max-width: 1024px) 100vw, 1024px\" \/><\/a><\/figure>\n\n\n\n<p><em>Tras la investigaci\u00f3n de la PDI y el Ministerio P\u00fablico se frena el avance del fen\u00f3meno criminal de los narco cultivos en el Valle de Elqui, erradicando una producci\u00f3n ilegal avaluada en $3.500 millones.<\/em><\/p>\n\n\n\n<p>En la quebrada Potrerillos 30 kil\u00f3metros al surponiente de Vicu\u00f1a, en una zona de monta\u00f1a y de dif\u00edcil acceso, los detectives de la Brigada de Investigaci\u00f3n Criminal de dicha comuna desarrollaban su labor, reuniendo las evidencias que dejaban al descubierto varias extensiones territoriales con los llamados \u201cnarco cultivos\u201d.<\/p>\n\n\n\n<p>El pasado 13 de abril, en un procedimiento preliminar de la investigaci\u00f3n en la zona, cuando los funcionarios de la PDI se acercaron a las plantaciones, recibieron disparos de largo alcance. Aunque nadie result\u00f3 lesionado, los detectives debieron retroceder y desarrollar una nueva planificaci\u00f3n operativa, sumando apoyo de equipos especializados de la Brigada Aeropolicial, Equipo de Reacci\u00f3n T\u00e1ctica Metropolitana, adem\u00e1s de las unidades de las prefecturas Elqui y Choapa, para intervenir la quebrada.<\/p>\n\n\n\n<p><strong>\u201cDetuvimos a tres integrantes de esta banda criminal, 2 extranjeros y un chileno mayores de edad, que resguardaban estas plantaciones ilegales. Incautamos sus armas, municiones de distinto calibre, entre otras especies de inter\u00e9s criminal\u00edstico. Intervenimos varias zonas de cultivo, logrando extraer 3.620 plantas del g\u00e9nero cannabis, 350 kilos de la sustancia il\u00edcita a granel y lista para su comercializaci\u00f3n, con ganancias avaluadas t\u00e9cnicamente en m\u00e1s de $3.500 millones, que no van a recibir\u201d,<\/strong> se\u00f1al\u00f3 el subprefecto Daniel Maldonado, jefe de la Brigada de Investigaci\u00f3n Criminal Vicu\u00f1a.<\/p>\n\n\n\n<p>Por la complejidad del traslado de la droga, el tribunal autoriz\u00f3 que la incautaci\u00f3n fuera incinerada por los detectives en el sitio del suceso y el resto de las evidencias fueron exhibidas a las autoridades regionales y medios de comunicaci\u00f3n en el complejo de la PDI.<\/p>\n\n\n\n<p><strong>\u201cEsta es una se\u00f1al muy potente, porque se est\u00e1 robusteciendo la capacidad del Estado para llegar y desarticular las bandas criminales, coordinando con el Ministerio P\u00fablico, con recursos locales y de nivel nacional, para intervenir todas las comunas de la regi\u00f3n donde se detecte esta situaci\u00f3n, que no se viene asentando ayer ni hace un a\u00f1o, sino que se vino consolidando desde la pandemia. Ahora nos estamos haciendo responsables de fortalecer la respuesta del Estado, coordinarla, y por mandato del Presidente Boric, ir m\u00e1s all\u00e1 del decomiso, para desarticular un entramado delictual, las bandas criminales y a los responsables de estos delitos\u201d<\/strong>, advirti\u00f3 Rub\u00e9n Quezada, Delegado Presidencial de la Regi\u00f3n de Coquimbo.<\/p>\n\n\n\n<p>Las investigaciones hist\u00f3ricamente se han concentrado en el Choapa y Limar\u00ed, por eso llama la atenci\u00f3n que el fen\u00f3meno se manifieste en esta provincia.<strong> \u201cEfectivamente, pensamos que la matriz productiva del Valle de Elqui imped\u00eda que se contaminara con estos cultivos pero estamos viendo que se est\u00e1 usando un \u00e1rea geogr\u00e1fica f\u00e9rtil para este tipo de negocio muy lucrativo. Hoy hemos demostrado que el Estado existe, tiene log\u00edstica y tambi\u00e9n inteligencia para perseguir este delito, detener a los imputados y seguir investigando a la red que est\u00e1 detr\u00e1s, para perseguirlos\u201d,<\/strong> expres\u00f3 Adri\u00e1n Vega, Fiscal Regional de Coquimbo.<\/p>\n\n\n\n<p>La comunidad es clave para revelar estas actividades il\u00edcitas, y el alcalde invit\u00f3 a los vecinos a seguir confiando en el trabajo que desarrollan en conjunto con las autoridades, de manera organizada, contra la delincuencia. <strong>\u201cLa respuesta confirma nuestra preocupaci\u00f3n porque la delincuencia tambi\u00e9n est\u00e1 en comunas peque\u00f1as y alejadas como la nuestra. Este es un decomiso hist\u00f3rico en nuestra comuna, que fue posible gracias al trabajo de todos, colaborativo, con el apoyo de profesionales de la regi\u00f3n y de nivel nacional de la PDI junto al Ministerio P\u00fablico, se logr\u00f3 dar respuesta a la demanda de seguridad de los vecinos. A veces los procedimientos son m\u00e1s largos, porque hay que cuidar la integridad de los polic\u00edas y de los vecinos, reunir las pruebas necesarias para llegar a la Justicia\u201d,<\/strong> se\u00f1al\u00f3 Rafael Vera, alcalde de Vicu\u00f1a.<\/p>\n\n\n\n<p>Ante el ataque con arma de fuego que sufrieron los oficiales durante esta investigaci\u00f3n, el Jefe Regional de la PDI dio a conocer que presentar\u00e1 una querella criminal. <strong>\u201cSeguiremos ocupando todas nuestras capacidades como regi\u00f3n, contamos con todo el apoyo de nuestra instituci\u00f3n y de la autoridad pol\u00edtica, para hacernos cargo del Crimen Organizado mediante el desarrollo de investigaciones robustas, con evidencias que permiten la persecuci\u00f3n penal de delitos tan complejos como este, que provocan un gran impacto en la seguridad de las personas\u201d,<\/strong> expres\u00f3 el Prefecto Inspector Jos\u00e9 Carrasco Le\u00f3n.<\/p>\n","protected":false},"excerpt":{"rendered":"<p>Tras la investigaci\u00f3n de la PDI y el Ministerio P\u00fablico se frena el avance del fen\u00f3meno criminal de los narco cultivos en el Valle de Elqui, erradicando una producci\u00f3n ilegal avaluada en $3.500 millones. En la quebrada Potrerillos 30 kil\u00f3metros al surponiente de Vicu\u00f1a, en una zona de monta\u00f1a y de dif\u00edcil acceso, los detectives &#8230;<\/p>\n","protected":false},"author":2,"featured_media":8944,"comment_status":"open","ping_status":"open","sticky":false,"template":"","format":"standard","meta":{"footnotes":""},"categories":[6],"tags":[],"class_list":["post-8943","post","type-post","status-publish","format-standard","has-post-thumbnail","hentry","category-regionales"],"_links":{"self":[{"href":"https:\/\/www.radiolimari.cl\/index.php?rest_route=\/wp\/v2\/posts\/8943","targetHints":{"allow":["GET"]}}],"collection":[{"href":"https:\/\/www.radiolimari.cl\/index.php?rest_route=\/wp\/v2\/posts"}],"about":[{"href":"https:\/\/www.radiolimari.cl\/index.php?rest_route=\/wp\/v2\/types\/post"}],"author":[{"embeddable":true,"href":"https:\/\/www.radiolimari.cl\/index.php?rest_route=\/wp\/v2\/users\/2"}],"replies":[{"embeddable":true,"href":"https:\/\/www.radiolimari.cl\/index.php?rest_route=%2Fwp%2Fv2%2Fcomments&post=8943"}],"version-history":[{"count":1,"href":"https:\/\/www.radiolimari.cl\/index.php?rest_route=\/wp\/v2\/posts\/8943\/revisions"}],"predecessor-version":[{"id":8945,"href":"https:\/\/www.radiolimari.cl\/index.php?rest_route=\/wp\/v2\/posts\/8943\/revisions\/8945"}],"wp:featuredmedia":[{"embeddable":true,"href":"https:\/\/www.radiolimari.cl\/index.php?rest_route=\/wp\/v2\/media\/8944"}],"wp:attachment":[{"href":"https:\/\/www.radiolimari.cl\/index.php?rest_route=%2Fwp%2Fv2%2Fmedia&parent=8943"}],"wp:term":[{"taxonomy":"category","embeddable":true,"href":"https:\/\/www.radiolimari.cl\/index.php?rest_route=%2Fwp%2Fv2%2Fcategories&post=8943"},{"taxonomy":"post_tag","embeddable":true,"href":"https:\/\/www.radiolimari.cl\/index.php?rest_route=%2Fwp%2Fv2%2Ftags&post=8943"}],"curies":[{"name":"wp","href":"https:\/\/api.w.org\/{rel}","templated":true}]}}