{"id":8940,"date":"2023-04-19T23:24:41","date_gmt":"2023-04-19T23:24:41","guid":{"rendered":"https:\/\/www.radiolimari.cl\/?p=8940"},"modified":"2023-04-19T23:24:41","modified_gmt":"2023-04-19T23:24:41","slug":"gobernadora-krist-naranjo-da-prioridad-a-proyecto-reformulado-que-ingreso-la-subsecretaria-de-mineria","status":"publish","type":"post","link":"https:\/\/www.radiolimari.cl\/?p=8940","title":{"rendered":"Gobernadora Krist Naranjo da prioridad a proyecto reformulado que ingres\u00f3 la Subsecretar\u00eda de Miner\u00eda"},"content":{"rendered":"\n<figure class=\"wp-block-image size-full is-resized\"><a href=\"https:\/\/www.radiolimari.cl\/wp-content\/uploads\/2023\/04\/2J9A9140-1.jpg\"><img fetchpriority=\"high\" decoding=\"async\" src=\"https:\/\/www.radiolimari.cl\/wp-content\/uploads\/2023\/04\/2J9A9140-1.jpg\" alt=\"\" class=\"wp-image-8941\" width=\"396\" height=\"263\" srcset=\"https:\/\/www.radiolimari.cl\/wp-content\/uploads\/2023\/04\/2J9A9140-1.jpg 800w, https:\/\/www.radiolimari.cl\/wp-content\/uploads\/2023\/04\/2J9A9140-1-300x200.jpg 300w, https:\/\/www.radiolimari.cl\/wp-content\/uploads\/2023\/04\/2J9A9140-1-768x512.jpg 768w\" sizes=\"(max-width: 396px) 100vw, 396px\" \/><\/a><\/figure>\n\n\n\n<p><strong>Debido a las gestiones de la m\u00e1xima autoridad regional en Santiago, el organismo Estatal cumpli\u00f3 las condiciones requeridas para recibir el financiamiento total por m\u00e1s de $1.598 millones.\u00a0\u00a0<\/strong><\/p>\n\n\n\n<p>Tras la demora del proyecto \u201cTransferencia desarrollo sostenible de la Miner\u00eda de menor escala de la Regi\u00f3n de Coquimbo\u201d, por parte de la Secretar\u00eda Regional Ministerial de Miner\u00eda, fue finalmente la gobernadora regional, Krist Naranjo, quien directamente realiz\u00f3 las gestiones en Santiago para reingresar la iniciativa con la modificaci\u00f3n indicada de acuerdo a la restricci\u00f3n de la Direcci\u00f3n de Presupuestos (Dipres).<\/p>\n\n\n\n<p>Las buenas noticias llegaron esta semana, ya que desde la Subsecretar\u00eda de Miner\u00eda ingresaron reformulado el proyecto, cuyo monto alcanza los $1.598.200 millones, para que el Gobierno Regional pueda traspasar los recursos y financiar el fortalecimiento del rubro que ejercen miles de mineras y mineros en la regi\u00f3n.<\/p>\n\n\n\n<p>La propuesta ha obtenido la Autorizaci\u00f3n T\u00e9cnica (AT) y la gobernadora ya dio prioridad para que pueda ser aprobada en el Consejo Regional (CORE).<\/p>\n\n\n\n<p>\u201cEste era el camino, as\u00ed lo entendieron desde el Ministerio y la Subsecretar\u00eda de Miner\u00eda. Se hizo tal como lo solicitamos del d\u00eda 1, que fue reingresar la iniciativa con la modificaci\u00f3n estipulada por la restricci\u00f3n en la glosa que observ\u00f3 la Dipres. Lamento que no se nos haya escuchado anteriormente y haber avanzado mucho antes. Pero lo importante que esto se subsan\u00f3 y ahora podemos ingresar con urgencia esta iniciativa para la aprobaci\u00f3n en el Consejo Regional. Agradezco la voluntad de la Ministra de Miner\u00eda de escucharme, entender y apurar este proceso de reformulaci\u00f3n del programa y as\u00ed continuar trabajando en conjunto. Desde el Gobierno Regional seguiremos apoyando a la peque\u00f1a miner\u00eda y este paso viene a reforzar nuestro compromiso\u201d, asegur\u00f3 la gobernadora regional, Krist Naranjo.<\/p>\n\n\n\n<p>Agradecido de las gestiones realizadas por la gobernadora y los resultados que esperan ver pronto para continuar con el programa de apoyo a la peque\u00f1a miner\u00eda regional, expres\u00f3 Eric Berr\u00edos, presidente del Sindicato de Pirquineros y Peque\u00f1os Mineros de Andacollo, \u201ccontento de que se avance, de que puedan lograr avances porque de verdad los peque\u00f1os mineros necesitan ayuda, de verdad para cumplir con la normativa vigente es dif\u00edcil, hay muchas trabas, hay muchos problemas de la Enami, del Sernaegomin, te ponen muchos problemas para poder trabajar, para desarrollarte, entonces, sin el apoyo de estos proyectos lamentablemente hay muchos mineros que se quedan en la ilegalidad o simplemente tienen que buscar pega en otra cosa\u201d.<\/p>\n\n\n\n<p><strong>Antecedentes<\/strong><\/p>\n\n\n\n<p>Durante el 2022 no se pudo generar convenios con la Secretar\u00eda Regional Ministerial de Miner\u00eda porque esta instituci\u00f3n no hab\u00eda rendido los recursos aportados desde el Fondo Nacional de Desarrollo Regional, en ese entonces, para el denominado \u201cFNDR Minero\u201d.<\/p>\n\n\n\n<p>Adem\u00e1s, durante enero del 2021, el Gobierno Regional se querell\u00f3 por mal uso de fondos fiscales contra quienes resulten responsables en la Seremi de Miner\u00eda, periodo 2020.<\/p>\n\n\n\n<p>El 29 marzo del 2023, la Divisi\u00f3n de Planificaci\u00f3n y Desarrollo Regional del Gobierno Regional, la Seremi de Miner\u00eda, consejeros regionales y dirigentes mineros, acordaron que, una vez que llegue el pronunciamiento favorable de Dipres en base al proyecto anterior, presentado por la Seremi Constanza Espinoza, se aprobar\u00e1 en el Gobierno Regional. A la fecha no hay novedades.<\/p>\n\n\n\n<p>Finalmente, fue en la Subsecretar\u00eda de Miner\u00eda donde se reformul\u00f3 correctamente el proyecto seg\u00fan las indicaciones requeridas y esta iniciativa podr\u00e1 recibir los recursos esperados.<\/p>\n","protected":false},"excerpt":{"rendered":"<p>Debido a las gestiones de la m\u00e1xima autoridad regional en Santiago, el organismo Estatal cumpli\u00f3 las condiciones requeridas para recibir el financiamiento total por m\u00e1s de $1.598 millones.\u00a0\u00a0 Tras la demora del proyecto \u201cTransferencia desarrollo sostenible de la Miner\u00eda de menor escala de la Regi\u00f3n de Coquimbo\u201d, por parte de la Secretar\u00eda Regional Ministerial de &#8230;<\/p>\n","protected":false},"author":2,"featured_media":8941,"comment_status":"open","ping_status":"open","sticky":false,"template":"","format":"standard","meta":{"footnotes":""},"categories":[6],"tags":[],"class_list":["post-8940","post","type-post","status-publish","format-standard","has-post-thumbnail","hentry","category-regionales"],"_links":{"self":[{"href":"https:\/\/www.radiolimari.cl\/index.php?rest_route=\/wp\/v2\/posts\/8940","targetHints":{"allow":["GET"]}}],"collection":[{"href":"https:\/\/www.radiolimari.cl\/index.php?rest_route=\/wp\/v2\/posts"}],"about":[{"href":"https:\/\/www.radiolimari.cl\/index.php?rest_route=\/wp\/v2\/types\/post"}],"author":[{"embeddable":true,"href":"https:\/\/www.radiolimari.cl\/index.php?rest_route=\/wp\/v2\/users\/2"}],"replies":[{"embeddable":true,"href":"https:\/\/www.radiolimari.cl\/index.php?rest_route=%2Fwp%2Fv2%2Fcomments&post=8940"}],"version-history":[{"count":1,"href":"https:\/\/www.radiolimari.cl\/index.php?rest_route=\/wp\/v2\/posts\/8940\/revisions"}],"predecessor-version":[{"id":8942,"href":"https:\/\/www.radiolimari.cl\/index.php?rest_route=\/wp\/v2\/posts\/8940\/revisions\/8942"}],"wp:featuredmedia":[{"embeddable":true,"href":"https:\/\/www.radiolimari.cl\/index.php?rest_route=\/wp\/v2\/media\/8941"}],"wp:attachment":[{"href":"https:\/\/www.radiolimari.cl\/index.php?rest_route=%2Fwp%2Fv2%2Fmedia&parent=8940"}],"wp:term":[{"taxonomy":"category","embeddable":true,"href":"https:\/\/www.radiolimari.cl\/index.php?rest_route=%2Fwp%2Fv2%2Fcategories&post=8940"},{"taxonomy":"post_tag","embeddable":true,"href":"https:\/\/www.radiolimari.cl\/index.php?rest_route=%2Fwp%2Fv2%2Ftags&post=8940"}],"curies":[{"name":"wp","href":"https:\/\/api.w.org\/{rel}","templated":true}]}}