{"id":8930,"date":"2023-04-19T20:02:30","date_gmt":"2023-04-19T20:02:30","guid":{"rendered":"https:\/\/www.radiolimari.cl\/?p=8930"},"modified":"2023-04-19T20:02:30","modified_gmt":"2023-04-19T20:02:30","slug":"seremi-del-trabajo-claudia-santandercomo-gobierno-es-muy-importante-destacar-el-acuerdo-para-el-reajuste-del-ingreso-minimo-mensual","status":"publish","type":"post","link":"https:\/\/www.radiolimari.cl\/?p=8930","title":{"rendered":"Seremi del Trabajo, Claudia Santander:Como Gobierno es muy importante destacar el acuerdo para el reajuste del ingreso m\u00ednimo mensual\u201d"},"content":{"rendered":"\n<figure class=\"wp-block-image size-large is-resized\"><a href=\"https:\/\/www.radiolimari.cl\/wp-content\/uploads\/2023\/04\/Seremi-Trabajo.jpeg\"><img fetchpriority=\"high\" decoding=\"async\" src=\"https:\/\/www.radiolimari.cl\/wp-content\/uploads\/2023\/04\/Seremi-Trabajo-963x1024.jpeg\" alt=\"\" class=\"wp-image-8931\" width=\"408\" height=\"433\" srcset=\"https:\/\/www.radiolimari.cl\/wp-content\/uploads\/2023\/04\/Seremi-Trabajo-963x1024.jpeg 963w, https:\/\/www.radiolimari.cl\/wp-content\/uploads\/2023\/04\/Seremi-Trabajo-282x300.jpeg 282w, https:\/\/www.radiolimari.cl\/wp-content\/uploads\/2023\/04\/Seremi-Trabajo-768x816.jpeg 768w, https:\/\/www.radiolimari.cl\/wp-content\/uploads\/2023\/04\/Seremi-Trabajo.jpeg 1204w\" sizes=\"(max-width: 408px) 100vw, 408px\" \/><\/a><\/figure>\n\n\n\n<p><strong><em>De materializarse lo pactado se cumplir\u00e1 con una de las promesas del Programa de Gobierno del Presidente Gabriel Boric.<\/em><\/strong><\/p>\n\n\n\n<p>Un acuerdo entre el Gobierno, representado por la ministra del Trabajo y Previsi\u00f3n Social, Jeannette Jara, y el ministro de Hacienda, Mario Marcel, y la directiva de la Central Unitaria de Trabajadores (CUT), encabezada por David Acu\u00f1a, permiti\u00f3 avanzar en un reajuste del ingreso m\u00ednimo mensual.<\/p>\n\n\n\n<p>La firma del acuerdo conlleva, en concreto, la presentaci\u00f3n de un proyecto de ley al Congreso Nacional que contempla la siguiente gradualidad: un incremento desde los actuales $410.000 a $440.000 el 1 de mayo de 2023; luego, a $460.000 el 1 de septiembre de 2023; y, posteriormente, alcanzar los $500.000 el 1 de julio de 2024. Posterior a esa fecha, a todo evento, se acord\u00f3 efectuar un reajuste autom\u00e1tico del ingreso m\u00ednimo mensual conforme el \u00cdndice de Precios al Consumidor (IPC) que se registre entre los meses de julio-diciembre de 2024 y que se concretar\u00e1 en enero del 2025.<\/p>\n\n\n\n<p>Adem\u00e1s, solo en el caso que el IPC acumulado durante 2023 supere el 6%, se realizar\u00e1 un alza previa de $10.000 el 1 de enero de 2024, quedando el salario m\u00ednimo en $470.000 en dicha fecha, para luego continuar con la gradualidad antes mencionada.<\/p>\n\n\n\n<p>En la regi\u00f3n de Coquimbo la Seremi del Trabajo, Claudia Santander, destac\u00f3 la iniciativa y el acuerdo alcanzado con la CUT y dijo que \u201cpara nosotros como Gobierno es muy importante destacar el logro que se ha alcanzado con los trabajadores y trabajadoras para el reajuste del ingreso m\u00ednimo mensual, en el que podemos destacar el alza a $500.000 durante el pr\u00f3ximo a\u00f1o, que es el compromiso que ha asumido nuestro presidente Gabriel Boric\u201d.<\/p>\n\n\n\n<p>\u201cEntendemos que estamos en un contexto de ajuste econ\u00f3mico en nuestro pa\u00eds, por lo que el Gobierno decidi\u00f3 avanzar en esta materia y esperamos que, tanto la C\u00e1mara de Diputados como el Senado puedan estar en la misma sinton\u00eda y ratificar este acuerdo alcanzado\u201d, enfatiz\u00f3 la Seremi del Trabajo.<\/p>\n\n\n\n<p><strong>Beneficios y otros acuerdos<\/strong><\/p>\n\n\n\n<p>La propuesta del Gobierno contempla adem\u00e1s el reajuste a los valores del Subsidio \u00danico Familiar (SUF) y de la Asignaci\u00f3n Familiar (AF) del 20%, introducido por la ley N\u00b021.550 (medidas para la Seguridad Econ\u00f3mica), reajustar los tramos de la Asignaci\u00f3n Familiar a partir de mayo 2023, fij\u00e1ndose los siguientes valores:<\/p>\n\n\n\n<p>a)&nbsp;&nbsp;&nbsp;&nbsp;&nbsp;&nbsp;&nbsp; Primer tramo para beneficiarios cuyo ingreso mensual no exceda los $515.879.<\/p>\n\n\n\n<p>b)&nbsp;&nbsp;&nbsp;&nbsp;&nbsp;&nbsp;&nbsp; Segundo tramo para beneficiarios que su ingreso mensual supere los $515.879 y no exceda $753.496.<\/p>\n\n\n\n<p>c)&nbsp;&nbsp;&nbsp;&nbsp;&nbsp;&nbsp;&nbsp; Tercer tramo para beneficiarios cuyo ingreso mensual supere los $753.496 y no exceda $1.175.196.<\/p>\n\n\n\n<p>Respecto de los beneficiarios cuyo ingreso sea superior a $ 1.175.196 no tendr\u00e1n derecho a asignaci\u00f3n.<\/p>\n\n\n\n<p>En torno al Subsidio Mensual para alcanzar un Ingreso M\u00ednimo Garantizado, que rige hasta el 31 de diciembre de 2023, se aumentar\u00e1 en su tope a $500.000 el 1 de enero de 2024, y se prorrogar\u00e1 su vigencia hasta julio de 2024, cuando el ingreso m\u00ednimo mensual alcance dicho monto.<\/p>\n\n\n\n<p>Respecto a la protecci\u00f3n del poder adquisitivo de las y los trabajadores, el Gobierno y la CUT acordaron:<\/p>\n\n\n\n<p>a)&nbsp;&nbsp;&nbsp;&nbsp;&nbsp;&nbsp;&nbsp; Extender hasta mayo de 2024 el Bolsillo Familiar Electr\u00f3nico, cuya vigencia termina el 31 de diciembre de 2023.<\/p>\n\n\n\n<p>b)&nbsp;&nbsp;&nbsp;&nbsp;&nbsp;&nbsp;&nbsp; Se acord\u00f3 la creaci\u00f3n del Consejo de Seguridad Econ\u00f3mica de las y los Trabajadores, conformado por la Central Unitaria de Trabajadores y los ministerios del Trabajo y Previsi\u00f3n Social, de Hacienda, de Econom\u00eda y de Desarrollo Social y Familia, con el objetivo de hacer seguimiento al comportamiento de los precios de los alimentos y otros productos de primera necesidad. Del mismo modo, este Consejo podr\u00e1 proponer pol\u00edticas p\u00fablicas que tengan por objetivo asistir a las familias que se ven afectadas por las alzas de precios de estos productos, as\u00ed como reducir y prevenir el sobreendeudamiento de \u00e9stas.<\/p>\n\n\n\n<p>Sobre el fortalecimiento del actor sindical y el di\u00e1logo social como parte integral del trabajo decente, se acuerda proponer al Congreso proyectos de ley para, en primer lugar, potenciar el Consejo Superior Laboral con el objetivo de promover el di\u00e1logo social y relaciones laborales justas, a trav\u00e9s del desarrollo de procesos de participaci\u00f3n en la formulaci\u00f3n de propuestas de pol\u00edticas p\u00fablicas.<\/p>\n","protected":false},"excerpt":{"rendered":"<p>De materializarse lo pactado se cumplir\u00e1 con una de las promesas del Programa de Gobierno del Presidente Gabriel Boric. Un acuerdo entre el Gobierno, representado por la ministra del Trabajo y Previsi\u00f3n Social, Jeannette Jara, y el ministro de Hacienda, Mario Marcel, y la directiva de la Central Unitaria de Trabajadores (CUT), encabezada por David &#8230;<\/p>\n","protected":false},"author":2,"featured_media":8931,"comment_status":"open","ping_status":"open","sticky":false,"template":"","format":"standard","meta":{"footnotes":""},"categories":[6],"tags":[],"class_list":["post-8930","post","type-post","status-publish","format-standard","has-post-thumbnail","hentry","category-regionales"],"_links":{"self":[{"href":"https:\/\/www.radiolimari.cl\/index.php?rest_route=\/wp\/v2\/posts\/8930","targetHints":{"allow":["GET"]}}],"collection":[{"href":"https:\/\/www.radiolimari.cl\/index.php?rest_route=\/wp\/v2\/posts"}],"about":[{"href":"https:\/\/www.radiolimari.cl\/index.php?rest_route=\/wp\/v2\/types\/post"}],"author":[{"embeddable":true,"href":"https:\/\/www.radiolimari.cl\/index.php?rest_route=\/wp\/v2\/users\/2"}],"replies":[{"embeddable":true,"href":"https:\/\/www.radiolimari.cl\/index.php?rest_route=%2Fwp%2Fv2%2Fcomments&post=8930"}],"version-history":[{"count":1,"href":"https:\/\/www.radiolimari.cl\/index.php?rest_route=\/wp\/v2\/posts\/8930\/revisions"}],"predecessor-version":[{"id":8932,"href":"https:\/\/www.radiolimari.cl\/index.php?rest_route=\/wp\/v2\/posts\/8930\/revisions\/8932"}],"wp:featuredmedia":[{"embeddable":true,"href":"https:\/\/www.radiolimari.cl\/index.php?rest_route=\/wp\/v2\/media\/8931"}],"wp:attachment":[{"href":"https:\/\/www.radiolimari.cl\/index.php?rest_route=%2Fwp%2Fv2%2Fmedia&parent=8930"}],"wp:term":[{"taxonomy":"category","embeddable":true,"href":"https:\/\/www.radiolimari.cl\/index.php?rest_route=%2Fwp%2Fv2%2Fcategories&post=8930"},{"taxonomy":"post_tag","embeddable":true,"href":"https:\/\/www.radiolimari.cl\/index.php?rest_route=%2Fwp%2Fv2%2Ftags&post=8930"}],"curies":[{"name":"wp","href":"https:\/\/api.w.org\/{rel}","templated":true}]}}