{"id":8927,"date":"2023-04-19T19:55:47","date_gmt":"2023-04-19T19:55:47","guid":{"rendered":"https:\/\/www.radiolimari.cl\/?p=8927"},"modified":"2023-04-19T19:55:47","modified_gmt":"2023-04-19T19:55:47","slug":"en-monte-patria-la-oficina-de-indap-atendera-a-sus-usuarios-en-nueva-direccion","status":"publish","type":"post","link":"https:\/\/www.radiolimari.cl\/?p=8927","title":{"rendered":"En Monte Patria la oficina de INDAP atender\u00e1 a sus usuarios en nueva direcci\u00f3n."},"content":{"rendered":"\n<figure class=\"wp-block-image size-large\"><a href=\"https:\/\/www.radiolimari.cl\/wp-content\/uploads\/2023\/04\/Atencion-de-INDAP-en-Monte-Patria.jpg\"><img fetchpriority=\"high\" decoding=\"async\" width=\"1024\" height=\"768\" src=\"https:\/\/www.radiolimari.cl\/wp-content\/uploads\/2023\/04\/Atencion-de-INDAP-en-Monte-Patria-1024x768.jpg\" alt=\"\" class=\"wp-image-8928\" srcset=\"https:\/\/www.radiolimari.cl\/wp-content\/uploads\/2023\/04\/Atencion-de-INDAP-en-Monte-Patria-1024x768.jpg 1024w, https:\/\/www.radiolimari.cl\/wp-content\/uploads\/2023\/04\/Atencion-de-INDAP-en-Monte-Patria-300x225.jpg 300w, https:\/\/www.radiolimari.cl\/wp-content\/uploads\/2023\/04\/Atencion-de-INDAP-en-Monte-Patria-768x576.jpg 768w, https:\/\/www.radiolimari.cl\/wp-content\/uploads\/2023\/04\/Atencion-de-INDAP-en-Monte-Patria.jpg 1040w\" sizes=\"(max-width: 1024px) 100vw, 1024px\" \/><\/a><\/figure>\n\n\n\n<p><em>Ahora se ubica en la Oficina Municipal Territorial de la localidad de El Palqui. <\/em><\/p>\n\n\n\n<p>Como una manera de acercar a\u00fan m\u00e1s el constante apoyo que brinda a sus usuarios y usuarias de la comuna de Monte Patria, el Instituto de Desarrollo Agropecuario (INDAP) lleva por m\u00e1s de 3 a\u00f1os atendiendo con una oficina en el sector de El Palqui.<\/p>\n\n\n\n<p>Al respecto, desde la instituci\u00f3n dependiente del Ministerio de Agricultura se dio a conocer sobre el cambio de lugar donde estar\u00e1 funcionando (anteriormente era en la Junta de Vecinos de El Palqui Alto).<\/p>\n\n\n\n<p>Quien entreg\u00f3 m\u00e1s detalles fue la Directora Regional (S) de INDAP, Luc\u00eda Gonz\u00e1lez. La autoridad inform\u00f3 que \u201cla oficina de atenci\u00f3n en la comuna de Monte Patria ahora se encuentra localizada en la Oficina Municipal Territorial de El Palqui, ubicada en calle Pedro Le\u00f3n Gallo s\/n, El Palqui, a un costado del Cesfam. Invitamos cordialmente a todos los usuarios y usuarias de Monte Patria a que concurran todos los mi\u00e9rcoles, desde las 10:00 y hasta las 14:00 horas. De esta manera, un ejecutivo integral de nuestra instituci\u00f3n responder\u00e1, recoger\u00e1 las demandas de los consultantes y\/o apoyar\u00e1 en tr\u00e1mites, tal como se realizan las labores en la Agencia de \u00c1rea Ovalle, la que cubre a la comuna de Monte Patria\u201d.<\/p>\n\n\n\n<p>Gonz\u00e1lez, adem\u00e1s, indic\u00f3 que con ello el INDAP logra que la Agricultura Familiar Campesina e Ind\u00edgena (AFCI) ahorre tiempos de desplazamiento y tambi\u00e9n gastos de locomoci\u00f3n.<\/p>\n\n\n\n<p>En la regi\u00f3n de Coquimbo el INDAP cuenta con cuatro agencias de \u00e1rea: Ovalle (Miguel Aguirre Perry n\u00ba 335. Edificio P\u00fablico 2\u00ba piso, oficina 201), Combarbal\u00e1 (Maip\u00fa N\u00b096), La Serena (Av. Juan Cisternas n\u00ba 1235) e Illapel (Independencia n\u00ba 0279).<\/p>\n\n\n\n<p>Para conocer datos similares o para informarse sobre el trabajo que despliega INDAP en la regi\u00f3n de Coquimbo los interesados o interesadas pueden visitar las redes sociales de la instituci\u00f3n: Instagram (@indapcoquimbo), Facebook (INDAP Coquimbo) y Twitter (@indap_coquimbo).<\/p>\n","protected":false},"excerpt":{"rendered":"<p>Ahora se ubica en la Oficina Municipal Territorial de la localidad de El Palqui. Como una manera de acercar a\u00fan m\u00e1s el constante apoyo que brinda a sus usuarios y usuarias de la comuna de Monte Patria, el Instituto de Desarrollo Agropecuario (INDAP) lleva por m\u00e1s de 3 a\u00f1os atendiendo con una oficina en el &#8230;<\/p>\n","protected":false},"author":2,"featured_media":8928,"comment_status":"open","ping_status":"open","sticky":false,"template":"","format":"standard","meta":{"footnotes":""},"categories":[3],"tags":[],"class_list":["post-8927","post","type-post","status-publish","format-standard","has-post-thumbnail","hentry","category-actualidad"],"_links":{"self":[{"href":"https:\/\/www.radiolimari.cl\/index.php?rest_route=\/wp\/v2\/posts\/8927","targetHints":{"allow":["GET"]}}],"collection":[{"href":"https:\/\/www.radiolimari.cl\/index.php?rest_route=\/wp\/v2\/posts"}],"about":[{"href":"https:\/\/www.radiolimari.cl\/index.php?rest_route=\/wp\/v2\/types\/post"}],"author":[{"embeddable":true,"href":"https:\/\/www.radiolimari.cl\/index.php?rest_route=\/wp\/v2\/users\/2"}],"replies":[{"embeddable":true,"href":"https:\/\/www.radiolimari.cl\/index.php?rest_route=%2Fwp%2Fv2%2Fcomments&post=8927"}],"version-history":[{"count":1,"href":"https:\/\/www.radiolimari.cl\/index.php?rest_route=\/wp\/v2\/posts\/8927\/revisions"}],"predecessor-version":[{"id":8929,"href":"https:\/\/www.radiolimari.cl\/index.php?rest_route=\/wp\/v2\/posts\/8927\/revisions\/8929"}],"wp:featuredmedia":[{"embeddable":true,"href":"https:\/\/www.radiolimari.cl\/index.php?rest_route=\/wp\/v2\/media\/8928"}],"wp:attachment":[{"href":"https:\/\/www.radiolimari.cl\/index.php?rest_route=%2Fwp%2Fv2%2Fmedia&parent=8927"}],"wp:term":[{"taxonomy":"category","embeddable":true,"href":"https:\/\/www.radiolimari.cl\/index.php?rest_route=%2Fwp%2Fv2%2Fcategories&post=8927"},{"taxonomy":"post_tag","embeddable":true,"href":"https:\/\/www.radiolimari.cl\/index.php?rest_route=%2Fwp%2Fv2%2Ftags&post=8927"}],"curies":[{"name":"wp","href":"https:\/\/api.w.org\/{rel}","templated":true}]}}