{"id":8924,"date":"2023-04-19T19:43:47","date_gmt":"2023-04-19T19:43:47","guid":{"rendered":"https:\/\/www.radiolimari.cl\/?p=8924"},"modified":"2023-04-19T19:43:48","modified_gmt":"2023-04-19T19:43:48","slug":"precipitaciones-en-la-region-de-coquimbo-y-atacama-pronostica-el-ceaza","status":"publish","type":"post","link":"https:\/\/www.radiolimari.cl\/?p=8924","title":{"rendered":"Precipitaciones en la Regi\u00f3n de Coquimbo y Atacama pronostica el Ceaza."},"content":{"rendered":"\n<figure class=\"wp-block-image size-large is-resized\"><a href=\"https:\/\/www.radiolimari.cl\/wp-content\/uploads\/2023\/04\/el-tiempo-20211-1.jpg\"><img fetchpriority=\"high\" decoding=\"async\" src=\"https:\/\/www.radiolimari.cl\/wp-content\/uploads\/2023\/04\/el-tiempo-20211-1-1024x665.jpg\" alt=\"\" class=\"wp-image-8925\" width=\"396\" height=\"257\" srcset=\"https:\/\/www.radiolimari.cl\/wp-content\/uploads\/2023\/04\/el-tiempo-20211-1-1024x665.jpg 1024w, https:\/\/www.radiolimari.cl\/wp-content\/uploads\/2023\/04\/el-tiempo-20211-1-300x195.jpg 300w, https:\/\/www.radiolimari.cl\/wp-content\/uploads\/2023\/04\/el-tiempo-20211-1-768x499.jpg 768w, https:\/\/www.radiolimari.cl\/wp-content\/uploads\/2023\/04\/el-tiempo-20211-1-1536x997.jpg 1536w, https:\/\/www.radiolimari.cl\/wp-content\/uploads\/2023\/04\/el-tiempo-20211-1.jpg 2008w\" sizes=\"(max-width: 396px) 100vw, 396px\" \/><\/a><\/figure>\n\n\n\n<p>Adem\u00e1s, es posible que vengan acompa\u00f1adas de descargas el\u00e9ctricas.<\/p>\n\n\n\n<p>Se esperan precipitaciones de agua y nieve en la cordillera de las regiones de Coquimbo y Atacama, entre el s\u00e1bado 22 y domingo 23 de abril. Las precipitaciones podr\u00edan dejar en total hasta 5 mm de agua l\u00edquida y 5 cm de nieve en ambas regiones, adem\u00e1s, es posible que vengan acompa\u00f1adas de descargas el\u00e9ctricas.<\/p>\n\n\n\n<p>Se espera que durante el evento el nivel de isoterma cero fluct\u00fae entre 3400 y 3900 [m.s.n.m] en la Regi\u00f3n de Coquimbo y entre 3400 y 4000 [m.s.n.m] en la Regi\u00f3n de Atacama.<br><\/p>\n","protected":false},"excerpt":{"rendered":"<p>Adem\u00e1s, es posible que vengan acompa\u00f1adas de descargas el\u00e9ctricas. Se esperan precipitaciones de agua y nieve en la cordillera de las regiones de Coquimbo y Atacama, entre el s\u00e1bado 22 y domingo 23 de abril. Las precipitaciones podr\u00edan dejar en total hasta 5 mm de agua l\u00edquida y 5 cm de nieve en ambas regiones, &#8230;<\/p>\n","protected":false},"author":2,"featured_media":8925,"comment_status":"open","ping_status":"open","sticky":false,"template":"","format":"standard","meta":{"footnotes":""},"categories":[3],"tags":[],"class_list":["post-8924","post","type-post","status-publish","format-standard","has-post-thumbnail","hentry","category-actualidad"],"_links":{"self":[{"href":"https:\/\/www.radiolimari.cl\/index.php?rest_route=\/wp\/v2\/posts\/8924","targetHints":{"allow":["GET"]}}],"collection":[{"href":"https:\/\/www.radiolimari.cl\/index.php?rest_route=\/wp\/v2\/posts"}],"about":[{"href":"https:\/\/www.radiolimari.cl\/index.php?rest_route=\/wp\/v2\/types\/post"}],"author":[{"embeddable":true,"href":"https:\/\/www.radiolimari.cl\/index.php?rest_route=\/wp\/v2\/users\/2"}],"replies":[{"embeddable":true,"href":"https:\/\/www.radiolimari.cl\/index.php?rest_route=%2Fwp%2Fv2%2Fcomments&post=8924"}],"version-history":[{"count":1,"href":"https:\/\/www.radiolimari.cl\/index.php?rest_route=\/wp\/v2\/posts\/8924\/revisions"}],"predecessor-version":[{"id":8926,"href":"https:\/\/www.radiolimari.cl\/index.php?rest_route=\/wp\/v2\/posts\/8924\/revisions\/8926"}],"wp:featuredmedia":[{"embeddable":true,"href":"https:\/\/www.radiolimari.cl\/index.php?rest_route=\/wp\/v2\/media\/8925"}],"wp:attachment":[{"href":"https:\/\/www.radiolimari.cl\/index.php?rest_route=%2Fwp%2Fv2%2Fmedia&parent=8924"}],"wp:term":[{"taxonomy":"category","embeddable":true,"href":"https:\/\/www.radiolimari.cl\/index.php?rest_route=%2Fwp%2Fv2%2Fcategories&post=8924"},{"taxonomy":"post_tag","embeddable":true,"href":"https:\/\/www.radiolimari.cl\/index.php?rest_route=%2Fwp%2Fv2%2Ftags&post=8924"}],"curies":[{"name":"wp","href":"https:\/\/api.w.org\/{rel}","templated":true}]}}