{"id":8919,"date":"2023-04-18T16:14:41","date_gmt":"2023-04-18T16:14:41","guid":{"rendered":"https:\/\/www.radiolimari.cl\/?p=8919"},"modified":"2023-04-18T16:21:12","modified_gmt":"2023-04-18T16:21:12","slug":"constituyen-consejo-consultivo-de-programa-regional-para-fortalecer-empresas-de-economia-social-y-cooperativas","status":"publish","type":"post","link":"https:\/\/www.radiolimari.cl\/?p=8919","title":{"rendered":"Constituyen Consejo Consultivo de programa regional para fortalecer empresas de econom\u00eda social y cooperativas.\u00a0"},"content":{"rendered":"\n<figure class=\"wp-block-image size-large\"><a href=\"https:\/\/www.radiolimari.cl\/wp-content\/uploads\/2023\/04\/3-scaled.jpg\"><img fetchpriority=\"high\" decoding=\"async\" width=\"1024\" height=\"684\" src=\"https:\/\/www.radiolimari.cl\/wp-content\/uploads\/2023\/04\/3-1024x684.jpg\" alt=\"\" class=\"wp-image-8920\" srcset=\"https:\/\/www.radiolimari.cl\/wp-content\/uploads\/2023\/04\/3-1024x684.jpg 1024w, https:\/\/www.radiolimari.cl\/wp-content\/uploads\/2023\/04\/3-300x200.jpg 300w, https:\/\/www.radiolimari.cl\/wp-content\/uploads\/2023\/04\/3-768x513.jpg 768w, https:\/\/www.radiolimari.cl\/wp-content\/uploads\/2023\/04\/3-1536x1026.jpg 1536w, https:\/\/www.radiolimari.cl\/wp-content\/uploads\/2023\/04\/3-2048x1368.jpg 2048w\" sizes=\"(max-width: 1024px) 100vw, 1024px\" \/><\/a><\/figure>\n\n\n\n<p><strong>Financiado por el Gobierno Regional de Coquimbo y ejecutado por Fundaci\u00f3n Chile, el Programa desarrollar\u00e1 nuevas capacidades en cooperativas de la regi\u00f3n; formar\u00e1 mentores locales expertos para el fortalecimiento permanente de \u00e9stas; crear\u00e1 una red de colaboraci\u00f3n y un ecosistema de econom\u00eda social; y mejorar\u00e1 balances cooperativos.<\/strong> <\/p>\n\n\n\n<p>En un importante hito para las provincias de Elqui, Limar\u00ed y Choapa, fue constituido el Consejo Consultivo del \u2018Programa para el Desarrollo y Fomento de Empresas de Econom\u00eda Social y Cooperativa, Regi\u00f3n de Coquimbo 2023-2024\u2019, el que, impulsado por el Gobierno Regional e implementado por Fundaci\u00f3n Chile en un per\u00edodo de dos a\u00f1os, tiene como objetivo desarrollar nuevas capacidades y fortalecer las empresas de la econom\u00eda social y las cooperativas regionales.&nbsp;<\/p>\n\n\n\n<p>La constituci\u00f3n del Consejo Consultivo -responsable de las decisiones estrat\u00e9gicas del Programa- fue realizada en la sede del Gobierno Regional de Coquimbo, y est\u00e1 integrado por \u00e9ste \u00faltimo; el Consejo Regional; la Asociaci\u00f3n Nacional de Cooperativas de Chile; las universidades de La Serena y Cat\u00f3lica del Norte; la Corporaci\u00f3n de Desarrollo Productivo; Indap; Sercotec; Corfo; FIA; y Fundaci\u00f3n Chile, como secretar\u00eda t\u00e9cnica.<\/p>\n\n\n\n<p>Mediante dos planes de formaci\u00f3n paralelos, cuyas postulaciones son hasta el pr\u00f3ximo 30 de abril, en el sitio formacioncooperativa.cl, se desarrollar\u00e1n nuevas capacidades en las cooperativas y crear\u00e1n mentores locales expertos en econom\u00eda social, para la conformaci\u00f3n y fortalecimiento constante en administraci\u00f3n, modelos de negocios, transformaci\u00f3n digital y empleos verdes.<\/p>\n\n\n\n<p>Tambi\u00e9n, se constituir\u00e1 una red de colaboraci\u00f3n y un ecosistema de econom\u00eda social; y mejorar\u00e1 balances cooperativos, favoreciendo la competitividad de las empresas cooperadas, las que suman un total de 103 en la regi\u00f3n, de rubros como servicios; producci\u00f3n y trabajo; agropecuario; extractivas y mineras; campesinas; agr\u00edcolas; pesca; transporte de pasajeros; y turismo (fuente: Ministerio de Econom\u00eda).<\/p>\n\n\n\n<p>La gobernadora regional, Krist Naranjo, se\u00f1al\u00f3 que \u201cEsta iniciativa va en un eje importante que como Gobierno Regional queremos impregnar a las empresas locales. Es importante que todo este trabajo y los planes de negocios tambi\u00e9n tenga una mirada sustentable y sostenida en el tiempo. Vamos a continuar apoyando este tipo de idea que vienen a reforzar la innovaci\u00f3n, lo digital y lo verde\u201d.<\/p>\n\n\n\n<p>En tanto, el gerente general de Fundaci\u00f3n Chile, Hern\u00e1n Araneda, indic\u00f3 que \u201cEste proyecto es in\u00e9dito en nuestro pa\u00eds. Queremos entregar herramientas a las organizaciones que forman parte de la econom\u00eda social de la regi\u00f3n, que les permitan ser competitivas en una econom\u00eda cada vez m\u00e1s compleja, mejorando su productividad y acompa\u00f1\u00e1ndolas en una transici\u00f3n laboral justa en un escenario con desaf\u00edos medioambientales, de formaci\u00f3n y tecnol\u00f3gicos. De esta forma, ampliamos tambi\u00e9n oportunidades de empleo local en la regi\u00f3n\u201d.<\/p>\n\n\n\n<p>El Programa incluye pasant\u00edas internacionales para mentores regionales, quienes viajar\u00e1n al Pa\u00eds Vasco (Espa\u00f1a), para conocer experiencias de cooperativas de sectores como log\u00edstica, educaci\u00f3n y centros tecnol\u00f3gicos, junto a l\u00edderes del Grupo Mondrag\u00f3n, asociaci\u00f3n con m\u00e1s de 60 a\u00f1os de trayectoria. Adem\u00e1s, junto al Instituto Nacional de Asociativismo y Econom\u00eda Social y del Colegio de Graduados en Cooperativismo y Mutualismo de Argentina, 25 cooperativas profundizar\u00e1n conocimientos en rubros de energ\u00eda, desarrollo de softwares, industria cultural y agroalimentos, entre otros, en Buenos Aires, C\u00f3rdoba y Rosario.&nbsp;<\/p>\n\n\n\n<p>El director de Educaci\u00f3n TP de Fundaci\u00f3n Chile y director del Programa, Manuel Far\u00edas, junto con valorar la constituci\u00f3n del Consejo Consultivo, integrado por actores p\u00fablicos, privados y acad\u00e9micos, afirm\u00f3 que \u00e9ste \u201cTiene el prop\u00f3sito de colaborar con establecer proposiciones, nuevas ideas y acciones para el Programa, saber los avances del proyecto y a partir de \u00e9stos, hacer sugerencias. Dentro de los pr\u00f3ximos hitos figuran el diagn\u00f3stico que se est\u00e1 trabajando, participar en la elaboraci\u00f3n de la hoja de ruta de la econom\u00eda social del Programa, y la selecci\u00f3n de planes de mentor\u00eda y de negocios, que posteriormente ir\u00e1n en pasant\u00edas al Pa\u00eds Vasco y Argentina\u201d.&nbsp;<\/p>\n\n\n\n<p>Participan en el Programa las universidades de La Serena, Cat\u00f3lica del Norte y de Santiago, a trav\u00e9s del Centro Internacional de Econom\u00eda Social y Cooperativa (CIESCOOP), centros de estudios a cargo del plan de formaci\u00f3n.<\/p>\n\n\n\n<p>Este mi\u00e9rcoles 19 de abril a las 12:10 horas conversaremos en www.radiolimari.cl  con Manuel Far\u00edas, director del Programa para el Desarrollo y Fomento de Empresas de Econom\u00eda Social y Cooperativa, Regi\u00f3n de Coquimbo 2023 &#8211; 2024<\/p>\n","protected":false},"excerpt":{"rendered":"<p>Financiado por el Gobierno Regional de Coquimbo y ejecutado por Fundaci\u00f3n Chile, el Programa desarrollar\u00e1 nuevas capacidades en cooperativas de la regi\u00f3n; formar\u00e1 mentores locales expertos para el fortalecimiento permanente de \u00e9stas; crear\u00e1 una red de colaboraci\u00f3n y un ecosistema de econom\u00eda social; y mejorar\u00e1 balances cooperativos. En un importante hito para las provincias de &#8230;<\/p>\n","protected":false},"author":2,"featured_media":8920,"comment_status":"open","ping_status":"open","sticky":false,"template":"","format":"standard","meta":{"footnotes":""},"categories":[6],"tags":[],"class_list":["post-8919","post","type-post","status-publish","format-standard","has-post-thumbnail","hentry","category-regionales"],"_links":{"self":[{"href":"https:\/\/www.radiolimari.cl\/index.php?rest_route=\/wp\/v2\/posts\/8919","targetHints":{"allow":["GET"]}}],"collection":[{"href":"https:\/\/www.radiolimari.cl\/index.php?rest_route=\/wp\/v2\/posts"}],"about":[{"href":"https:\/\/www.radiolimari.cl\/index.php?rest_route=\/wp\/v2\/types\/post"}],"author":[{"embeddable":true,"href":"https:\/\/www.radiolimari.cl\/index.php?rest_route=\/wp\/v2\/users\/2"}],"replies":[{"embeddable":true,"href":"https:\/\/www.radiolimari.cl\/index.php?rest_route=%2Fwp%2Fv2%2Fcomments&post=8919"}],"version-history":[{"count":2,"href":"https:\/\/www.radiolimari.cl\/index.php?rest_route=\/wp\/v2\/posts\/8919\/revisions"}],"predecessor-version":[{"id":8923,"href":"https:\/\/www.radiolimari.cl\/index.php?rest_route=\/wp\/v2\/posts\/8919\/revisions\/8923"}],"wp:featuredmedia":[{"embeddable":true,"href":"https:\/\/www.radiolimari.cl\/index.php?rest_route=\/wp\/v2\/media\/8920"}],"wp:attachment":[{"href":"https:\/\/www.radiolimari.cl\/index.php?rest_route=%2Fwp%2Fv2%2Fmedia&parent=8919"}],"wp:term":[{"taxonomy":"category","embeddable":true,"href":"https:\/\/www.radiolimari.cl\/index.php?rest_route=%2Fwp%2Fv2%2Fcategories&post=8919"},{"taxonomy":"post_tag","embeddable":true,"href":"https:\/\/www.radiolimari.cl\/index.php?rest_route=%2Fwp%2Fv2%2Ftags&post=8919"}],"curies":[{"name":"wp","href":"https:\/\/api.w.org\/{rel}","templated":true}]}}