{"id":8907,"date":"2023-04-18T15:14:12","date_gmt":"2023-04-18T15:14:12","guid":{"rendered":"https:\/\/www.radiolimari.cl\/?p=8907"},"modified":"2023-04-18T15:14:13","modified_gmt":"2023-04-18T15:14:13","slug":"agrupaciones-de-adulto-mayor-pueden-acceder-a-recursos-de-senama","status":"publish","type":"post","link":"https:\/\/www.radiolimari.cl\/?p=8907","title":{"rendered":"Agrupaciones de adulto mayor pueden acceder a recursos de SENAMA"},"content":{"rendered":"\n<figure class=\"wp-block-image size-large\"><a href=\"https:\/\/www.radiolimari.cl\/wp-content\/uploads\/2023\/04\/SENAMA-FOTO-1.jpg\"><img fetchpriority=\"high\" decoding=\"async\" width=\"1024\" height=\"768\" src=\"https:\/\/www.radiolimari.cl\/wp-content\/uploads\/2023\/04\/SENAMA-FOTO-1-1024x768.jpg\" alt=\"\" class=\"wp-image-8908\" srcset=\"https:\/\/www.radiolimari.cl\/wp-content\/uploads\/2023\/04\/SENAMA-FOTO-1-1024x768.jpg 1024w, https:\/\/www.radiolimari.cl\/wp-content\/uploads\/2023\/04\/SENAMA-FOTO-1-300x225.jpg 300w, https:\/\/www.radiolimari.cl\/wp-content\/uploads\/2023\/04\/SENAMA-FOTO-1-768x576.jpg 768w, https:\/\/www.radiolimari.cl\/wp-content\/uploads\/2023\/04\/SENAMA-FOTO-1-1536x1152.jpg 1536w, https:\/\/www.radiolimari.cl\/wp-content\/uploads\/2023\/04\/SENAMA-FOTO-1.jpg 2048w\" sizes=\"(max-width: 1024px) 100vw, 1024px\" \/><\/a><\/figure>\n\n\n\n<p><strong><em>La Delegaci\u00f3n Presidencial provincial de Limar\u00ed se encuentra apoyando, orientando y postulando a las organizaciones de manera presencial.<\/em><\/strong><\/p>\n\n\n\n<p>Hasta el 12 de mayo las agrupaciones de adulto mayor pueden postular al Fondo Nacional del Adulto Mayor \u201cHern\u00e1n Zapata Far\u00edas\u201d de SENAMA que entrega recursos &nbsp;para el financiamiento de proyectos que deben orientarse en generar y desarrollar capacidades de autogesti\u00f3n, autonom\u00eda e independencia en los participantes organizaciones de personas mayores.<\/p>\n\n\n\n<p>Es as\u00ed que la Delegaci\u00f3n Presidencial de Limar\u00ed ha firmado un convenio de colaboraci\u00f3n con SENAMA, lo que permite que las agrupaciones puedan acercarse a la DPP Limar\u00ed (calle socos #154, Ovalle) para poder realizar consultas, recibir informaci\u00f3n, capacitarse e incluso ser apoyados en la postulaci\u00f3n a estos recursos.<\/p>\n\n\n\n<p>\u201cQueremos invitar a todos y todas las dirigentes de clubes de adulto mayor a postular a estos fondos que pueden ser de gran ayuda para ir concretando los distintos proyectos que tienen. Nuestra delegaci\u00f3n a trav\u00e9s de este convenio con SENAMA, se encuentra dispuesto para poder orientar y ayudar a postular a los recursos que como Gobierno estamos gestionando a trav\u00e9s un trabajo colaborativo de la instituciones\u201d, se\u00f1al\u00f3 al respecto del Delegado Presidencial Provincial de Limar\u00ed, Galo Luna Penna.<\/p>\n\n\n\n<p>Las postulaciones est\u00e1n abiertas hasta el 12 de mayo del presente a\u00f1o, y dependiendo del tipo de organizaci\u00f3n, se puede postular a un m\u00e1ximo de 1 mill\u00f3n para Clubes de Adulto Mayor, 2 Millones para Uniones Comunales, asociaciones,&nbsp; gremios; &nbsp;4 millones para federaciones y 6 millones para confederaciones.<\/p>\n\n\n\n<p>La informaci\u00f3n detallada de este concurso se puede encontrar en <a href=\"http:\/\/www.senama.gob.cl\">www.senama.gob.cl<\/a><\/p>\n","protected":false},"excerpt":{"rendered":"<p>La Delegaci\u00f3n Presidencial provincial de Limar\u00ed se encuentra apoyando, orientando y postulando a las organizaciones de manera presencial. Hasta el 12 de mayo las agrupaciones de adulto mayor pueden postular al Fondo Nacional del Adulto Mayor \u201cHern\u00e1n Zapata Far\u00edas\u201d de SENAMA que entrega recursos &nbsp;para el financiamiento de proyectos que deben orientarse en generar y &#8230;<\/p>\n","protected":false},"author":2,"featured_media":8908,"comment_status":"open","ping_status":"open","sticky":false,"template":"","format":"standard","meta":{"footnotes":""},"categories":[5],"tags":[],"class_list":["post-8907","post","type-post","status-publish","format-standard","has-post-thumbnail","hentry","category-actualidad-limarina"],"_links":{"self":[{"href":"https:\/\/www.radiolimari.cl\/index.php?rest_route=\/wp\/v2\/posts\/8907","targetHints":{"allow":["GET"]}}],"collection":[{"href":"https:\/\/www.radiolimari.cl\/index.php?rest_route=\/wp\/v2\/posts"}],"about":[{"href":"https:\/\/www.radiolimari.cl\/index.php?rest_route=\/wp\/v2\/types\/post"}],"author":[{"embeddable":true,"href":"https:\/\/www.radiolimari.cl\/index.php?rest_route=\/wp\/v2\/users\/2"}],"replies":[{"embeddable":true,"href":"https:\/\/www.radiolimari.cl\/index.php?rest_route=%2Fwp%2Fv2%2Fcomments&post=8907"}],"version-history":[{"count":1,"href":"https:\/\/www.radiolimari.cl\/index.php?rest_route=\/wp\/v2\/posts\/8907\/revisions"}],"predecessor-version":[{"id":8909,"href":"https:\/\/www.radiolimari.cl\/index.php?rest_route=\/wp\/v2\/posts\/8907\/revisions\/8909"}],"wp:featuredmedia":[{"embeddable":true,"href":"https:\/\/www.radiolimari.cl\/index.php?rest_route=\/wp\/v2\/media\/8908"}],"wp:attachment":[{"href":"https:\/\/www.radiolimari.cl\/index.php?rest_route=%2Fwp%2Fv2%2Fmedia&parent=8907"}],"wp:term":[{"taxonomy":"category","embeddable":true,"href":"https:\/\/www.radiolimari.cl\/index.php?rest_route=%2Fwp%2Fv2%2Fcategories&post=8907"},{"taxonomy":"post_tag","embeddable":true,"href":"https:\/\/www.radiolimari.cl\/index.php?rest_route=%2Fwp%2Fv2%2Ftags&post=8907"}],"curies":[{"name":"wp","href":"https:\/\/api.w.org\/{rel}","templated":true}]}}