{"id":8904,"date":"2023-04-18T15:06:24","date_gmt":"2023-04-18T15:06:24","guid":{"rendered":"https:\/\/www.radiolimari.cl\/?p=8904"},"modified":"2023-04-18T15:06:24","modified_gmt":"2023-04-18T15:06:24","slug":"region-de-coquimbo-suma-esfuerzos-para-proteger-sus-cielos-nocturnos","status":"publish","type":"post","link":"https:\/\/www.radiolimari.cl\/?p=8904","title":{"rendered":"Regi\u00f3n de Coquimbo suma esfuerzos para proteger sus cielos nocturnos"},"content":{"rendered":"\n<figure class=\"wp-block-image size-large is-resized\"><a href=\"https:\/\/www.radiolimari.cl\/wp-content\/uploads\/2023\/04\/PROTECCION-CIELOS-IMG_1804.jpg\"><img fetchpriority=\"high\" decoding=\"async\" src=\"https:\/\/www.radiolimari.cl\/wp-content\/uploads\/2023\/04\/PROTECCION-CIELOS-IMG_1804-1024x569.jpg\" alt=\"\" class=\"wp-image-8905\" width=\"396\" height=\"220\" srcset=\"https:\/\/www.radiolimari.cl\/wp-content\/uploads\/2023\/04\/PROTECCION-CIELOS-IMG_1804-1024x569.jpg 1024w, https:\/\/www.radiolimari.cl\/wp-content\/uploads\/2023\/04\/PROTECCION-CIELOS-IMG_1804-300x167.jpg 300w, https:\/\/www.radiolimari.cl\/wp-content\/uploads\/2023\/04\/PROTECCION-CIELOS-IMG_1804-768x427.jpg 768w, https:\/\/www.radiolimari.cl\/wp-content\/uploads\/2023\/04\/PROTECCION-CIELOS-IMG_1804.jpg 1218w\" sizes=\"(max-width: 396px) 100vw, 396px\" \/><\/a><\/figure>\n\n\n\n<p><strong><em>Se trata de una instancia de participaci\u00f3n multisectorial que permitir\u00e1 ir juntar las capacidades tanto p\u00fablicas como cient\u00edficas presentes en la zona, para ir levantando acciones y estrategias para garantizar el cuidado del cielo y hacer frente al principal desaf\u00edo, la contaminaci\u00f3n lum\u00ednica<\/em><\/strong>.<\/p>\n\n\n\n<p>La protecci\u00f3n de los cielos nocturnos es muy importante, considerando que la Regi\u00f3n de Coquimbo tiene los \u201ccielos m\u00e1s limpios del mundo\u201d y representa adem\u00e1s un recurso muy valioso para la industria tur\u00edstica y el desarrollo de la investigaci\u00f3n cient\u00edfica.<\/p>\n\n\n\n<p>Es en este sentido, que esta semana se constituy\u00f3 la primera \u201cComisi\u00f3n Regional para el Cuidado de los Cielos Nocturnos\u201d, presidida por el Delegado Presidencial Regional, Rub\u00e9n Quezada, quien destac\u00f3 que <strong>\u201ctal como ha sido el mandato del Presidente Gabriel Boric, debemos trabajar en conjunto, el Gobierno, la academia, el sector privado y por eso levantamos esta institucionalidad para desarrollar y poner sobre la mesa la relevancia y tomas medidas concretas para garantizar su conservaci\u00f3n\u201d<\/strong>.<\/p>\n\n\n\n<p>Y es que uno de los principales desaf\u00edos revisados en el marco de esta primera sesi\u00f3n de la comisi\u00f3n, es ir revisando las acciones para proteger el cielo de la contaminaci\u00f3n lum\u00ednica, sumando los esfuerzos y capacidades cient\u00edficas, adem\u00e1s de las herramientas que poseen los servicios p\u00fablicos y municipios.<\/p>\n\n\n\n<p>En esta l\u00ednea, Hern\u00e1n Bustos, Subdirector de la Association of Universities for Research in Astronomy, AURA, en Chile, remarc\u00f3 que <strong>\u201cla protecci\u00f3n del cielo no solamente beneficia a la astronom\u00eda en Chile, tambi\u00e9n a la vida de los seres humanos y otras especies. Nosotros hemos estado promovido el conocimiento respecto a los efectos de la contaminaci\u00f3n. Sabemos que es complejo porque no podemos detener el crecimiento de la ciudad, pero creo que con todos los actores de esta mesa, podremos implementar acciones positivas de cuidado del cielo\u201d<\/strong>.<\/p>\n\n\n\n<p>De esta forma, se dar\u00e1 espacio a iniciativas regionales que fortalezcan la protecci\u00f3n, gestionando y priorizando las acciones de investigaci\u00f3n y el desarrollo de pol\u00edticas regionales.<\/p>\n\n\n\n<p>As\u00ed lo remarc\u00f3 Sebasti\u00e1n D\u00edaz, Coordinador Regional del Ministerio de Ciencia de las regiones de Valpara\u00edso y Coquimbo, quien enfatiz\u00f3 que <strong>\u201cparte de los lineamientos iniciales, ahora, es poder comenzar a identificar, potenciales iniciativas y proyectos que permitan poder conectar este desarrollo con las municipalidades, impulsar proyectos que nos permitan hacer frente al crecimiento de la contaminaci\u00f3n lum\u00ednica en la regi\u00f3n de Coquimbo y, de igual forma, potenciar el rol y el v\u00ednculo que tiene el Estado con las universidades de la regi\u00f3n\u201d<\/strong>.<\/p>\n","protected":false},"excerpt":{"rendered":"<p>Se trata de una instancia de participaci\u00f3n multisectorial que permitir\u00e1 ir juntar las capacidades tanto p\u00fablicas como cient\u00edficas presentes en la zona, para ir levantando acciones y estrategias para garantizar el cuidado del cielo y hacer frente al principal desaf\u00edo, la contaminaci\u00f3n lum\u00ednica. La protecci\u00f3n de los cielos nocturnos es muy importante, considerando que la &#8230;<\/p>\n","protected":false},"author":2,"featured_media":8905,"comment_status":"open","ping_status":"open","sticky":false,"template":"","format":"standard","meta":{"footnotes":""},"categories":[3],"tags":[],"class_list":["post-8904","post","type-post","status-publish","format-standard","has-post-thumbnail","hentry","category-actualidad"],"_links":{"self":[{"href":"https:\/\/www.radiolimari.cl\/index.php?rest_route=\/wp\/v2\/posts\/8904","targetHints":{"allow":["GET"]}}],"collection":[{"href":"https:\/\/www.radiolimari.cl\/index.php?rest_route=\/wp\/v2\/posts"}],"about":[{"href":"https:\/\/www.radiolimari.cl\/index.php?rest_route=\/wp\/v2\/types\/post"}],"author":[{"embeddable":true,"href":"https:\/\/www.radiolimari.cl\/index.php?rest_route=\/wp\/v2\/users\/2"}],"replies":[{"embeddable":true,"href":"https:\/\/www.radiolimari.cl\/index.php?rest_route=%2Fwp%2Fv2%2Fcomments&post=8904"}],"version-history":[{"count":1,"href":"https:\/\/www.radiolimari.cl\/index.php?rest_route=\/wp\/v2\/posts\/8904\/revisions"}],"predecessor-version":[{"id":8906,"href":"https:\/\/www.radiolimari.cl\/index.php?rest_route=\/wp\/v2\/posts\/8904\/revisions\/8906"}],"wp:featuredmedia":[{"embeddable":true,"href":"https:\/\/www.radiolimari.cl\/index.php?rest_route=\/wp\/v2\/media\/8905"}],"wp:attachment":[{"href":"https:\/\/www.radiolimari.cl\/index.php?rest_route=%2Fwp%2Fv2%2Fmedia&parent=8904"}],"wp:term":[{"taxonomy":"category","embeddable":true,"href":"https:\/\/www.radiolimari.cl\/index.php?rest_route=%2Fwp%2Fv2%2Fcategories&post=8904"},{"taxonomy":"post_tag","embeddable":true,"href":"https:\/\/www.radiolimari.cl\/index.php?rest_route=%2Fwp%2Fv2%2Ftags&post=8904"}],"curies":[{"name":"wp","href":"https:\/\/api.w.org\/{rel}","templated":true}]}}