{"id":8901,"date":"2023-04-18T14:15:40","date_gmt":"2023-04-18T14:15:40","guid":{"rendered":"https:\/\/www.radiolimari.cl\/?p=8901"},"modified":"2023-04-18T14:15:40","modified_gmt":"2023-04-18T14:15:40","slug":"gobierno-regional-destina-mas-de-2-779-millones-para-que-municipalidades-postulen-al-fril-2023","status":"publish","type":"post","link":"https:\/\/www.radiolimari.cl\/?p=8901","title":{"rendered":"Gobierno Regional destina m\u00e1s de $2.779 millones para que municipalidades postulen al FRIL 2023"},"content":{"rendered":"\n<figure class=\"wp-block-image size-large\"><a href=\"https:\/\/www.radiolimari.cl\/wp-content\/uploads\/2023\/04\/DJI_0227-scaled.jpg\"><img fetchpriority=\"high\" decoding=\"async\" width=\"1024\" height=\"576\" src=\"https:\/\/www.radiolimari.cl\/wp-content\/uploads\/2023\/04\/DJI_0227-1024x576.jpg\" alt=\"\" class=\"wp-image-8902\" srcset=\"https:\/\/www.radiolimari.cl\/wp-content\/uploads\/2023\/04\/DJI_0227-1024x576.jpg 1024w, https:\/\/www.radiolimari.cl\/wp-content\/uploads\/2023\/04\/DJI_0227-300x169.jpg 300w, https:\/\/www.radiolimari.cl\/wp-content\/uploads\/2023\/04\/DJI_0227-768x432.jpg 768w, https:\/\/www.radiolimari.cl\/wp-content\/uploads\/2023\/04\/DJI_0227-1536x864.jpg 1536w, https:\/\/www.radiolimari.cl\/wp-content\/uploads\/2023\/04\/DJI_0227-2048x1152.jpg 2048w\" sizes=\"(max-width: 1024px) 100vw, 1024px\" \/><\/a><figcaption class=\"wp-element-caption\">default<\/figcaption><\/figure>\n\n\n\n<p><strong>Esta l\u00ednea de inversi\u00f3n de infraestructura menor permitir\u00e1 que cada comuna pueda acceder a 3.000 UTM. <\/strong><\/p>\n\n\n\n<p>Responder a necesidades como la escasez h\u00eddrica y principalmente a medidas orientadas a una regi\u00f3n sustentable, tiene por objetivo el Fondo Regional de Inversi\u00f3n Local (FRIL) del Gobierno Regional, una l\u00ednea de financiamiento de iniciativas de infraestructura menor que busca mejorar la calidad de vida de los habitantes.<\/p>\n\n\n\n<p>Para este a\u00f1o la inversi\u00f3n supera los $2.779 millones y se orientar\u00e1n los recursos a proyectos cuyo foco sea dar soluci\u00f3n a problem\u00e1ticas actuales que enfrentan las comunidades y territorios m\u00e1s rezagados, considerando la participaci\u00f3n de la ciudadan\u00eda en el proceso.<\/p>\n\n\n\n<p>As\u00ed lo destac\u00f3 la gobernadora Krist Naranjo, \u201cestos proyectos no son tan conocidos por la gente en general, pero son proyectos de asignaci\u00f3n a los municipios y llegan a resolver algunas deficiencias territoriales de villas, de poblaciones, por ejemplo con plazas, sistemas de regad\u00edos y algunas propuestas nuevas que tenemos este a\u00f1o, nuevas l\u00edneas de inversi\u00f3n, que aborda el cambio clim\u00e1tico y recursos h\u00eddricos, para hacer el \u00e9nfasis en estos temas que hoy son contingentes para nuestra sociedad\u201d.<\/p>\n\n\n\n<p>Considerando las necesidades b\u00e1sicas en el \u00e1rea rural y urbana, la idea es buscar soluciones sanitarias y de abastecimiento, que permitan garantizar el agua para consumo humano, as\u00ed tambi\u00e9n concretar y fortalecer iniciativas que apunten al desarrollo sustentable, mejorar las capacidades econ\u00f3micas y productivas.<\/p>\n\n\n\n<p><strong>Ejes program\u00e1ticos<\/strong><\/p>\n\n\n\n<p>El enfoque de los recursos tendr\u00e1 como destino considerar los siguientes ejes program\u00e1ticos: Obras de Adecuaci\u00f3n al Cambio Clim\u00e1tico; Mejoramiento de Espacios P\u00fablicos y Equipamiento a Escala Local.<\/p>\n\n\n\n<p>En el primer caso, se deben elaborar proyectos tendientes a crear condiciones que permitan garantizar la generaci\u00f3n y suministro del recurso h\u00eddrico para consumo humano y animal, protecci\u00f3n y generaci\u00f3n de la biodiversidad regional y otras acciones para disminuir la generaci\u00f3n de residuos a escala local.<\/p>\n\n\n\n<p>Respecto al segundo punto, el objetivo es mejorar las condiciones de confort ambiental, movilidad, habilidad de espacios p\u00fablicos, el mejoramiento y recuperaci\u00f3n ambiental de plazas a trav\u00e9s del uso de eficiencia energ\u00e9tica, instalaci\u00f3n de composteras, puntos de reciclaje como respuesta a los desaf\u00edos de utilizaci\u00f3n de espacios p\u00fablicos seguros.<\/p>\n\n\n\n<p>Por \u00faltimo, se financiar\u00e1 la iniciativa que permita la creaci\u00f3n de nuevos equipamientos de uso colectivo que permitan albergar actividades comunitarias, espacios que permitan la formaci\u00f3n, convivencia interregional y otros tipos de equipamientos que permitan la promoci\u00f3n del turismo de la zona. Seg\u00fan las necesidades comunales, la construcci\u00f3n o reparaci\u00f3n, obras de conservaci\u00f3n y emergencias en el \u00e1mbito deportivo-comunitario.<\/p>\n","protected":false},"excerpt":{"rendered":"<p>Esta l\u00ednea de inversi\u00f3n de infraestructura menor permitir\u00e1 que cada comuna pueda acceder a 3.000 UTM. Responder a necesidades como la escasez h\u00eddrica y principalmente a medidas orientadas a una regi\u00f3n sustentable, tiene por objetivo el Fondo Regional de Inversi\u00f3n Local (FRIL) del Gobierno Regional, una l\u00ednea de financiamiento de iniciativas de infraestructura menor que &#8230;<\/p>\n","protected":false},"author":2,"featured_media":8902,"comment_status":"open","ping_status":"open","sticky":false,"template":"","format":"standard","meta":{"footnotes":""},"categories":[3],"tags":[],"class_list":["post-8901","post","type-post","status-publish","format-standard","has-post-thumbnail","hentry","category-actualidad"],"_links":{"self":[{"href":"https:\/\/www.radiolimari.cl\/index.php?rest_route=\/wp\/v2\/posts\/8901","targetHints":{"allow":["GET"]}}],"collection":[{"href":"https:\/\/www.radiolimari.cl\/index.php?rest_route=\/wp\/v2\/posts"}],"about":[{"href":"https:\/\/www.radiolimari.cl\/index.php?rest_route=\/wp\/v2\/types\/post"}],"author":[{"embeddable":true,"href":"https:\/\/www.radiolimari.cl\/index.php?rest_route=\/wp\/v2\/users\/2"}],"replies":[{"embeddable":true,"href":"https:\/\/www.radiolimari.cl\/index.php?rest_route=%2Fwp%2Fv2%2Fcomments&post=8901"}],"version-history":[{"count":1,"href":"https:\/\/www.radiolimari.cl\/index.php?rest_route=\/wp\/v2\/posts\/8901\/revisions"}],"predecessor-version":[{"id":8903,"href":"https:\/\/www.radiolimari.cl\/index.php?rest_route=\/wp\/v2\/posts\/8901\/revisions\/8903"}],"wp:featuredmedia":[{"embeddable":true,"href":"https:\/\/www.radiolimari.cl\/index.php?rest_route=\/wp\/v2\/media\/8902"}],"wp:attachment":[{"href":"https:\/\/www.radiolimari.cl\/index.php?rest_route=%2Fwp%2Fv2%2Fmedia&parent=8901"}],"wp:term":[{"taxonomy":"category","embeddable":true,"href":"https:\/\/www.radiolimari.cl\/index.php?rest_route=%2Fwp%2Fv2%2Fcategories&post=8901"},{"taxonomy":"post_tag","embeddable":true,"href":"https:\/\/www.radiolimari.cl\/index.php?rest_route=%2Fwp%2Fv2%2Ftags&post=8901"}],"curies":[{"name":"wp","href":"https:\/\/api.w.org\/{rel}","templated":true}]}}