{"id":8898,"date":"2023-04-18T14:05:49","date_gmt":"2023-04-18T14:05:49","guid":{"rendered":"https:\/\/www.radiolimari.cl\/?p=8898"},"modified":"2023-04-18T14:05:50","modified_gmt":"2023-04-18T14:05:50","slug":"definen-nuevas-medidas-para-fortalecer-la-seguridad-en-las-comunas-de-la-serena-coquimbo-y-ovalle","status":"publish","type":"post","link":"https:\/\/www.radiolimari.cl\/?p=8898","title":{"rendered":"Definen nuevas medidas para fortalecer la seguridad en las comunas de La Serena, Coquimbo y Ovalle"},"content":{"rendered":"\n<figure class=\"wp-block-image size-full\"><a href=\"https:\/\/www.radiolimari.cl\/wp-content\/uploads\/2023\/04\/20230417143526_IMG_4682.jpg\"><img fetchpriority=\"high\" decoding=\"async\" width=\"1024\" height=\"683\" src=\"https:\/\/www.radiolimari.cl\/wp-content\/uploads\/2023\/04\/20230417143526_IMG_4682.jpg\" alt=\"\" class=\"wp-image-8899\" srcset=\"https:\/\/www.radiolimari.cl\/wp-content\/uploads\/2023\/04\/20230417143526_IMG_4682.jpg 1024w, https:\/\/www.radiolimari.cl\/wp-content\/uploads\/2023\/04\/20230417143526_IMG_4682-300x200.jpg 300w, https:\/\/www.radiolimari.cl\/wp-content\/uploads\/2023\/04\/20230417143526_IMG_4682-768x512.jpg 768w\" sizes=\"(max-width: 1024px) 100vw, 1024px\" \/><\/a><\/figure>\n\n\n\n<p><strong><em>Como parte de la pol\u00edtica del Gobierno del Presidente Gabriel Boric, el Delegado Presidencial Regional Rub\u00e9n Quezada, dio a conocer los tres programas que guiar\u00e1n la acci\u00f3n para la prevenci\u00f3n y lucha contra los delitos, entre ellos \u201cCalles Sin Violencia\u201d.<\/em><\/strong> <\/p>\n\n\n\n<p>El Gobierno ha instruido redoblar los esfuerzos y generar mayor unidad y coordinaci\u00f3n para enfrentar la realidad de la delincuencia, el narcotr\u00e1fico y la posesi\u00f3n de armas.<\/p>\n\n\n\n<p>De esto se desprende una serie de acciones que se implementar\u00e1n en el pa\u00eds como parte de una pol\u00edtica mayor que incluye tanto una agenda legislativa y tres programas de reforzamiento de la seguridad: el programa M\u00e1s Seguridad, M\u00e1s Comunidad; Estado Presente y Calle Sin Violencias.<\/p>\n\n\n\n<p>Precisamente, sobre esta \u00faltima iniciativa, el Delegado Presidencial Regional, Rub\u00e9n Quezada, abord\u00f3 detalles con los alcaldes de La Serena, Coquimbo y Ovalle, comunas que inicialmente forman parte de la estrategia.<\/p>\n\n\n\n<p><strong>\u201cDebemos fortalecer nuestra capacidad de prevenci\u00f3n, de respuesta y coordinaci\u00f3n de las instituciones del Estado. &nbsp;Este plan pretende abordar y enfrentar los delitos violentos y los homicidios, entre todos dise\u00f1aremos una estrategia de intervenci\u00f3n espec\u00edfica en cada territorio en base a un trabajo coordinado que permita que con Carabineros, los municipios, la PDI y el Ministerio P\u00fablico podamos actuar coordinadamente\u201d<\/strong>, indic\u00f3 el Delegado Quezada.<\/p>\n\n\n\n<p>Este plan, a\u00f1adi\u00f3, involucra estas tres comunas porque entre ellas se concentra el 80% de los delitos violentos y la mayor cantidad de poblaci\u00f3n a nivel regional.<\/p>\n\n\n\n<p>Ser\u00e1n cuatro l\u00edneas de acci\u00f3n, una de persecuci\u00f3n penal, para tener mejores resultados en esas comunas en perseguir los delitos m\u00e1s violentos. Al respecto, el Fiscal Regional Adri\u00e1n Vega sostuvo que <strong>\u201cla preocupaci\u00f3n son los homicidios y en estas tres comunas identificaremos fiscales preferentes para la investigaci\u00f3n y acreditaci\u00f3n de delitos (\u2026) A trav\u00e9s de Carabineros y la PDI, con equipos especializados, esperamos hacer una bajada concreta de investigaciones m\u00e1s eficientes y estos delitos graves puedan ser perseguidos\u201d<\/strong>.<\/p>\n\n\n\n<p>Una segunda arista es la presencia policial, que se traduce en rondas de patrullajes, fiscalizaci\u00f3n de armamentos, puntos de control para identificar personas con compromiso delictual, \u00f3rdenes pendientes.<\/p>\n\n\n\n<p>El Jefe de la IV Zona de Carabineros, General Juan Mu\u00f1oz, acot\u00f3 que <strong>\u201cestaremos permanentemente colaborando, haremos controles focalizados y din\u00e1micos para saber en qu\u00e9 lugar est\u00e1n ocurriendo delitos y, a ra\u00edz de eso, realizar controles vehiculares para sorprender gente que est\u00e1 con \u00f3rdenes pendientes y recuperar armas de fuego\u201d<\/strong>.<\/p>\n\n\n\n<p>Por su parte, el Prefecto Inspector, Jos\u00e9 Carrasco, Jefe Regional de la PDI, puntualiz\u00f3 que<strong> \u201cdetectives especializados se sumar\u00e1n a los esfuerzos investigativos que estamos llevando a cabo para construir las pruebas y entregar al Ministerio P\u00fablico todos los insumos para la persecuci\u00f3n penal\u201d<\/strong>.<\/p>\n\n\n\n<p>El tercer eje es de&nbsp; fiscalizaci\u00f3n donde tendr\u00e1n protagonismo los municipios con su apoyo a las tareas de control y una cuarta dimensi\u00f3n que es preventiva y de mejoramiento de espacios p\u00fablicos.<\/p>\n\n\n\n<p>Para las comunas involucradas, <strong>\u201cel Gobierno ha tenido una lectura muy clara de la situaci\u00f3n de Ovalle, La Serena y Coquimbo. Tener la oportunidad de reforzar el trabajo ya hecho, nos va a permitir tener un mejor resultado\u201d<\/strong>, indic\u00f3 Al\u00ed Manouchehri, Alcalde de Coquimbo<\/p>\n\n\n\n<p>Mientras que Jonathan Acu\u00f1a, Alcalde de Ovalle, valor\u00f3 que <strong>\u201cel Delegado nos involucre y nos hagamos cargo de esta situaci\u00f3n compleja. Elevar un plan de este tipo nos obliga a trabajar de manera conjunta, generando alianzas y sobre todo que en nuestra comuna hemos liderado los homicidios a nivel regional\u201d<\/strong>.<\/p>\n\n\n\n<p>De igual manera, el Alcalde de La Serena Roberto Jacob, remarc\u00f3 que <strong>\u201cnosotros estaremos con todo lo necesario para cooperar con este plan para que tenga \u00e9xito. Al fin estamos viendo acciones directas y claras en beneficio de la gente que sufre por la delincuencia\u201d.<\/strong><\/p>\n\n\n\n<p><strong>Los otros programas._<\/strong><\/p>\n\n\n\n<p><strong>Plan Estado Presente:<\/strong><\/p>\n\n\n\n<p>Considera a 120 comunas priorizadas a trav\u00e9s del \u00cdndice de Vulnerabilidad Socio Delictual, con el objetivo de intensificar la presencia del Estado, a trav\u00e9s de un trabajo focalizado y prevenir la ocurrencia de delitos y aumentar la seguridad.<\/p>\n\n\n\n<p>Todas esas comunas recibir\u00e1n financiamiento permanente para desarrollar proyectos de prevenci\u00f3n de delitos por, al menos, tres a\u00f1os por medio del Sistema Nacional de Seguridad Municipal.<\/p>\n\n\n\n<p>En estas comunas se fortalecer\u00e1n los programas Lazos, Somos Barrio y Somos Barrio Comercial. Adem\u00e1s, se coordinar\u00e1n patrullajes y fiscalizaciones preventivas sobre veh\u00edculos y \u00f3rdenes de detenciones vigentes.<\/p>\n\n\n\n<p><strong>M\u00e1s Seguridad, M\u00e1s Comunidad:<\/strong><\/p>\n\n\n\n<p>Busca agilizar el financiamiento del programa M\u00e1s Seguridad, M\u00e1s Comunidad que viene de 2022, iniciado en octubre, con el objetivo de lograr cobertura universal. Para esto, se requiere una inversi\u00f3n de aproximadamente $20.000 millones m\u00e1s.<\/p>\n\n\n\n<p>Trabajar\u00e1 de manera focalizada, caracterizando la inversi\u00f3n PMU &#8211; SUBDERE alineada con plan \u201cCalle Sin Violencia\u201d, especialmente en proyectos de construcci\u00f3n o recuperaci\u00f3n de espacios p\u00fablicos, reforzamiento de \u00e1reas verdes, zonas recreativas e instalaciones deportivas.<\/p>\n","protected":false},"excerpt":{"rendered":"<p>Como parte de la pol\u00edtica del Gobierno del Presidente Gabriel Boric, el Delegado Presidencial Regional Rub\u00e9n Quezada, dio a conocer los tres programas que guiar\u00e1n la acci\u00f3n para la prevenci\u00f3n y lucha contra los delitos, entre ellos \u201cCalles Sin Violencia\u201d. El Gobierno ha instruido redoblar los esfuerzos y generar mayor unidad y coordinaci\u00f3n para enfrentar &#8230;<\/p>\n","protected":false},"author":2,"featured_media":8899,"comment_status":"open","ping_status":"open","sticky":false,"template":"","format":"standard","meta":{"footnotes":""},"categories":[6],"tags":[],"class_list":["post-8898","post","type-post","status-publish","format-standard","has-post-thumbnail","hentry","category-regionales"],"_links":{"self":[{"href":"https:\/\/www.radiolimari.cl\/index.php?rest_route=\/wp\/v2\/posts\/8898","targetHints":{"allow":["GET"]}}],"collection":[{"href":"https:\/\/www.radiolimari.cl\/index.php?rest_route=\/wp\/v2\/posts"}],"about":[{"href":"https:\/\/www.radiolimari.cl\/index.php?rest_route=\/wp\/v2\/types\/post"}],"author":[{"embeddable":true,"href":"https:\/\/www.radiolimari.cl\/index.php?rest_route=\/wp\/v2\/users\/2"}],"replies":[{"embeddable":true,"href":"https:\/\/www.radiolimari.cl\/index.php?rest_route=%2Fwp%2Fv2%2Fcomments&post=8898"}],"version-history":[{"count":1,"href":"https:\/\/www.radiolimari.cl\/index.php?rest_route=\/wp\/v2\/posts\/8898\/revisions"}],"predecessor-version":[{"id":8900,"href":"https:\/\/www.radiolimari.cl\/index.php?rest_route=\/wp\/v2\/posts\/8898\/revisions\/8900"}],"wp:featuredmedia":[{"embeddable":true,"href":"https:\/\/www.radiolimari.cl\/index.php?rest_route=\/wp\/v2\/media\/8899"}],"wp:attachment":[{"href":"https:\/\/www.radiolimari.cl\/index.php?rest_route=%2Fwp%2Fv2%2Fmedia&parent=8898"}],"wp:term":[{"taxonomy":"category","embeddable":true,"href":"https:\/\/www.radiolimari.cl\/index.php?rest_route=%2Fwp%2Fv2%2Fcategories&post=8898"},{"taxonomy":"post_tag","embeddable":true,"href":"https:\/\/www.radiolimari.cl\/index.php?rest_route=%2Fwp%2Fv2%2Ftags&post=8898"}],"curies":[{"name":"wp","href":"https:\/\/api.w.org\/{rel}","templated":true}]}}