{"id":8877,"date":"2023-04-14T01:54:36","date_gmt":"2023-04-14T01:54:36","guid":{"rendered":"https:\/\/www.radiolimari.cl\/?p=8877"},"modified":"2023-04-14T01:54:37","modified_gmt":"2023-04-14T01:54:37","slug":"profesionalizan-oficios-en-internos-de-la-serena-y-ovalle-a-traves-de-la-certificacion-de-competencias-laborales","status":"publish","type":"post","link":"https:\/\/www.radiolimari.cl\/?p=8877","title":{"rendered":"Profesionalizan oficios en internos de La Serena y Ovalle a trav\u00e9s de la certificaci\u00f3n de competencias laborales"},"content":{"rendered":"\n<figure class=\"wp-block-image size-large\"><a href=\"https:\/\/www.radiolimari.cl\/wp-content\/uploads\/2023\/04\/IMG_1681.jpg\"><img fetchpriority=\"high\" decoding=\"async\" width=\"1024\" height=\"683\" src=\"https:\/\/www.radiolimari.cl\/wp-content\/uploads\/2023\/04\/IMG_1681-1024x683.jpg\" alt=\"\" class=\"wp-image-8878\" srcset=\"https:\/\/www.radiolimari.cl\/wp-content\/uploads\/2023\/04\/IMG_1681-1024x683.jpg 1024w, https:\/\/www.radiolimari.cl\/wp-content\/uploads\/2023\/04\/IMG_1681-300x200.jpg 300w, https:\/\/www.radiolimari.cl\/wp-content\/uploads\/2023\/04\/IMG_1681-768x512.jpg 768w, https:\/\/www.radiolimari.cl\/wp-content\/uploads\/2023\/04\/IMG_1681-1536x1024.jpg 1536w, https:\/\/www.radiolimari.cl\/wp-content\/uploads\/2023\/04\/IMG_1681-2048x1365.jpg 2048w\" sizes=\"(max-width: 1024px) 100vw, 1024px\" \/><\/a><\/figure>\n\n\n\n<p><em>Esta es la primera vez que, tras la alianza de Sence y Gendarmer\u00eda, Chilevalora eval\u00faa y certifica a personas que cumplen condena, un hito para la regi\u00f3n en esta materia.<\/em><\/p>\n\n\n\n<p>Jorge cumple condena en el Complejo Penitenciario de La Serena y desde hace una a\u00f1o que trabaja en la panader\u00eda del lugar. Durante este periodo ha obtenido vastos conocimientos que demuestran que ha adquirido un oficio sin haber pasado por un proceso de formaci\u00f3n. Y ahora, \u00e9l ha sido evaluado sus competencias laborales como Maestro Panadero, las que han sido certificado por el sistema Chilevalora, en donde se le reconoce su \u201csaber hacer\u201d en dicho rubro.<\/p>\n\n\n\n<p>\u201cLo m\u00e1s importante en esto es que podemos acreditar que el sacrificio que los panaderos tienen sea otorgado como un oficio y tengamos nuestra profesi\u00f3n, ya que nuestro futuro depende de nosotros, y le doy las gracias a todas las instituciones que hicieron posible que obtuvi\u00e9ramos nuestro certificado\u201d, afirm\u00f3 Jorge tras recibir su certificaci\u00f3n y documentos que acreditan que es un Maestro Panadero reconocido por el Estado de Chile.<\/p>\n\n\n\n<p>Otro caso similar es el de Ricardo, interno del Centro de Detenci\u00f3n Preventiva (CDP) de Ovalle, quien tambi\u00e9n se someti\u00f3 a evaluaci\u00f3n para acreditar sus conocimientos en el rubro de la Panader\u00eda. \u201cMuy bueno porque tener un oficio certificado pasa a ser m\u00e1s favorable, nos entrega credibilidad, tanto en el medio libre cuando nosotros obtengamos nuestra libertad (\u2026) sirve de reinserci\u00f3n, educaci\u00f3n laboral, y de posibilidades de otro tipo de vida para muchos de los internos que estamos aqu\u00ed\u201d, coment\u00f3 un emocionado Ricardo tras ser reconocido por Chilevalora.<\/p>\n\n\n\n<p>As\u00ed como Jorge y Ricardo, fueron 16 internos en ellos centros de La Serena y Ovalle quienes se certificaron en el perfil Maestro Panadero, a trav\u00e9s del sistema de certificaci\u00f3n de competencias laborales, Chilevalora, financiados por el Servicio Nacional de Capacitaci\u00f3n y Empleo, Sence, y gestionados por Gendarmer\u00eda para seleccionar a los internos m\u00e1s preparados para este fin, y ejecutado por el centro evaluador Bureau Veritas. Esta es la primera vez que tras la alianza de Sence y Gendarmer\u00eda, se eval\u00faa y certifica a personas que cumplen condena, un hito para la regi\u00f3n en esta materia.<\/p>\n\n\n\n<p>Luis Cort\u00e9s, coordinador regional de Chilevalora, destac\u00f3 que \u201cvaloramos positivamente estas iniciativas donde llegamos a internos, a reconocer lo que hacen y reconocerlos como maestros panaderos, que es el perfil en el cual ellos fueron certificados, y les va a dar un valor agregado a la hora de llegar al trabajo\u201d.<\/p>\n\n\n\n<p>En tanto, Eduardo Toro, director regional (S) Sence, &nbsp;se\u00f1al\u00f3 que \u00abpara nosotros es realmente satisfactorio entregar oportunidades de evaluaci\u00f3n y certificaci\u00f3n porque este documento que reciben los internos es un especie de t\u00edtulo que acredita sus competencias, sus conocimientos, validado por el Estado de Chile, y que, seguramente, una vez est\u00e9n el medio libre les abrir\u00e1 muchas puertas, y que es eso lo que buscamos, una real inserci\u00f3n laboral, y estas acciones son prueba de ello\u00bb.<\/p>\n\n\n\n<p>En el caso de Gendarmer\u00eda, el jefe t\u00e9cnico regional de la instituci\u00f3n, Juan Francisco Cort\u00e9s, se\u00f1al\u00f3 que \u201ccontar con esta oportunidad, que Chilevalora pueda certificar a internos que realizan trabajos de manera permanente, es tremendamente importante porque en el fondo est\u00e1 certificando lo que ellos hacen a diario, que es su actividad como panaderos. Ellos trabajan en esta unidad preparando el pan que consumen los mismos internos, y eso para nosotros es importante porque les est\u00e1 entregando una herramienta para que cuando salgan al medio libre, puedan obtener un trabajo remunerado y puedan colocarse laboralmente, con mejor perspectiva\u201d.<\/p>\n\n\n\n<p><strong>\u00bfQu\u00e9 es el sistema Chilevalora?<\/strong><\/p>\n\n\n\n<p>Su funci\u00f3n principal es reconocer formalmente las competencias laborales de las personas mediante la certificaci\u00f3n, independientemente de la forma del c\u00f3mo hayan adquirido los conocimientos y de si tienen o no un t\u00edtulo o grado acad\u00e9mico.<\/p>\n\n\n\n<p>De esta forma, se busca favorecer las oportunidades de aprendizaje continuo de las personas, su reconocimiento y valorizaci\u00f3n, mediante procesos de evaluaci\u00f3n y certificaci\u00f3n, basados en est\u00e1ndares definidos y validados por los sectores productivos.<\/p>\n\n\n\n<p>Chilevalora es una entidad tripartita compuesta por tres actores, los que est\u00e1n representados, principalmente, por: empleadores y sus organizaciones (gremios); trabajadores y sus sindicatos; y la organizaci\u00f3n central del Estado.<\/p>\n","protected":false},"excerpt":{"rendered":"<p>Esta es la primera vez que, tras la alianza de Sence y Gendarmer\u00eda, Chilevalora eval\u00faa y certifica a personas que cumplen condena, un hito para la regi\u00f3n en esta materia. Jorge cumple condena en el Complejo Penitenciario de La Serena y desde hace una a\u00f1o que trabaja en la panader\u00eda del lugar. Durante este periodo &#8230;<\/p>\n","protected":false},"author":2,"featured_media":8878,"comment_status":"open","ping_status":"open","sticky":false,"template":"","format":"standard","meta":{"footnotes":""},"categories":[6],"tags":[],"class_list":["post-8877","post","type-post","status-publish","format-standard","has-post-thumbnail","hentry","category-regionales"],"_links":{"self":[{"href":"https:\/\/www.radiolimari.cl\/index.php?rest_route=\/wp\/v2\/posts\/8877","targetHints":{"allow":["GET"]}}],"collection":[{"href":"https:\/\/www.radiolimari.cl\/index.php?rest_route=\/wp\/v2\/posts"}],"about":[{"href":"https:\/\/www.radiolimari.cl\/index.php?rest_route=\/wp\/v2\/types\/post"}],"author":[{"embeddable":true,"href":"https:\/\/www.radiolimari.cl\/index.php?rest_route=\/wp\/v2\/users\/2"}],"replies":[{"embeddable":true,"href":"https:\/\/www.radiolimari.cl\/index.php?rest_route=%2Fwp%2Fv2%2Fcomments&post=8877"}],"version-history":[{"count":1,"href":"https:\/\/www.radiolimari.cl\/index.php?rest_route=\/wp\/v2\/posts\/8877\/revisions"}],"predecessor-version":[{"id":8879,"href":"https:\/\/www.radiolimari.cl\/index.php?rest_route=\/wp\/v2\/posts\/8877\/revisions\/8879"}],"wp:featuredmedia":[{"embeddable":true,"href":"https:\/\/www.radiolimari.cl\/index.php?rest_route=\/wp\/v2\/media\/8878"}],"wp:attachment":[{"href":"https:\/\/www.radiolimari.cl\/index.php?rest_route=%2Fwp%2Fv2%2Fmedia&parent=8877"}],"wp:term":[{"taxonomy":"category","embeddable":true,"href":"https:\/\/www.radiolimari.cl\/index.php?rest_route=%2Fwp%2Fv2%2Fcategories&post=8877"},{"taxonomy":"post_tag","embeddable":true,"href":"https:\/\/www.radiolimari.cl\/index.php?rest_route=%2Fwp%2Fv2%2Ftags&post=8877"}],"curies":[{"name":"wp","href":"https:\/\/api.w.org\/{rel}","templated":true}]}}