{"id":8871,"date":"2023-04-14T01:36:11","date_gmt":"2023-04-14T01:36:11","guid":{"rendered":"https:\/\/www.radiolimari.cl\/?p=8871"},"modified":"2023-04-14T01:36:11","modified_gmt":"2023-04-14T01:36:11","slug":"indap-abrio-concurso-de-su-programa-progyso-el-que-permite-fortalecer-el-accionar-de-organizaciones-campesinas","status":"publish","type":"post","link":"https:\/\/www.radiolimari.cl\/?p=8871","title":{"rendered":"INDAP abri\u00f3 concurso de su programa PROGYSO, el que permite fortalecer el accionar de organizaciones campesinas"},"content":{"rendered":"\n<figure class=\"wp-block-image size-large\"><a href=\"https:\/\/www.radiolimari.cl\/wp-content\/uploads\/2023\/04\/INDAP-busca-apoyar-a-las-organizaciones-de-representacion-campesina-que-son-usuarias-de-la-institucion-01.jpg\"><img fetchpriority=\"high\" decoding=\"async\" width=\"1024\" height=\"768\" src=\"https:\/\/www.radiolimari.cl\/wp-content\/uploads\/2023\/04\/INDAP-busca-apoyar-a-las-organizaciones-de-representacion-campesina-que-son-usuarias-de-la-institucion-01-1024x768.jpg\" alt=\"\" class=\"wp-image-8872\" srcset=\"https:\/\/www.radiolimari.cl\/wp-content\/uploads\/2023\/04\/INDAP-busca-apoyar-a-las-organizaciones-de-representacion-campesina-que-son-usuarias-de-la-institucion-01-1024x768.jpg 1024w, https:\/\/www.radiolimari.cl\/wp-content\/uploads\/2023\/04\/INDAP-busca-apoyar-a-las-organizaciones-de-representacion-campesina-que-son-usuarias-de-la-institucion-01-300x225.jpg 300w, https:\/\/www.radiolimari.cl\/wp-content\/uploads\/2023\/04\/INDAP-busca-apoyar-a-las-organizaciones-de-representacion-campesina-que-son-usuarias-de-la-institucion-01-768x576.jpg 768w, https:\/\/www.radiolimari.cl\/wp-content\/uploads\/2023\/04\/INDAP-busca-apoyar-a-las-organizaciones-de-representacion-campesina-que-son-usuarias-de-la-institucion-01-1536x1152.jpg 1536w, https:\/\/www.radiolimari.cl\/wp-content\/uploads\/2023\/04\/INDAP-busca-apoyar-a-las-organizaciones-de-representacion-campesina-que-son-usuarias-de-la-institucion-01.jpg 2048w\" sizes=\"(max-width: 1024px) 100vw, 1024px\" \/><\/a><\/figure>\n\n\n\n<p><em>La fecha para postular es desde el mi\u00e9rcoles 12 de abril y hasta el viernes 5 de mayo (a las 16:00 horas).<\/em> <\/p>\n\n\n\n<p>\u201cTenemos el agrado de informar que hemos abierto el primer llamado a concurso del a\u00f1o 2023 del Programa Gesti\u00f3n y Soporte Organizacional (PROGYSO)\u201d. Con estas palabras la Directora Regional (S) de INDAP, Luc\u00eda Gonz\u00e1lez, hizo una invitaci\u00f3n a las organizaciones de representaci\u00f3n campesina de cobertura regional y local, usuarias de la instituci\u00f3n, a participar de esta iniciativa.<\/p>\n\n\n\n<p>La fecha para hacerlo es desde el mi\u00e9rcoles 12 de abril y hasta el viernes 5 de mayo (a las 16:00 horas). La publicaci\u00f3n de resultados finales es el mi\u00e9rcoles 31 de mayo. En detalle, el objetivo del mencionado instrumento es apoyar el fortalecimiento de las organizaciones de representaci\u00f3n campesina, regionales y locales, a trav\u00e9s del desarrollo de habilidades y generaci\u00f3n de capacidades con el objeto que ellas puedan optimizar sus canales de comunicaci\u00f3n, ampliar su grado de representaci\u00f3n, mejorar su interlocuci\u00f3n con el sector p\u00fablico y privado a nivel nacional e internacional, fomentar la relaci\u00f3n y di\u00e1logo social, promover acciones de extensi\u00f3n y facilitar el v\u00ednculo de sus asociados con las pol\u00edticas, programas e instrumentos de INDAP en el \u00e1mbito del sector rural.<\/p>\n\n\n\n<p>Adem\u00e1s, la Directora Regional (S) de INDAP coment\u00f3 que de esta manera lo que busca el servicio del agro es \u201creforzar el constante inter\u00e9s que tenemos porque los usuarios y usuarias se unan y que cuando lo hagan cuenten con las mejores alternativas para desarrollar sus labores organizativas. Adem\u00e1s, como instituci\u00f3n uno de los ocho ejes estrat\u00e9gicos es la asociatividad y el cooperativismo, por lo que lo que hacemos mediante el PROGYSO va justamente en l\u00ednea con aquello\u201d.<\/p>\n\n\n\n<p><strong>REQUISITOS<\/strong><\/p>\n\n\n\n<p>Pueden postular las organizaciones de representaci\u00f3n campesina de cobertura regional y local, constituidas mayoritariamente por peque\u00f1os y peque\u00f1as productores y productoras agr\u00edcolas y\/o campesinos y campesinas, con personalidad jur\u00eddica, que tengan representaci\u00f3n en la regi\u00f3n de Coquimbo, acreditadas ante INDAP, en cuyos estatutos se desprenda claramente que buscan fortalecer el desarrollo organizacional y que desarrollan programas o actividades que implican beneficio directo al sector rural.<\/p>\n\n\n\n<p>Se pueden retirar las bases del concurso desde la Direcci\u00f3n Regional de INDAP (Pedro Pablo Mu\u00f1oz n\u00b0 200, La Serena, en su Oficina de Partes. Tel\u00e9fono 51 2673800) o en las Agencias de \u00c1rea INDAP: La Serena (Av. Juan Cisternas n\u00ba 1235. Tel\u00e9fono 51 2673856), Ovalle (Miguel Aguirre Perry n\u00ba 335. Edificio P\u00fablico 2\u00ba piso, oficina 201. Tel\u00e9fono 53 2422500), Combarbal\u00e1 (Maip\u00fa N\u00b096. Tel\u00e9fono 53 2422553) e Illapel (Independencia n\u00ba 0279. Tel\u00e9fono 53-2422530).<\/p>\n\n\n\n<p>Tambi\u00e9n est\u00e1 la opci\u00f3n que las soliciten al correo electr\u00f3nico: abrito@indap.cl.<\/p>\n\n\n\n<p>El Seremi de Agricultura (S), Jorge Mautz, indic\u00f3 que para la Agricultura Familiar Campesina \u201ces muy importante contar con el PROGYSO, programa de INDAP que promueve una serie de instancias para fortalecer el quehacer de las organizaciones que son usuarias de la instituci\u00f3n. Como Gobierno del Presidente Gabriel Boric estamos trabajando por entregar apoyos directos a trav\u00e9s de distintos \u00e1mbitos y uno de ellos es, precisamente, esta herramienta que busca ser un apoyo para la Agricultura Familiar Campesina. Hacemos el llamado a las organizaciones usuarias de INDAP que cumplan con los requisitos exigidos a que postulen entre el 12 de abril y el 5 de mayo\u201d.<\/p>\n\n\n\n<p>Para conocer datos similares o para informarse sobre el trabajo que despliega INDAP en la regi\u00f3n de Coquimbo los interesados o interesadas pueden visitar las redes sociales de la instituci\u00f3n: Instagram (@indapcoquimbo), Facebook (INDAP Coquimbo) y Twitter (@indap_coquimbo).<\/p>\n","protected":false},"excerpt":{"rendered":"<p>La fecha para postular es desde el mi\u00e9rcoles 12 de abril y hasta el viernes 5 de mayo (a las 16:00 horas). \u201cTenemos el agrado de informar que hemos abierto el primer llamado a concurso del a\u00f1o 2023 del Programa Gesti\u00f3n y Soporte Organizacional (PROGYSO)\u201d. Con estas palabras la Directora Regional (S) de INDAP, Luc\u00eda &#8230;<\/p>\n","protected":false},"author":2,"featured_media":8872,"comment_status":"open","ping_status":"open","sticky":false,"template":"","format":"standard","meta":{"footnotes":""},"categories":[6],"tags":[],"class_list":["post-8871","post","type-post","status-publish","format-standard","has-post-thumbnail","hentry","category-regionales"],"_links":{"self":[{"href":"https:\/\/www.radiolimari.cl\/index.php?rest_route=\/wp\/v2\/posts\/8871","targetHints":{"allow":["GET"]}}],"collection":[{"href":"https:\/\/www.radiolimari.cl\/index.php?rest_route=\/wp\/v2\/posts"}],"about":[{"href":"https:\/\/www.radiolimari.cl\/index.php?rest_route=\/wp\/v2\/types\/post"}],"author":[{"embeddable":true,"href":"https:\/\/www.radiolimari.cl\/index.php?rest_route=\/wp\/v2\/users\/2"}],"replies":[{"embeddable":true,"href":"https:\/\/www.radiolimari.cl\/index.php?rest_route=%2Fwp%2Fv2%2Fcomments&post=8871"}],"version-history":[{"count":1,"href":"https:\/\/www.radiolimari.cl\/index.php?rest_route=\/wp\/v2\/posts\/8871\/revisions"}],"predecessor-version":[{"id":8873,"href":"https:\/\/www.radiolimari.cl\/index.php?rest_route=\/wp\/v2\/posts\/8871\/revisions\/8873"}],"wp:featuredmedia":[{"embeddable":true,"href":"https:\/\/www.radiolimari.cl\/index.php?rest_route=\/wp\/v2\/media\/8872"}],"wp:attachment":[{"href":"https:\/\/www.radiolimari.cl\/index.php?rest_route=%2Fwp%2Fv2%2Fmedia&parent=8871"}],"wp:term":[{"taxonomy":"category","embeddable":true,"href":"https:\/\/www.radiolimari.cl\/index.php?rest_route=%2Fwp%2Fv2%2Fcategories&post=8871"},{"taxonomy":"post_tag","embeddable":true,"href":"https:\/\/www.radiolimari.cl\/index.php?rest_route=%2Fwp%2Fv2%2Ftags&post=8871"}],"curies":[{"name":"wp","href":"https:\/\/api.w.org\/{rel}","templated":true}]}}