{"id":8868,"date":"2023-04-13T18:22:00","date_gmt":"2023-04-13T18:22:00","guid":{"rendered":"https:\/\/www.radiolimari.cl\/?p=8868"},"modified":"2023-04-13T18:22:00","modified_gmt":"2023-04-13T18:22:00","slug":"14-de-abril-celebracion-del-dia-nacional-del-locutor-y-locutora-radial-se-realizara-en-ovalle","status":"publish","type":"post","link":"https:\/\/www.radiolimari.cl\/?p=8868","title":{"rendered":"14 de Abril: Celebraci\u00f3n del D\u00eda Nacional del Locutor y Locutora Radial se realizar\u00e1 en Ovalle."},"content":{"rendered":"\n<figure class=\"wp-block-image size-large\"><a href=\"https:\/\/www.radiolimari.cl\/wp-content\/uploads\/2023\/04\/locutores-de-corporacion-1.jpg\"><img fetchpriority=\"high\" decoding=\"async\" width=\"1024\" height=\"768\" src=\"https:\/\/www.radiolimari.cl\/wp-content\/uploads\/2023\/04\/locutores-de-corporacion-1-1024x768.jpg\" alt=\"\" class=\"wp-image-8869\" srcset=\"https:\/\/www.radiolimari.cl\/wp-content\/uploads\/2023\/04\/locutores-de-corporacion-1-1024x768.jpg 1024w, https:\/\/www.radiolimari.cl\/wp-content\/uploads\/2023\/04\/locutores-de-corporacion-1-300x225.jpg 300w, https:\/\/www.radiolimari.cl\/wp-content\/uploads\/2023\/04\/locutores-de-corporacion-1-768x576.jpg 768w, https:\/\/www.radiolimari.cl\/wp-content\/uploads\/2023\/04\/locutores-de-corporacion-1.jpg 1280w\" sizes=\"(max-width: 1024px) 100vw, 1024px\" \/><\/a><\/figure>\n\n\n\n<p>La actividad es organizada por la Corporaci\u00f3n de Locutores de Ovalle.<\/p>\n\n\n\n<p>El encuentro nace como una manera de reconocer a los y las profesionales radiales y se eligi\u00f3 el 14 de abril para celebrar este d\u00eda como homenaje al reconocido locutor nacional Petronio Romo que falleci\u00f3 en ese d\u00eda en 2010. <\/p>\n\n\n\n<p>El 5 de abril de 2017 se decret\u00f3 oficialmente el 14 de abril de cada a\u00f1o como el \u2018D\u00eda Nacional del Locutor en Chile\u2019.<\/p>\n\n\n\n<p>A la actividad que se realizar\u00e1 a las 19 horas de este viernes, en el sal\u00f3n de actos de la municipalidad de Ovalle, por calle Pescadores, han sido invitados todos los locutores y locutoras de la zona, adem\u00e1s de autoridades regionales provinciales y comunales. En la actividad se entregar\u00e1n reconocimientos a dos locutores por su trayectoria en los medios de comunicaci\u00f3n, habr\u00e1 presentaci\u00f3n &nbsp;art\u00edstica de la escuela de talentos Claudia Aguilera y el Grupo Paihuen, ambos de Ovalle.<\/p>\n\n\n\n<p>La Corporaci\u00f3n de Locutores de Ovalle, organizadora de la actividad, es presidida por Sergio Enrique Parra, quien junto al directorio hacen una cordial invitaci\u00f3n a participar a todos los locutores y locutoras en esta ceremonia que por primera vez se realiza para reconocer la inmensa labor que realizan desde su respectivo medio de comunicaci\u00f3n hacia la comunidad.<\/p>\n","protected":false},"excerpt":{"rendered":"<p>La actividad es organizada por la Corporaci\u00f3n de Locutores de Ovalle. El encuentro nace como una manera de reconocer a los y las profesionales radiales y se eligi\u00f3 el 14 de abril para celebrar este d\u00eda como homenaje al reconocido locutor nacional Petronio Romo que falleci\u00f3 en ese d\u00eda en 2010. El 5 de abril &#8230;<\/p>\n","protected":false},"author":2,"featured_media":8869,"comment_status":"open","ping_status":"open","sticky":false,"template":"","format":"standard","meta":{"footnotes":""},"categories":[3],"tags":[],"class_list":["post-8868","post","type-post","status-publish","format-standard","has-post-thumbnail","hentry","category-actualidad"],"_links":{"self":[{"href":"https:\/\/www.radiolimari.cl\/index.php?rest_route=\/wp\/v2\/posts\/8868","targetHints":{"allow":["GET"]}}],"collection":[{"href":"https:\/\/www.radiolimari.cl\/index.php?rest_route=\/wp\/v2\/posts"}],"about":[{"href":"https:\/\/www.radiolimari.cl\/index.php?rest_route=\/wp\/v2\/types\/post"}],"author":[{"embeddable":true,"href":"https:\/\/www.radiolimari.cl\/index.php?rest_route=\/wp\/v2\/users\/2"}],"replies":[{"embeddable":true,"href":"https:\/\/www.radiolimari.cl\/index.php?rest_route=%2Fwp%2Fv2%2Fcomments&post=8868"}],"version-history":[{"count":1,"href":"https:\/\/www.radiolimari.cl\/index.php?rest_route=\/wp\/v2\/posts\/8868\/revisions"}],"predecessor-version":[{"id":8870,"href":"https:\/\/www.radiolimari.cl\/index.php?rest_route=\/wp\/v2\/posts\/8868\/revisions\/8870"}],"wp:featuredmedia":[{"embeddable":true,"href":"https:\/\/www.radiolimari.cl\/index.php?rest_route=\/wp\/v2\/media\/8869"}],"wp:attachment":[{"href":"https:\/\/www.radiolimari.cl\/index.php?rest_route=%2Fwp%2Fv2%2Fmedia&parent=8868"}],"wp:term":[{"taxonomy":"category","embeddable":true,"href":"https:\/\/www.radiolimari.cl\/index.php?rest_route=%2Fwp%2Fv2%2Fcategories&post=8868"},{"taxonomy":"post_tag","embeddable":true,"href":"https:\/\/www.radiolimari.cl\/index.php?rest_route=%2Fwp%2Fv2%2Ftags&post=8868"}],"curies":[{"name":"wp","href":"https:\/\/api.w.org\/{rel}","templated":true}]}}