{"id":8863,"date":"2023-04-12T23:08:07","date_gmt":"2023-04-12T23:08:07","guid":{"rendered":"https:\/\/www.radiolimari.cl\/?p=8863"},"modified":"2023-04-12T23:08:08","modified_gmt":"2023-04-12T23:08:08","slug":"en-nuestra-region-de-coquimbo-se-inaugura-la-primera-planta-que-reduce-gases-de-efecto-invernadero","status":"publish","type":"post","link":"https:\/\/www.radiolimari.cl\/?p=8863","title":{"rendered":"En nuestra regi\u00f3n de Coquimbo se inaugura la primera planta que reduce gases de efecto invernadero"},"content":{"rendered":"\n<figure class=\"wp-block-image size-large\"><a href=\"https:\/\/www.radiolimari.cl\/wp-content\/uploads\/2023\/04\/F2-Gases-Refrigerantes-corte-de-cinta-scaled.jpg\"><img fetchpriority=\"high\" decoding=\"async\" width=\"1024\" height=\"768\" src=\"https:\/\/www.radiolimari.cl\/wp-content\/uploads\/2023\/04\/F2-Gases-Refrigerantes-corte-de-cinta-1024x768.jpg\" alt=\"\" class=\"wp-image-8864\" srcset=\"https:\/\/www.radiolimari.cl\/wp-content\/uploads\/2023\/04\/F2-Gases-Refrigerantes-corte-de-cinta-1024x768.jpg 1024w, https:\/\/www.radiolimari.cl\/wp-content\/uploads\/2023\/04\/F2-Gases-Refrigerantes-corte-de-cinta-300x225.jpg 300w, https:\/\/www.radiolimari.cl\/wp-content\/uploads\/2023\/04\/F2-Gases-Refrigerantes-corte-de-cinta-768x576.jpg 768w, https:\/\/www.radiolimari.cl\/wp-content\/uploads\/2023\/04\/F2-Gases-Refrigerantes-corte-de-cinta-1536x1152.jpg 1536w, https:\/\/www.radiolimari.cl\/wp-content\/uploads\/2023\/04\/F2-Gases-Refrigerantes-corte-de-cinta-2048x1536.jpg 2048w\" sizes=\"(max-width: 1024px) 100vw, 1024px\" \/><\/a><\/figure>\n\n\n\n<p>Con esta iniciativa Chile reducir\u00e1 el consumo de gases contaminantes, cumpliendo con normativa internacional y a nivel nacional, la Ley Marco de Cambio Clim\u00e1tico, la Contribuci\u00f3n Nacional Determinada (NDC) y la Estrategia Clim\u00e1tica de Largo Plazo (ECLP). <\/p>\n\n\n\n<p>Con el objetivo de disminuir los efectos negativos de gases utilizados en equipos de refrigeraci\u00f3n y aire acondicionado, para evitar que sean liberados a la atm\u00f3sfera da\u00f1ando la capa de ozono, se inaugur\u00f3 en Andacollo el primer Centro de Reciclaje y Regeneraci\u00f3n de Refrigerantes de la Zona Norte, que fue adjudicado por llamado p\u00fablico a la empresa Comercializadora JJR, Coquimbo, filial de Regener Chile de la Regi\u00f3n Metropolitana.<\/p>\n\n\n\n<p>El trabajo que se desarrollar\u00e1 en la entidad est\u00e1 enfocado en el reciclaje y el acopio de gases refrigerantes, para as\u00ed extender su uso al ser recuperados y regenerados, volviendo al mercado como aptos para nuevos usos.<\/p>\n\n\n\n<p><strong>Importancia de la capa de ozono<\/strong><\/p>\n\n\n\n<p>Al respecto, Leonardo Gros Seremi del Medio Ambiente relev\u00f3 el valor social de esta iniciativa privada, \u201cla implementaci\u00f3n de este centro, \u00fanico en la regi\u00f3n, se enmarca en las acciones desarrolladas por el Ministerio del Medio Ambiente para hacer frente al agotamiento de la capa de ozono y al Cambio Clim\u00e1tico.\u201d Agreg\u00f3 adem\u00e1s que, \u201clos centros permitir\u00e1n regenerar gases como Hidroclorofluorcarbonos (HCFC), sustancias agotadoras de la Capa de Ozono e Hidrofluorocarbonos (HFC), que tienen un alto potencial de calentamiento global. Mediante tecnolog\u00edas espec\u00edficas, es posible eliminar los contaminantes (s\u00f3lido, humedad y \u00e1cidos) de los gases refrigerantes, obteni\u00e9ndose un gas refrigerante apto para ser reutilizado\u201d.<\/p>\n\n\n\n<p>El tratamiento que se implementar\u00e1 se denomina regeneraci\u00f3n, en el cual se reutiliza, el refrigerante mediante procedimientos de filtrado, deshidrataci\u00f3n, destilaci\u00f3n y tratamiento qu\u00edmico, para cumplir con las especificaciones de un nuevo producto.<\/p>\n\n\n\n<p>Los Centros de Regeneraci\u00f3n funcionar\u00e1n como lugares de acopio de estos gases, para reciclarlos \/ regenerarlos y volverlos a utilizar en sistemas de fr\u00edo, convirtiendo esta iniciativa en un aporte a la econom\u00eda circular.<\/p>\n\n\n\n<p><strong>Chile en el contexto del Protocolo de Montreal<\/strong><\/p>\n\n\n\n<p>En las pr\u00f3ximas d\u00e9cadas, la capa de ozono podr\u00eda recuperarse y volver a los valores previos a 1980, antes que se detectara su deterioro. Gracias a la aplicaci\u00f3n del Protocolo de Montreal y la eliminaci\u00f3n global de los productos qu\u00edmicos se ha logrado un significativo aporte a los esfuerzos para mitigar el cambio clim\u00e1tico.<\/p>\n\n\n\n<p>El Protocolo de Montreal y sus enmiendas, todas ratificadas por Chile, establece medidas para reducir y eliminar el uso de las sustancias controladas, mediante metas sucesivas de reducci\u00f3n gradual del consumo.<\/p>\n\n\n\n<p>Para esto, durante el a\u00f1o 2022, la Unidad de Ozono del Ministerio del Medio Ambiente desarroll\u00f3 procesos de licitaci\u00f3n p\u00fablica en el marco del \u201cPrograma de Regeneraci\u00f3n\u201d, que se ejecuta bajo la segunda fase del Plan de Eliminaci\u00f3n para los HCFC, lo que permiti\u00f3 seleccionar entidades que implementen y operar Centros Regionales de Regeneraci\u00f3n de Gases Refrigerantes, en las zonas norte, centro y sur del pa\u00eds.<\/p>\n","protected":false},"excerpt":{"rendered":"<p>Con esta iniciativa Chile reducir\u00e1 el consumo de gases contaminantes, cumpliendo con normativa internacional y a nivel nacional, la Ley Marco de Cambio Clim\u00e1tico, la Contribuci\u00f3n Nacional Determinada (NDC) y la Estrategia Clim\u00e1tica de Largo Plazo (ECLP). Con el objetivo de disminuir los efectos negativos de gases utilizados en equipos de refrigeraci\u00f3n y aire acondicionado, &#8230;<\/p>\n","protected":false},"author":2,"featured_media":8864,"comment_status":"open","ping_status":"open","sticky":false,"template":"","format":"standard","meta":{"footnotes":""},"categories":[6],"tags":[],"class_list":["post-8863","post","type-post","status-publish","format-standard","has-post-thumbnail","hentry","category-regionales"],"_links":{"self":[{"href":"https:\/\/www.radiolimari.cl\/index.php?rest_route=\/wp\/v2\/posts\/8863","targetHints":{"allow":["GET"]}}],"collection":[{"href":"https:\/\/www.radiolimari.cl\/index.php?rest_route=\/wp\/v2\/posts"}],"about":[{"href":"https:\/\/www.radiolimari.cl\/index.php?rest_route=\/wp\/v2\/types\/post"}],"author":[{"embeddable":true,"href":"https:\/\/www.radiolimari.cl\/index.php?rest_route=\/wp\/v2\/users\/2"}],"replies":[{"embeddable":true,"href":"https:\/\/www.radiolimari.cl\/index.php?rest_route=%2Fwp%2Fv2%2Fcomments&post=8863"}],"version-history":[{"count":1,"href":"https:\/\/www.radiolimari.cl\/index.php?rest_route=\/wp\/v2\/posts\/8863\/revisions"}],"predecessor-version":[{"id":8865,"href":"https:\/\/www.radiolimari.cl\/index.php?rest_route=\/wp\/v2\/posts\/8863\/revisions\/8865"}],"wp:featuredmedia":[{"embeddable":true,"href":"https:\/\/www.radiolimari.cl\/index.php?rest_route=\/wp\/v2\/media\/8864"}],"wp:attachment":[{"href":"https:\/\/www.radiolimari.cl\/index.php?rest_route=%2Fwp%2Fv2%2Fmedia&parent=8863"}],"wp:term":[{"taxonomy":"category","embeddable":true,"href":"https:\/\/www.radiolimari.cl\/index.php?rest_route=%2Fwp%2Fv2%2Fcategories&post=8863"},{"taxonomy":"post_tag","embeddable":true,"href":"https:\/\/www.radiolimari.cl\/index.php?rest_route=%2Fwp%2Fv2%2Ftags&post=8863"}],"curies":[{"name":"wp","href":"https:\/\/api.w.org\/{rel}","templated":true}]}}