{"id":8857,"date":"2023-04-12T22:52:35","date_gmt":"2023-04-12T22:52:35","guid":{"rendered":"https:\/\/www.radiolimari.cl\/?p=8857"},"modified":"2023-04-12T22:52:36","modified_gmt":"2023-04-12T22:52:36","slug":"en-ovalle-comienza-la-aplicacion-de-la-encuesta-origen-destino","status":"publish","type":"post","link":"https:\/\/www.radiolimari.cl\/?p=8857","title":{"rendered":"En Ovalle comienza la aplicaci\u00f3n de la Encuesta Origen Destino"},"content":{"rendered":"\n<figure class=\"wp-block-image size-large is-resized\"><a href=\"https:\/\/www.radiolimari.cl\/wp-content\/uploads\/2023\/04\/EOD-OVALLE-2.jpg\"><img fetchpriority=\"high\" decoding=\"async\" src=\"https:\/\/www.radiolimari.cl\/wp-content\/uploads\/2023\/04\/EOD-OVALLE-2-1024x768.jpg\" alt=\"\" class=\"wp-image-8858\" width=\"396\" height=\"297\" srcset=\"https:\/\/www.radiolimari.cl\/wp-content\/uploads\/2023\/04\/EOD-OVALLE-2-1024x768.jpg 1024w, https:\/\/www.radiolimari.cl\/wp-content\/uploads\/2023\/04\/EOD-OVALLE-2-300x225.jpg 300w, https:\/\/www.radiolimari.cl\/wp-content\/uploads\/2023\/04\/EOD-OVALLE-2-768x576.jpg 768w, https:\/\/www.radiolimari.cl\/wp-content\/uploads\/2023\/04\/EOD-OVALLE-2.jpg 1440w\" sizes=\"(max-width: 396px) 100vw, 396px\" \/><\/a><\/figure>\n\n\n\n<p><strong>Unos 500 hogares de Ovalle ser\u00e1n encuestados sobre sus viajes dentro de la ciudad. La informaci\u00f3n recopilada servir\u00e1 para la planificaci\u00f3n de los proyectos de infraestructura de los pr\u00f3ximos a\u00f1os. <\/strong><\/p>\n\n\n\n<p>Con el objetivo de conocer c\u00f3mo se mueven los habitantes de la ciudad de Ovalle,&nbsp; el Programa de Vialidad y Transporte Urbano (SECTRA) del MTT realizar\u00e1 una nueva Encuesta Origen Destino (EOD) durante los meses de abril, mayo, junio y julio de 2023<strong>.<\/strong><strong><\/strong><\/p>\n\n\n\n<p>La informaci\u00f3n permitir\u00e1 actualizar los datos sobre las caracter\u00edsticas de los viajes que se realizan y elaborar un diagn\u00f3stico para desarrollar pol\u00edticas p\u00fablicas que mejoren la movilidad. El objetivo central es generar una ciudad que sea ambientalmente sostenible, m\u00e1s c\u00f3moda y se ajuste a las necesidades de peatones, ciclistas, usuarios del transporte p\u00fablico y privado.<\/p>\n\n\n\n<p>Respecto de la importancia de esta encuesta, la SEREMI de Transportes Alejandra Maureira indic\u00f3 que \u201cse trata de una herramienta b\u00e1sica para poder analizar el funcionamiento y generar propuestas sobre el transporte urbano. Contaremos con m\u00e1s de 10 encuestadores que van a estar desplegados por toda la comuna de Ovalle, recopilando&nbsp; informaci\u00f3n de c\u00f3mo se mueve la ciudadan\u00eda, desde donde y hacia d\u00f3nde, de qu\u00e9 modo y un sin n\u00famero de informaci\u00f3n que nos podr\u00e1 identificar la movilidad de las personas de la comuna. Esto nos permitir\u00e1 trabajar tambi\u00e9n en planes de mejora en los sistemas de transportes y que estamos trabajando paralelamente\u201d.<\/p>\n\n\n\n<p>El estudio considera una muestra de 500 hogares del \u00e1rea urbana. Asimismo, ser\u00e1nconsultados usuarios de transporte p\u00fablico y privado, ya sea en terminales de buses rurales u otros lugares estrat\u00e9gicos de la v\u00eda p\u00fablica, para complementar la informaci\u00f3n. Los datos recogidos ser\u00e1n completamente an\u00f3nimos y confidenciales.<\/p>\n\n\n\n<p>El Delegado presidencial provincial de Limar\u00ed, Galo Luna Penna, hizo un llamado a colaborar con el desarrollo de esta EOD e indic\u00f3 que este instrumento es parte de un trabajo constante que se est\u00e1 realizando en esta materia, se\u00f1alando que \u201cdesde que asumimos como gobierno, hemos estado trabajando en materia de transporte, donde hemos estado desarrollando un trabajo colaborativo de construcci\u00f3n de soluciones con los principales actores que intervienen en la ciudad en esta materia. Tenemos una constante comunicaci\u00f3n y trabajo con el sindicato de taxis colectivos,&nbsp; con la&nbsp; confederaci\u00f3n de colectiveros y con distintos gremios y sindicatos relacionados, as\u00ed como con la comunidad. Invitamos a todas y todos a opinar en esta encuesta, a entregar su testimonio y sugerencias para construir en conjunto las mejoras que necesitamos para la movilidad\u201d.<\/p>\n\n\n\n<p>Un pilar fundamental para un correcto desarrollo de esta actividad, es el Municipio de Ovalle, ya que apoyar\u00e1n en la promoci\u00f3n de la EOD y su difusi\u00f3n en la comunidad. As\u00ed lo indica el alcalde de Ovalle, Jhonatan Acu\u00f1a \u201cesta encuesta ser\u00e1 una radiograf\u00eda de las ovallinas y ovallinos sobre c\u00f3mo piensan y visualizan la ciudad a futuro. Nosotros como Municipalidad vamos a portar desde nuestras posibilidades para ayudar en este proceso y&nbsp; llamar a la comunidad a colaborar en una necesidad muy sentida como es mejorar el tr\u00e1nsito en la comuna\u201d<\/p>\n\n\n\n<p>Los encuestadores se desplegar\u00e1n a partir del 12 de abril y se espera una activa participaci\u00f3n de la ciudadan\u00eda. Es fundamental la veracidad de las respuestas para asegurar el cumplimiento de los prop\u00f3sitos de este estudio.<\/p>\n\n\n\n<p>Todos los hogares consultados autom\u00e1ticamente participar\u00e1n del sorteo de bicicletas. Este premio, junto con incentivar la participaci\u00f3n, busca promover el uso de este modo de transporte.<\/p>\n","protected":false},"excerpt":{"rendered":"<p>Unos 500 hogares de Ovalle ser\u00e1n encuestados sobre sus viajes dentro de la ciudad. La informaci\u00f3n recopilada servir\u00e1 para la planificaci\u00f3n de los proyectos de infraestructura de los pr\u00f3ximos a\u00f1os. Con el objetivo de conocer c\u00f3mo se mueven los habitantes de la ciudad de Ovalle,&nbsp; el Programa de Vialidad y Transporte Urbano (SECTRA) del MTT &#8230;<\/p>\n","protected":false},"author":2,"featured_media":8858,"comment_status":"open","ping_status":"open","sticky":false,"template":"","format":"standard","meta":{"footnotes":""},"categories":[5],"tags":[],"class_list":["post-8857","post","type-post","status-publish","format-standard","has-post-thumbnail","hentry","category-actualidad-limarina"],"_links":{"self":[{"href":"https:\/\/www.radiolimari.cl\/index.php?rest_route=\/wp\/v2\/posts\/8857","targetHints":{"allow":["GET"]}}],"collection":[{"href":"https:\/\/www.radiolimari.cl\/index.php?rest_route=\/wp\/v2\/posts"}],"about":[{"href":"https:\/\/www.radiolimari.cl\/index.php?rest_route=\/wp\/v2\/types\/post"}],"author":[{"embeddable":true,"href":"https:\/\/www.radiolimari.cl\/index.php?rest_route=\/wp\/v2\/users\/2"}],"replies":[{"embeddable":true,"href":"https:\/\/www.radiolimari.cl\/index.php?rest_route=%2Fwp%2Fv2%2Fcomments&post=8857"}],"version-history":[{"count":1,"href":"https:\/\/www.radiolimari.cl\/index.php?rest_route=\/wp\/v2\/posts\/8857\/revisions"}],"predecessor-version":[{"id":8859,"href":"https:\/\/www.radiolimari.cl\/index.php?rest_route=\/wp\/v2\/posts\/8857\/revisions\/8859"}],"wp:featuredmedia":[{"embeddable":true,"href":"https:\/\/www.radiolimari.cl\/index.php?rest_route=\/wp\/v2\/media\/8858"}],"wp:attachment":[{"href":"https:\/\/www.radiolimari.cl\/index.php?rest_route=%2Fwp%2Fv2%2Fmedia&parent=8857"}],"wp:term":[{"taxonomy":"category","embeddable":true,"href":"https:\/\/www.radiolimari.cl\/index.php?rest_route=%2Fwp%2Fv2%2Fcategories&post=8857"},{"taxonomy":"post_tag","embeddable":true,"href":"https:\/\/www.radiolimari.cl\/index.php?rest_route=%2Fwp%2Fv2%2Ftags&post=8857"}],"curies":[{"name":"wp","href":"https:\/\/api.w.org\/{rel}","templated":true}]}}