{"id":8854,"date":"2023-04-12T18:06:58","date_gmt":"2023-04-12T18:06:58","guid":{"rendered":"https:\/\/www.radiolimari.cl\/?p=8854"},"modified":"2023-04-12T18:06:58","modified_gmt":"2023-04-12T18:06:58","slug":"en-la-escuela-marcos-macuada-ogalde-de-la-localidad-de-limari-el-club-social-y-deportivo-ovalle-realizo-actividad-deportiva","status":"publish","type":"post","link":"https:\/\/www.radiolimari.cl\/?p=8854","title":{"rendered":"En la escuela Marcos Macuada Ogalde de la localidad de Limar\u00ed el Club social y deportivo Ovalle realiz\u00f3 actividad deportiva."},"content":{"rendered":"\n<figure class=\"wp-block-image size-large\"><a href=\"https:\/\/www.radiolimari.cl\/wp-content\/uploads\/2023\/04\/WhatsApp-Image-2023-04-11-at-10.56.42-1.jpeg\"><img fetchpriority=\"high\" decoding=\"async\" width=\"1024\" height=\"682\" src=\"https:\/\/www.radiolimari.cl\/wp-content\/uploads\/2023\/04\/WhatsApp-Image-2023-04-11-at-10.56.42-1-1024x682.jpeg\" alt=\"\" class=\"wp-image-8855\" srcset=\"https:\/\/www.radiolimari.cl\/wp-content\/uploads\/2023\/04\/WhatsApp-Image-2023-04-11-at-10.56.42-1-1024x682.jpeg 1024w, https:\/\/www.radiolimari.cl\/wp-content\/uploads\/2023\/04\/WhatsApp-Image-2023-04-11-at-10.56.42-1-300x200.jpeg 300w, https:\/\/www.radiolimari.cl\/wp-content\/uploads\/2023\/04\/WhatsApp-Image-2023-04-11-at-10.56.42-1-768x512.jpeg 768w, https:\/\/www.radiolimari.cl\/wp-content\/uploads\/2023\/04\/WhatsApp-Image-2023-04-11-at-10.56.42-1-1536x1023.jpeg 1536w, https:\/\/www.radiolimari.cl\/wp-content\/uploads\/2023\/04\/WhatsApp-Image-2023-04-11-at-10.56.42-1.jpeg 1600w\" sizes=\"(max-width: 1024px) 100vw, 1024px\" \/><\/a><\/figure>\n\n\n\n<p>El plantel ovallino jug\u00f3 partidos de \u201cbaby\u201d f\u00fatbol junto a los estudiantes y profesores de la escuela Marcos Macuada Ogalde de la localidad de Limar\u00ed, establecimiento en donde curs\u00f3 su ense\u00f1anza b\u00e1sica el actual arquero y capit\u00e1n del equipo, Segundo P\u00e9rez. <\/p>\n\n\n\n<p>Todo es felicidad en el Club Social y Deportivo Ovalle tras su segundo triunfo consecutivo en el campeonato de la Tercera Divisi\u00f3n, pero como su nombre lo dice, este no es solo un club deportivo, sino tambi\u00e9n un club con un rol social que cumplir.<\/p>\n\n\n\n<p>Es en este contexto que el \u201cEquipo de la Gente\u201d visit\u00f3 la Escuela Marcos Macuada Ogalde de la localidad de Limar\u00ed, para compartir con las y los estudiantes del establecimiento, as\u00ed como tambi\u00e9n con los profesores.<\/p>\n\n\n\n<p>De esta manera el plantel ovallino pudo jugar partidos de \u201cbaby\u201d f\u00fatbol, estrechando lazos con la comunidad y fortaleciendo el sentido de pertenencia en los m\u00e1s peque\u00f1os, quienes ganaron un nuevo ejemplo deportivo para sus vidas.<\/p>\n\n\n\n<p>Esta actividad estuvo enmarcada en el D\u00eda de la Actividad F\u00edsica, y fue materializada gracias a la cercan\u00eda del colegio con el actual arquero y capit\u00e1n del equipo, Segundo P\u00e9rez, quien curs\u00f3 su ense\u00f1anza b\u00e1sica en dicho establecimiento.<\/p>\n\n\n\n<p>\u201cMe contactaron profesores que me hicieron clases en la b\u00e1sica, me pidieron ir con algunos jugadores para esta actividad. Jugamos con los ni\u00f1itos de primero a octavo b\u00e1sico, estuvo muy lindo\u201d, se\u00f1al\u00f3 el guardameta oriundo de Las Vegas del Limar\u00ed.<\/p>\n\n\n\n<p>El profesor de educaci\u00f3n f\u00edsica del colegio, Jorge Araya, detall\u00f3 sobre esto, \u201ces importante que exista este lazo entre el club y los pueblos de los alrededores, tenemos un estudiante que sali\u00f3 de ac\u00e1 y ahora est\u00e1 jugando en el equipo, entonces creemos que la interacci\u00f3n con los estudiantes es espectacular, porque ellos pueden proyectarse y tener modelos a seguir. Muchos de nuestros estudiantes no van a olvidar nunca este momento de haber compartido con los futbolistas\u201d, apunt\u00f3.<\/p>\n\n\n\n<p>\u201cFelicitamos al club por hacerse participe de estas instancias y venir a los colegios, sabemos que no es f\u00e1cil darse el tiempo, y por eso los felicitamos por hacer este tipo de actividades\u201d, agreg\u00f3 el docente.<\/p>\n\n\n\n<p>De esta manera, el Club Social y Deportivo Ovalle sigue estrechando lazos con la comunidad ovallina, mientras se prepara para su pr\u00f3ximo desaf\u00edo competitivo, ya que a las 16:00 hrs de este s\u00e1bado 15 de abril tendr\u00e1 su primer partido como local de la temporada, al enfrentar al CEFF Copiap\u00f3 en el Estadio Municipal de Punitaqui.&nbsp;&nbsp;<\/p>\n","protected":false},"excerpt":{"rendered":"<p>El plantel ovallino jug\u00f3 partidos de \u201cbaby\u201d f\u00fatbol junto a los estudiantes y profesores de la escuela Marcos Macuada Ogalde de la localidad de Limar\u00ed, establecimiento en donde curs\u00f3 su ense\u00f1anza b\u00e1sica el actual arquero y capit\u00e1n del equipo, Segundo P\u00e9rez. Todo es felicidad en el Club Social y Deportivo Ovalle tras su segundo triunfo &#8230;<\/p>\n","protected":false},"author":2,"featured_media":8855,"comment_status":"open","ping_status":"open","sticky":false,"template":"","format":"standard","meta":{"footnotes":""},"categories":[3],"tags":[],"class_list":["post-8854","post","type-post","status-publish","format-standard","has-post-thumbnail","hentry","category-actualidad"],"_links":{"self":[{"href":"https:\/\/www.radiolimari.cl\/index.php?rest_route=\/wp\/v2\/posts\/8854","targetHints":{"allow":["GET"]}}],"collection":[{"href":"https:\/\/www.radiolimari.cl\/index.php?rest_route=\/wp\/v2\/posts"}],"about":[{"href":"https:\/\/www.radiolimari.cl\/index.php?rest_route=\/wp\/v2\/types\/post"}],"author":[{"embeddable":true,"href":"https:\/\/www.radiolimari.cl\/index.php?rest_route=\/wp\/v2\/users\/2"}],"replies":[{"embeddable":true,"href":"https:\/\/www.radiolimari.cl\/index.php?rest_route=%2Fwp%2Fv2%2Fcomments&post=8854"}],"version-history":[{"count":1,"href":"https:\/\/www.radiolimari.cl\/index.php?rest_route=\/wp\/v2\/posts\/8854\/revisions"}],"predecessor-version":[{"id":8856,"href":"https:\/\/www.radiolimari.cl\/index.php?rest_route=\/wp\/v2\/posts\/8854\/revisions\/8856"}],"wp:featuredmedia":[{"embeddable":true,"href":"https:\/\/www.radiolimari.cl\/index.php?rest_route=\/wp\/v2\/media\/8855"}],"wp:attachment":[{"href":"https:\/\/www.radiolimari.cl\/index.php?rest_route=%2Fwp%2Fv2%2Fmedia&parent=8854"}],"wp:term":[{"taxonomy":"category","embeddable":true,"href":"https:\/\/www.radiolimari.cl\/index.php?rest_route=%2Fwp%2Fv2%2Fcategories&post=8854"},{"taxonomy":"post_tag","embeddable":true,"href":"https:\/\/www.radiolimari.cl\/index.php?rest_route=%2Fwp%2Fv2%2Ftags&post=8854"}],"curies":[{"name":"wp","href":"https:\/\/api.w.org\/{rel}","templated":true}]}}