{"id":8851,"date":"2023-04-12T17:44:00","date_gmt":"2023-04-12T17:44:00","guid":{"rendered":"https:\/\/www.radiolimari.cl\/?p=8851"},"modified":"2023-04-12T17:44:00","modified_gmt":"2023-04-12T17:44:00","slug":"en-ovalle-se-firmo-convenio-entre-ind-y-gendarmeria-que-permitira-llevar-el-deporte-al-interior-de-los-penales","status":"publish","type":"post","link":"https:\/\/www.radiolimari.cl\/?p=8851","title":{"rendered":"En Ovalle se firm\u00f3 Convenio entre IND y Gendarmer\u00eda que permitir\u00e1 llevar el deporte al interior de los penales."},"content":{"rendered":"\n<figure class=\"wp-block-image size-large\"><a href=\"https:\/\/www.radiolimari.cl\/wp-content\/uploads\/2023\/04\/Convenio4.jpeg\"><img fetchpriority=\"high\" decoding=\"async\" width=\"1024\" height=\"1024\" src=\"https:\/\/www.radiolimari.cl\/wp-content\/uploads\/2023\/04\/Convenio4-1024x1024.jpeg\" alt=\"\" class=\"wp-image-8852\" srcset=\"https:\/\/www.radiolimari.cl\/wp-content\/uploads\/2023\/04\/Convenio4-1024x1024.jpeg 1024w, https:\/\/www.radiolimari.cl\/wp-content\/uploads\/2023\/04\/Convenio4-300x300.jpeg 300w, https:\/\/www.radiolimari.cl\/wp-content\/uploads\/2023\/04\/Convenio4-150x150.jpeg 150w, https:\/\/www.radiolimari.cl\/wp-content\/uploads\/2023\/04\/Convenio4-768x768.jpeg 768w, https:\/\/www.radiolimari.cl\/wp-content\/uploads\/2023\/04\/Convenio4-70x70.jpeg 70w, https:\/\/www.radiolimari.cl\/wp-content\/uploads\/2023\/04\/Convenio4.jpeg 1066w\" sizes=\"(max-width: 1024px) 100vw, 1024px\" \/><\/a><\/figure>\n\n\n\n<p>En las dependencias de la Centro Detenci\u00f3n Preventiva (CDP) de Ovalle, se realiz\u00f3 la firma del convenio de colaboraci\u00f3n, \u00a0entre el Instituto Nacional de Deportes y Gendarmer\u00eda de Chile, \u00a0 a fin de promover la pr\u00e1ctica deportiva y estilos de vida saludable, entre las personas privadas de libertad y los funcionarios de los distintos centros penitenciarios de la regi\u00f3n. <\/p>\n\n\n\n<p>Con la presencia del coronel &nbsp;Luis Mu\u00f1oz Fuentealba, el director regional del Instituto Nacional de Deportes Jonathan Pino &nbsp;Naranjo, personal del Centro de Detenci\u00f3n y algunos internos, en el Centro de Dtenci\u00f3n Preventiva de Ovalle, &nbsp;se firm\u00f3 este importante convenio, que ir\u00e1 en directo beneficio de las personas privadas de libertad, fomentando el deporte y ayudando a su reinserci\u00f3n social.&nbsp; Ambas instituciones ya tienen &nbsp;un convenio a nivel nacional, que se enfoca en el apoyo del IND, para incentivar el deporte entre la poblaci\u00f3n penal, a nivel regional &nbsp;se materializ\u00f3 con la organizaci\u00f3n &nbsp;de actividades deportivas masiva &nbsp;y en la entrega de implementaci\u00f3n, para diferentes disciplinas deportivas.<\/p>\n\n\n\n<p>En relaci\u00f3n a la importancia del convenio y su posterior implementaci\u00f3n del Director Regional &nbsp;de Gendarmer\u00eda, coronel &nbsp;Luis Mu\u00f1oz Fuentealba, se\u00f1al\u00f3: Nosotros como instituci\u00f3n, estamos muy contentos con esta alianza estrat\u00e9gica, &nbsp;en el sentido que el Instituto &nbsp;Nacional de Deportes , por medio de su Director, &nbsp;va haber una colaboraci\u00f3n permanente, hacia nuestros funcionarios , los que van a poder &nbsp;participar en forma activa de las instalaciones, &nbsp;que tiene el IND, lo que tiene que ver, con la salud mental de nuestro funcionarios, como tambi\u00e9n va a favorecer, &nbsp;a los beneficiarios que est\u00e1n recluidos en las distintos unidades penales de la regi\u00f3n de Coquimbo, &nbsp;en donde se les va a proporcionar elementos deportivo &nbsp;que van &nbsp;hacer m\u00e1s llevadera su estado de reclusi\u00f3n y van ayudar a sus procesos de rehabilitaci\u00f3n\u00bb.<\/p>\n\n\n\n<p>Por su parte el Director Regional del Instituto Nacional de &nbsp;Deportes Jonathan Pino Naranjo, &nbsp;agreg\u00f3: \u201cEste convenio que acabamos de firmar &nbsp;va a permitir que coordinemos nuevamente las actividades &nbsp;que desarrolla el instituto Nacional de Deportes, &nbsp;en los distintos centros de Gendarmer\u00eda, &nbsp;para atender las necesidades deportivas de los internos y tambi\u00e9n, &nbsp;facilitar espacios deportivos para el personal de Gendarmer\u00eda, &nbsp;a fin de seguir promoviendo la actividad f\u00edsica, el deporte y la vida sana\u201d, termin\u00f3 diciendo &nbsp;la autoridad deportiva regional .<\/p>\n\n\n\n<p>El convenio permitir\u00e1 realizar actividades &nbsp;conjuntas que tengan por prop\u00f3sito la promoci\u00f3n de los valores y beneficios de la pr\u00e1ctica de actividad f\u00edsica y deportiva, as\u00ed como de estilos de vida saludable y generar instancias y actividades, &nbsp;que impulsen la pr\u00e1ctica de la actividad f\u00edsica y deportes mediante implementaci\u00f3n en conjunto de encuentros deportivos y que adem\u00e1s, &nbsp;podr\u00e1 beneficiar tambi\u00e9n a los funcionarios de Gendarmer\u00eda, lo que el a\u00f1o pasado se tradujo, &nbsp;en el apoyo en la organizaci\u00f3n &nbsp;de la Corrida Familiar, actividad por la cual Gendarmer\u00eda celebro su aniversario Institucional.<\/p>\n","protected":false},"excerpt":{"rendered":"<p>En las dependencias de la Centro Detenci\u00f3n Preventiva (CDP) de Ovalle, se realiz\u00f3 la firma del convenio de colaboraci\u00f3n, \u00a0entre el Instituto Nacional de Deportes y Gendarmer\u00eda de Chile, \u00a0 a fin de promover la pr\u00e1ctica deportiva y estilos de vida saludable, entre las personas privadas de libertad y los funcionarios de los distintos centros &#8230;<\/p>\n","protected":false},"author":2,"featured_media":8852,"comment_status":"open","ping_status":"open","sticky":false,"template":"","format":"standard","meta":{"footnotes":""},"categories":[5],"tags":[],"class_list":["post-8851","post","type-post","status-publish","format-standard","has-post-thumbnail","hentry","category-actualidad-limarina"],"_links":{"self":[{"href":"https:\/\/www.radiolimari.cl\/index.php?rest_route=\/wp\/v2\/posts\/8851","targetHints":{"allow":["GET"]}}],"collection":[{"href":"https:\/\/www.radiolimari.cl\/index.php?rest_route=\/wp\/v2\/posts"}],"about":[{"href":"https:\/\/www.radiolimari.cl\/index.php?rest_route=\/wp\/v2\/types\/post"}],"author":[{"embeddable":true,"href":"https:\/\/www.radiolimari.cl\/index.php?rest_route=\/wp\/v2\/users\/2"}],"replies":[{"embeddable":true,"href":"https:\/\/www.radiolimari.cl\/index.php?rest_route=%2Fwp%2Fv2%2Fcomments&post=8851"}],"version-history":[{"count":1,"href":"https:\/\/www.radiolimari.cl\/index.php?rest_route=\/wp\/v2\/posts\/8851\/revisions"}],"predecessor-version":[{"id":8853,"href":"https:\/\/www.radiolimari.cl\/index.php?rest_route=\/wp\/v2\/posts\/8851\/revisions\/8853"}],"wp:featuredmedia":[{"embeddable":true,"href":"https:\/\/www.radiolimari.cl\/index.php?rest_route=\/wp\/v2\/media\/8852"}],"wp:attachment":[{"href":"https:\/\/www.radiolimari.cl\/index.php?rest_route=%2Fwp%2Fv2%2Fmedia&parent=8851"}],"wp:term":[{"taxonomy":"category","embeddable":true,"href":"https:\/\/www.radiolimari.cl\/index.php?rest_route=%2Fwp%2Fv2%2Fcategories&post=8851"},{"taxonomy":"post_tag","embeddable":true,"href":"https:\/\/www.radiolimari.cl\/index.php?rest_route=%2Fwp%2Fv2%2Ftags&post=8851"}],"curies":[{"name":"wp","href":"https:\/\/api.w.org\/{rel}","templated":true}]}}