{"id":8842,"date":"2023-04-12T16:44:13","date_gmt":"2023-04-12T16:44:13","guid":{"rendered":"https:\/\/www.radiolimari.cl\/?p=8842"},"modified":"2023-04-12T16:44:14","modified_gmt":"2023-04-12T16:44:14","slug":"cosoc-de-monte-patria-sesiono-su-primer-encuentro-del-ano-con-miras-hacia-los-territorios","status":"publish","type":"post","link":"https:\/\/www.radiolimari.cl\/?p=8842","title":{"rendered":"COSOC de Monte Patria sesion\u00f3 su primer encuentro del a\u00f1o con miras hacia los territorios"},"content":{"rendered":"\n<figure class=\"wp-block-image size-large is-resized\"><a href=\"https:\/\/www.radiolimari.cl\/wp-content\/uploads\/2023\/04\/WhatsApp-Image-2023-04-11-at-5.12.06-PM-3.jpeg\"><img fetchpriority=\"high\" decoding=\"async\" src=\"https:\/\/www.radiolimari.cl\/wp-content\/uploads\/2023\/04\/WhatsApp-Image-2023-04-11-at-5.12.06-PM-3-1024x682.jpeg\" alt=\"\" class=\"wp-image-8843\" width=\"396\" height=\"263\" srcset=\"https:\/\/www.radiolimari.cl\/wp-content\/uploads\/2023\/04\/WhatsApp-Image-2023-04-11-at-5.12.06-PM-3-1024x682.jpeg 1024w, https:\/\/www.radiolimari.cl\/wp-content\/uploads\/2023\/04\/WhatsApp-Image-2023-04-11-at-5.12.06-PM-3-300x200.jpeg 300w, https:\/\/www.radiolimari.cl\/wp-content\/uploads\/2023\/04\/WhatsApp-Image-2023-04-11-at-5.12.06-PM-3-768x512.jpeg 768w, https:\/\/www.radiolimari.cl\/wp-content\/uploads\/2023\/04\/WhatsApp-Image-2023-04-11-at-5.12.06-PM-3-1536x1023.jpeg 1536w, https:\/\/www.radiolimari.cl\/wp-content\/uploads\/2023\/04\/WhatsApp-Image-2023-04-11-at-5.12.06-PM-3.jpeg 1600w\" sizes=\"(max-width: 396px) 100vw, 396px\" \/><\/a><\/figure>\n\n\n\n<p><strong><em>La finalidad del COSOC en la comuna es de promover el pluralismo y trabajar de forma participativa en los planes de la comuna.<\/em><\/strong> <\/p>\n\n\n\n<p>Mayor participaci\u00f3n ciudadana, con capacidad de procesar y dise\u00f1ar estrategias para potenciar el desarrollo en la comuna, aquel es uno de los planteamientos que presenta el Consejo de la Sociedad Civil (COSOC), el cual en su primera versi\u00f3n del a\u00f1o logr\u00f3 una amplia convocatoria. La reuni\u00f3n realizada en el Centro Cultural Huayquilonko y cont\u00f3, adem\u00e1s, con la participaci\u00f3n del alcalde, Cristian Herrera y la Directora de Desarrollo Comunitario, Ver\u00f3nica Z\u00e1rate.<\/p>\n\n\n\n<p>Esta reuni\u00f3n que convoca a cada representante de un territorio, tambi\u00e9n conocido como \u2018consejero\u2019, quien tiene la potestad de representar, plantear y debatir las problem\u00e1ticas y buscar eventuales soluciones junto a un trabajo mancomunado con la entidad municipal. Para Fernando Pizarro, consejero del COSOC 2023, la sesi\u00f3n realizada el pasado mi\u00e9rcoles tuvo sus frutos. <strong>\u201cHa sido una reuni\u00f3n productiva, donde tuvimos la oportunidad de hacer el autoan<\/strong><strong>\u00e1<\/strong><strong>lisis de ver c\u00f3mo estamos, qu<\/strong><strong>\u00e9 <\/strong><strong>fue lo que nos falt\u00f3 <\/strong><strong>y realizar el plan de trabajo 2023, donde se ve un consejo empoderado que es lo m\u00e1<\/strong><strong>s importante.&nbsp;<\/strong><strong>Seg\u00fa<\/strong><strong>n lo que pudimos ver en esta primera reuni\u00f3n hay dos \u00e1<\/strong><strong>reas importantes que es seguridad como tambi<\/strong><strong>\u00e9<\/strong><strong>n vivienda que son dos problem\u00e1<\/strong><strong>ticas may\u00fa<\/strong><strong>sculas dentro de la comuna\u201d, se\u00f1al\u00f3 el participante.<\/strong><\/p>\n\n\n\n<p>En lo que respecta a la participaci\u00f3n del municipio, durante la reuni\u00f3n, los consejeros territoriales plantearon la idea de trabajar, adem\u00e1s, con las unidades y departamentos que conforman la instituci\u00f3n local. En ese sentido, Pizarro agreg\u00f3 que <strong>\u201cbuscamos un acercamiento con los encargados de los departamentos municipales, porque creemos que para realizar un buen trabajo, debemos estar en l<\/strong><strong>\u00ed<\/strong><strong>nea con cada uno de las unidades que son el engranaje del municipio\u201d.<\/strong><\/p>\n\n\n\n<p>Seguridad, vialidad y planificaci\u00f3n son algunos de los temas que se abordan en esta mesa. Sin embargo, estos t\u00f3picos pueden variar, de acuerdo a la realidad de cada territorio. Tal es el caso de Tamelcura, localidad ubicada en la zona fronteriza entre Ovalle y Monte Patria <strong>\u201c<\/strong><strong>hab\u00ed<\/strong><strong>a cosa pendiente que est\u00e1 <\/strong><strong>lista, que era el paradero que data del tiempo de la construccion del embalse. Se repar\u00f3 <\/strong><strong>y est\u00e1 <\/strong><strong>en muy buen estado hoy. El problema m\u00e1<\/strong><strong>s importante ahora es el paradero vial que va de subida que no existe y tenemos una v\u00ed<\/strong><strong>a de curva y contracurva y cruzar ah\u00ed <\/strong><strong>significa persignarse primero y luego cruzar, lo bueno es que est\u00e1 <\/strong><strong>programado una reuni\u00f3n con el director de vialidad, son proyectos a largo plazo, pero se est\u00e1<\/strong><strong>n planteando a la brevedad\u201d.<\/strong><\/p>\n\n\n\n<p>Al respecto, el alcalde de la comuna, Cristian Herrera Pe\u00f1a, destac\u00f3 el nivel de participaci\u00f3n, donde <strong>\u201chemos hablado distintos temas, evaluando lo que fue el a\u00f1o 2022 y los desaf\u00edos de este 2023 que nos hemos comprometido a que cada uno de los directores y distintas unidades, expongan los programas al COSOC este a\u00f1o, generar instancias de participaci\u00f3n con otros COSOC de la regi\u00f3n para ir fortaleci\u00e9ndose\u201d.<\/strong><\/p>\n\n\n\n<p>Adem\u00e1s, el edil no descart\u00f3 la posibilidad de realizar sesiones en los territorios para acercar las instancias de participaci\u00f3n. <strong>\u201cAdem\u00e1s, nos han pedido ayuda, donde vamos a tener sesiones en los territorios y hemos ido accediendo, porque creemos que con la participaci\u00f3n de los dirigentes, sumado al trabajo realizado desde el municipio, podemos complementarnos y avanzar mucho m\u00e1s r\u00e1pidamente en lograr soluciones\u201d.<\/strong><\/p>\n\n\n\n<p>El Consejo de la Sociedad Civil (COSOC) es uno de los mecanismos de participaci\u00f3n ciudadana contemplado en la Ley N\u00b0 20.500, sobre Asociaciones y Participaci\u00f3n Ciudadana en la Gesti\u00f3n P\u00fablica. De car\u00e1cter consultivo, est\u00e1n conformados de manera diversa representativa y pluralista. <strong><\/strong><\/p>\n","protected":false},"excerpt":{"rendered":"<p>La finalidad del COSOC en la comuna es de promover el pluralismo y trabajar de forma participativa en los planes de la comuna. Mayor participaci\u00f3n ciudadana, con capacidad de procesar y dise\u00f1ar estrategias para potenciar el desarrollo en la comuna, aquel es uno de los planteamientos que presenta el Consejo de la Sociedad Civil (COSOC), &#8230;<\/p>\n","protected":false},"author":2,"featured_media":8843,"comment_status":"open","ping_status":"open","sticky":false,"template":"","format":"standard","meta":{"footnotes":""},"categories":[5],"tags":[],"class_list":["post-8842","post","type-post","status-publish","format-standard","has-post-thumbnail","hentry","category-actualidad-limarina"],"_links":{"self":[{"href":"https:\/\/www.radiolimari.cl\/index.php?rest_route=\/wp\/v2\/posts\/8842","targetHints":{"allow":["GET"]}}],"collection":[{"href":"https:\/\/www.radiolimari.cl\/index.php?rest_route=\/wp\/v2\/posts"}],"about":[{"href":"https:\/\/www.radiolimari.cl\/index.php?rest_route=\/wp\/v2\/types\/post"}],"author":[{"embeddable":true,"href":"https:\/\/www.radiolimari.cl\/index.php?rest_route=\/wp\/v2\/users\/2"}],"replies":[{"embeddable":true,"href":"https:\/\/www.radiolimari.cl\/index.php?rest_route=%2Fwp%2Fv2%2Fcomments&post=8842"}],"version-history":[{"count":1,"href":"https:\/\/www.radiolimari.cl\/index.php?rest_route=\/wp\/v2\/posts\/8842\/revisions"}],"predecessor-version":[{"id":8844,"href":"https:\/\/www.radiolimari.cl\/index.php?rest_route=\/wp\/v2\/posts\/8842\/revisions\/8844"}],"wp:featuredmedia":[{"embeddable":true,"href":"https:\/\/www.radiolimari.cl\/index.php?rest_route=\/wp\/v2\/media\/8843"}],"wp:attachment":[{"href":"https:\/\/www.radiolimari.cl\/index.php?rest_route=%2Fwp%2Fv2%2Fmedia&parent=8842"}],"wp:term":[{"taxonomy":"category","embeddable":true,"href":"https:\/\/www.radiolimari.cl\/index.php?rest_route=%2Fwp%2Fv2%2Fcategories&post=8842"},{"taxonomy":"post_tag","embeddable":true,"href":"https:\/\/www.radiolimari.cl\/index.php?rest_route=%2Fwp%2Fv2%2Ftags&post=8842"}],"curies":[{"name":"wp","href":"https:\/\/api.w.org\/{rel}","templated":true}]}}