{"id":8837,"date":"2023-04-12T16:10:17","date_gmt":"2023-04-12T16:10:17","guid":{"rendered":"https:\/\/www.radiolimari.cl\/?p=8837"},"modified":"2023-04-12T16:10:17","modified_gmt":"2023-04-12T16:10:17","slug":"nuevo-programa-de-empleabilidad-regional-avanza-en-su-tramitacion-y-alcaldes-valoran-compromiso-cumplido","status":"publish","type":"post","link":"https:\/\/www.radiolimari.cl\/?p=8837","title":{"rendered":"Nuevo Programa de Empleabilidad Regional avanza en su tramitaci\u00f3n y alcaldes valoran compromiso cumplido"},"content":{"rendered":"\n<figure class=\"wp-block-image size-large is-resized\"><a href=\"https:\/\/www.radiolimari.cl\/wp-content\/uploads\/2023\/04\/IMG_20230411_112956699_HDR-scaled.jpg\"><img fetchpriority=\"high\" decoding=\"async\" src=\"https:\/\/www.radiolimari.cl\/wp-content\/uploads\/2023\/04\/IMG_20230411_112956699_HDR-1024x461.jpg\" alt=\"\" class=\"wp-image-8838\" width=\"395\" height=\"177\" srcset=\"https:\/\/www.radiolimari.cl\/wp-content\/uploads\/2023\/04\/IMG_20230411_112956699_HDR-1024x461.jpg 1024w, https:\/\/www.radiolimari.cl\/wp-content\/uploads\/2023\/04\/IMG_20230411_112956699_HDR-300x135.jpg 300w, https:\/\/www.radiolimari.cl\/wp-content\/uploads\/2023\/04\/IMG_20230411_112956699_HDR-768x346.jpg 768w, https:\/\/www.radiolimari.cl\/wp-content\/uploads\/2023\/04\/IMG_20230411_112956699_HDR-1536x691.jpg 1536w, https:\/\/www.radiolimari.cl\/wp-content\/uploads\/2023\/04\/IMG_20230411_112956699_HDR-2048x922.jpg 2048w\" sizes=\"(max-width: 395px) 100vw, 395px\" \/><\/a><\/figure>\n\n\n\n<p><strong>La propuesta de la gobernadora Krist Naranjo fue aprobada por la DIPRES la semana pasada y est\u00e1 a la espera de la toma de raz\u00f3n en Contralor\u00eda.<\/strong> <\/p>\n\n\n\n<p>Caras sonrientes y aplausos sellaron la buena noticia que entreg\u00f3 la Gobernadora Regional, Krist Naranjo, a los alcaldes y consejeros regionales, luego de que se concretara la firma de los 15 convenios entre el Gobierno Regional y los municipios para as\u00ed dar el vamos al nuevo Programa de Empleabilidad 2023. &nbsp;<\/p>\n\n\n\n<p>El \u00faltimo tr\u00e1mite que falta es la toma de raz\u00f3n de Contralor\u00eda, sin embargo, los alcaldes y representantes de los municipios presentes en la reuni\u00f3n destacaron que la Direcci\u00f3n de Presupuestos (DIPRES) diera el vamos a los recursos del Gobierno Regional de Coquimbo, para ejecutar los cerca de $6.000 millones de inversi\u00f3n que entregar\u00e1 aproximadamente 2 mil cupos de trabajo.&nbsp;<\/p>\n\n\n\n<p>La positiva respuesta a una iniciativa innovadora y \u00fanica a nivel nacional, que naci\u00f3 de la gobernadora Krist Naranjo, fue destacada por la m\u00e1xima autoridad regional, quien transmiti\u00f3 este avance a los alcaldes, alcaldesa y consejeros regionales, \u201ces para nosotros un hito muy importante porque va a acudir a las 15 comunas de nuestra regi\u00f3n con empleo directo a la gente que hoy d\u00eda est\u00e1 solicitando empleo y sabemos que todav\u00eda tenemos una brecha en este sector\u201d.&nbsp;&nbsp;&nbsp;<\/p>\n\n\n\n<p>El proyecto se ejecutar\u00e1 desde abril a diciembre de este a\u00f1o, se realizar\u00e1 mediante transferencia directa de recursos a los 15 municipios de la regi\u00f3n y entregar\u00e1 estabilidad de empleo a las personas bajo esta modalidad, a diferencia del antiguo programa. &nbsp;<\/p>\n\n\n\n<p>Para el consejero regional, Lombardo Toledo, presidente de la comisi\u00f3n de Desarrollo Social e Inversiones, \u201ceste programa aumenta la esperanza de tener otros proyectos para bajar la tasa de desempleo que existe en la regi\u00f3n, vamos a seguir trabajando en forma conjunta y de manera que estos programas se ejecuten de la mejor manera para el bienestar de la comunidad\u201d.&nbsp;<\/p>\n\n\n\n<p>Por su parte, la consejera regional, Tatiana Castillo, presidenta de la comisi\u00f3n de Fomento Productivo, agreg\u00f3 que \u201cestamos muy contentos, es un gran proyecto, es un gran programa de trabajo para levantar la regi\u00f3n de Coquimbo, nosotros tenemos una cesant\u00eda muy grande con 8,4% y este programa viene a ayudar a todas las comunas, cada alcald\u00eda va a tener la seguridad de que va a poder contratar a su gente desde el d\u00eda de hoy hasta el 31 de diciembre\u201d. &nbsp;<\/p>\n\n\n\n<p>Alcaldes valoran compromiso cumplido&nbsp;<\/p>\n\n\n\n<p>La propia gobernadora ha entregado los avances en la tramitaci\u00f3n del nuevo Programa de Empleabilidad Regional a los alcaldes. &nbsp;<\/p>\n\n\n\n<p>Gerald Cerda, alcalde de Andacollo agradeci\u00f3 la informaci\u00f3n. \u201cLo m\u00e1s significativo para nosotros, y puntualmente a las personas que se emplean bajo este convenio, es de no tener lagunas. En este aspecto nos viene muy bien que la transferencia sea directa, sin tener lagunas y que mantenga la tranquilidad del ejercicio del trabajo\u201d. &nbsp;<\/p>\n\n\n\n<p>La alcaldesa de R\u00edo Hurtado, Juana Olivares, valor\u00f3 este anuncio que beneficia principalmente a las zonas rurales, \u201cen el caso de nuestra comuna son 124 familias que van a tener un ingreso desde abril a diciembre de este a\u00f1o, por lo tanto, nosotros ya tenemos un trabajo realizado a trav\u00e9s de la Omil de R\u00edo Hurtado, tenemos una lista muy grande de personas esperando y ya tenemos la selecci\u00f3n de los beneficiarios del programa que ha levantado el Gobierno Regional, la gobernadora junto con los cores. Agradecemos mucho el trabajo y el esfuerzo por mejorar la calidad de vida de nuestros habitantes\u201d. &nbsp;<\/p>\n\n\n\n<p>Por \u00faltimo, el alcalde de La Higuera, Yerko Galleguillos, manifest\u00f3 estar \u201cmuy agradecidos de que este programa tenga luz verde para poder contratar a las personas y de esa manera va a generar 2 mil puestos de trabajo en la regi\u00f3n que no es menor\u201d. La autoridad comunal agreg\u00f3 que \u201ccomo municipio vamos a contratar una persona con dedicaci\u00f3n exclusiva a este programa y de esa manera poder cumplir cada una de las rendiciones\u201d. &nbsp;<\/p>\n","protected":false},"excerpt":{"rendered":"<p>La propuesta de la gobernadora Krist Naranjo fue aprobada por la DIPRES la semana pasada y est\u00e1 a la espera de la toma de raz\u00f3n en Contralor\u00eda. Caras sonrientes y aplausos sellaron la buena noticia que entreg\u00f3 la Gobernadora Regional, Krist Naranjo, a los alcaldes y consejeros regionales, luego de que se concretara la firma &#8230;<\/p>\n","protected":false},"author":2,"featured_media":8838,"comment_status":"open","ping_status":"open","sticky":false,"template":"","format":"standard","meta":{"footnotes":""},"categories":[6],"tags":[],"class_list":["post-8837","post","type-post","status-publish","format-standard","has-post-thumbnail","hentry","category-regionales"],"_links":{"self":[{"href":"https:\/\/www.radiolimari.cl\/index.php?rest_route=\/wp\/v2\/posts\/8837","targetHints":{"allow":["GET"]}}],"collection":[{"href":"https:\/\/www.radiolimari.cl\/index.php?rest_route=\/wp\/v2\/posts"}],"about":[{"href":"https:\/\/www.radiolimari.cl\/index.php?rest_route=\/wp\/v2\/types\/post"}],"author":[{"embeddable":true,"href":"https:\/\/www.radiolimari.cl\/index.php?rest_route=\/wp\/v2\/users\/2"}],"replies":[{"embeddable":true,"href":"https:\/\/www.radiolimari.cl\/index.php?rest_route=%2Fwp%2Fv2%2Fcomments&post=8837"}],"version-history":[{"count":1,"href":"https:\/\/www.radiolimari.cl\/index.php?rest_route=\/wp\/v2\/posts\/8837\/revisions"}],"predecessor-version":[{"id":8839,"href":"https:\/\/www.radiolimari.cl\/index.php?rest_route=\/wp\/v2\/posts\/8837\/revisions\/8839"}],"wp:featuredmedia":[{"embeddable":true,"href":"https:\/\/www.radiolimari.cl\/index.php?rest_route=\/wp\/v2\/media\/8838"}],"wp:attachment":[{"href":"https:\/\/www.radiolimari.cl\/index.php?rest_route=%2Fwp%2Fv2%2Fmedia&parent=8837"}],"wp:term":[{"taxonomy":"category","embeddable":true,"href":"https:\/\/www.radiolimari.cl\/index.php?rest_route=%2Fwp%2Fv2%2Fcategories&post=8837"},{"taxonomy":"post_tag","embeddable":true,"href":"https:\/\/www.radiolimari.cl\/index.php?rest_route=%2Fwp%2Fv2%2Ftags&post=8837"}],"curies":[{"name":"wp","href":"https:\/\/api.w.org\/{rel}","templated":true}]}}