{"id":8833,"date":"2023-04-10T22:11:52","date_gmt":"2023-04-10T22:11:52","guid":{"rendered":"https:\/\/www.radiolimari.cl\/?p=8833"},"modified":"2023-04-10T22:11:53","modified_gmt":"2023-04-10T22:11:53","slug":"este-martes-11-de-abril-la-sesion-del-concejo-municipal-de-ovalle-se-realizara-en-la-poblacion-carmelitana","status":"publish","type":"post","link":"https:\/\/www.radiolimari.cl\/?p=8833","title":{"rendered":"Este martes 11 de abril la sesi\u00f3n del Concejo Municipal de Ovalle se realizar\u00e1 en la poblaci\u00f3n Carmelitana."},"content":{"rendered":"\n<figure class=\"wp-block-image size-large is-resized\"><a href=\"https:\/\/www.radiolimari.cl\/wp-content\/uploads\/2023\/04\/Concejo-Municipal-Carmelitana-1.jpeg\"><img fetchpriority=\"high\" decoding=\"async\" src=\"https:\/\/www.radiolimari.cl\/wp-content\/uploads\/2023\/04\/Concejo-Municipal-Carmelitana-1-1024x577.jpeg\" alt=\"\" class=\"wp-image-8834\" width=\"396\" height=\"223\" srcset=\"https:\/\/www.radiolimari.cl\/wp-content\/uploads\/2023\/04\/Concejo-Municipal-Carmelitana-1-1024x577.jpeg 1024w, https:\/\/www.radiolimari.cl\/wp-content\/uploads\/2023\/04\/Concejo-Municipal-Carmelitana-1-300x169.jpeg 300w, https:\/\/www.radiolimari.cl\/wp-content\/uploads\/2023\/04\/Concejo-Municipal-Carmelitana-1-768x433.jpeg 768w, https:\/\/www.radiolimari.cl\/wp-content\/uploads\/2023\/04\/Concejo-Municipal-Carmelitana-1-1536x866.jpeg 1536w, https:\/\/www.radiolimari.cl\/wp-content\/uploads\/2023\/04\/Concejo-Municipal-Carmelitana-1.jpeg 1600w\" sizes=\"(max-width: 396px) 100vw, 396px\" \/><\/a><\/figure>\n\n\n\n<p><strong><em>Se trata del primer sector urbano que ser\u00e1 visitado por el cuerpo colegiado, tras su realizaci\u00f3n en las localidades de Sotaqui y Barraza.\u00a0 <\/em><\/strong><\/p>\n\n\n\n<p>La reuni\u00f3n, que se realizar\u00e1 este martes 11 de abril, se iniciar\u00e1 a las 10.00 horas en la sede social del sector residencial, en donde el alcalde suplente de Ovalle, Jonathan Acu\u00f1a Rojas y los integrantes del cuerpo colegiado tendr\u00e1n una nueva jornada de discusi\u00f3n sobre diversos temas de inter\u00e9s comunal. \u00a0<\/p>\n\n\n\n<p>Se trata de una de las pol\u00edticas de la administraci\u00f3n comunal, que busca acercar la labor de las autoridades a la comunidad, creando una instancia para que los vecinos del sector expongan sus necesidades y requerimientos, principalmente del \u00e1mbito social y de infraestructura comunitaria. Recordemos, que bajo esta iniciativa, el Concejo Municipal se realiz\u00f3 anteriormente en Sotaqui y luego en la localidad de Barraza.<\/p>\n\n\n\n<p>En este sentido, el alcalde suplente de Ovalle, Jonathan Acu\u00f1a Rojas indic\u00f3 que \u201cqueremos continuar esta pol\u00edtica de descentralizar el Concejo Comunal y llevarlo al menos una vez al mes, en una locaci\u00f3n externa, ya sea del sector urbano o del&nbsp; \u00e1rea rural. En estas sesiones desarrollamos los temas que est\u00e1n estipulados en la tabla, pero tambi\u00e9n generamos un momento para conocer los problemas y las necesidades m\u00e1s inmediatas de los vecinos del sector donde llevamos a cabo la reuni\u00f3n, por eso es muy importante que participen\u201d.<\/p>\n\n\n\n<p>Al interior de la administraci\u00f3n comunal, se est\u00e1 evaluando realizar la pr\u00f3xima sesi\u00f3n exterior del Concejo Municipal en una de las caletas pesqueras de la comuna, decisi\u00f3n que ser\u00e1 informada oportunamente, a trav\u00e9s de las redes sociales del municipio de Ovalle.<\/p>\n\n\n\n<p>La sesi\u00f3n del Concejo Municipal ser\u00e1 transmitida en vivo, a trav\u00e9s del fanpage Facebook Ilustre municipalidad de Ovalle, desde las 10 de la ma\u00f1ana.<\/p>\n","protected":false},"excerpt":{"rendered":"<p>Se trata del primer sector urbano que ser\u00e1 visitado por el cuerpo colegiado, tras su realizaci\u00f3n en las localidades de Sotaqui y Barraza.\u00a0 La reuni\u00f3n, que se realizar\u00e1 este martes 11 de abril, se iniciar\u00e1 a las 10.00 horas en la sede social del sector residencial, en donde el alcalde suplente de Ovalle, Jonathan Acu\u00f1a &#8230;<\/p>\n","protected":false},"author":2,"featured_media":8834,"comment_status":"open","ping_status":"open","sticky":false,"template":"","format":"standard","meta":{"footnotes":""},"categories":[5],"tags":[],"class_list":["post-8833","post","type-post","status-publish","format-standard","has-post-thumbnail","hentry","category-actualidad-limarina"],"_links":{"self":[{"href":"https:\/\/www.radiolimari.cl\/index.php?rest_route=\/wp\/v2\/posts\/8833","targetHints":{"allow":["GET"]}}],"collection":[{"href":"https:\/\/www.radiolimari.cl\/index.php?rest_route=\/wp\/v2\/posts"}],"about":[{"href":"https:\/\/www.radiolimari.cl\/index.php?rest_route=\/wp\/v2\/types\/post"}],"author":[{"embeddable":true,"href":"https:\/\/www.radiolimari.cl\/index.php?rest_route=\/wp\/v2\/users\/2"}],"replies":[{"embeddable":true,"href":"https:\/\/www.radiolimari.cl\/index.php?rest_route=%2Fwp%2Fv2%2Fcomments&post=8833"}],"version-history":[{"count":1,"href":"https:\/\/www.radiolimari.cl\/index.php?rest_route=\/wp\/v2\/posts\/8833\/revisions"}],"predecessor-version":[{"id":8835,"href":"https:\/\/www.radiolimari.cl\/index.php?rest_route=\/wp\/v2\/posts\/8833\/revisions\/8835"}],"wp:featuredmedia":[{"embeddable":true,"href":"https:\/\/www.radiolimari.cl\/index.php?rest_route=\/wp\/v2\/media\/8834"}],"wp:attachment":[{"href":"https:\/\/www.radiolimari.cl\/index.php?rest_route=%2Fwp%2Fv2%2Fmedia&parent=8833"}],"wp:term":[{"taxonomy":"category","embeddable":true,"href":"https:\/\/www.radiolimari.cl\/index.php?rest_route=%2Fwp%2Fv2%2Fcategories&post=8833"},{"taxonomy":"post_tag","embeddable":true,"href":"https:\/\/www.radiolimari.cl\/index.php?rest_route=%2Fwp%2Fv2%2Ftags&post=8833"}],"curies":[{"name":"wp","href":"https:\/\/api.w.org\/{rel}","templated":true}]}}