{"id":8830,"date":"2023-04-10T22:02:35","date_gmt":"2023-04-10T22:02:35","guid":{"rendered":"https:\/\/www.radiolimari.cl\/?p=8830"},"modified":"2023-04-10T22:02:35","modified_gmt":"2023-04-10T22:02:35","slug":"fosis-apoyo-a-jovenes-emprendedores-y-emprendedoras-para-hacer-crecer-sus-negocios","status":"publish","type":"post","link":"https:\/\/www.radiolimari.cl\/?p=8830","title":{"rendered":"FOSIS apoy\u00f3 a j\u00f3venes emprendedores y emprendedoras para hacer crecer sus negocios"},"content":{"rendered":"\n<figure class=\"wp-block-image size-large is-resized\"><a href=\"https:\/\/www.radiolimari.cl\/wp-content\/uploads\/2023\/04\/8335.jpg\"><img fetchpriority=\"high\" decoding=\"async\" src=\"https:\/\/www.radiolimari.cl\/wp-content\/uploads\/2023\/04\/8335-1024x683.jpg\" alt=\"\" class=\"wp-image-8831\" width=\"403\" height=\"268\" srcset=\"https:\/\/www.radiolimari.cl\/wp-content\/uploads\/2023\/04\/8335-1024x683.jpg 1024w, https:\/\/www.radiolimari.cl\/wp-content\/uploads\/2023\/04\/8335-300x200.jpg 300w, https:\/\/www.radiolimari.cl\/wp-content\/uploads\/2023\/04\/8335-768x512.jpg 768w, https:\/\/www.radiolimari.cl\/wp-content\/uploads\/2023\/04\/8335.jpg 1535w\" sizes=\"(max-width: 403px) 100vw, 403px\" \/><\/a><\/figure>\n\n\n\n<p><strong>A trav\u00e9s del programa Emprendamos Semilla J\u00f3venes, las y los participantes aprendieron c\u00f3mo manejar su negocio y recibieron un aporte directo para comprar insumos y herramientas.<\/strong> <\/p>\n\n\n\n<p>Tamara Rojas reside en la comuna de Coquimbo y se dedica a comercializar maquillaje y accesorios a trav\u00e9s de su Instagram @trini_maquillajes. Ten\u00eda la idea de hacer crecer su negocio, pero no sab\u00eda c\u00f3mo hacerlo. As\u00ed, postul\u00f3 a FOSIS y qued\u00f3 seleccionada en el programa Emprendamos Semilla J\u00f3venes, que le dio el impulso que necesitaba para salir adelante.<\/p>\n\n\n\n<p>\u201cEl programa nos sirvi\u00f3 bastante para aprender, para manejar el tema del dinero que nos ense\u00f1aron en el programa. Yo soy madre y me ha servido harto para estar con mi hija y hacer desde la casa este emprendimiento y agradecer por pensar en los j\u00f3venes que tambi\u00e9n somos esforzados cuando nos proponemos algo y para lograrlo\u201d sostuvo la emprendedora Tamara Rojas.<\/p>\n\n\n\n<p>El programa Emprendamos Semilla J\u00f3venes est\u00e1 enfocado en personas que tengan entre 18 y 30 a\u00f1os y su objetivo es apoyarlas para que desarrollen un negocio o trabajo independiente que les permita generar o aumentar sus ingresos. En este proyecto, fueron 46 personas de Coquimbo, Ovalle y La Serena, quienes participaron.<\/p>\n\n\n\n<p><a><\/a><a>Sobre la iniciativa, el Director Regional del FOSIS, Alejandro Gonz\u00e1lez, destac\u00f3 que \u201cestamos certificando a 46 j\u00f3venes de las provincias de Elqui y Limar\u00ed donde est\u00e1n comenzando el camino del emprendimiento. El concepto del programa Emprendamos es un concepto solidario, donde hay contribuci\u00f3n a la comunidad, a la econom\u00eda local y por supuesto, hay pertinencia territorial. Estamos muy contentos de que los j\u00f3venes inicien este camino y sin duda, en el trabajo colaborativo entre las distintas instituciones tienen que sentirse acompa\u00f1ados y as\u00ed ha sido el mensaje del Presidente Gabriel Boric; vamos a acompa\u00f1ar a las y los emprendedores y siempre vamos a estar presentes para el comienzo de estos sue\u00f1os y estas historias de vida\u201d.<\/a><\/p>\n\n\n\n<p>El municipio de Coquimbo, est\u00e1 en constante apoyo y colaboraci\u00f3n con FOSIS y en este sentido, el Director de Desarrollo Comunitario de la comuna, Crist\u00f3bal Reyes, se\u00f1al\u00f3 que \u201cnuestro Alcalde nos ha pedido enfocar y focalizar todo el esfuerzo en la pol\u00edtica de la mujer y de los j\u00f3venes, particularmente en materia de empleo y no cabe ninguna duda que poder fortalecer, apoyar, acompa\u00f1ar los emprendimientos para que lleguen a puertos muy importantes, por lo tanto, hoy se certifican 28 personas de Coquimbo y por lo tanto nos parece muy significativo y estamos muy contentos de compartir esa alegr\u00eda con ellos\u201d.<\/p>\n\n\n\n<p>La iniciativa se desarroll\u00f3 durante ocho meses y las y los usuarios, crearon un plan de trabajo, recibieron capacitaciones y un aporte de $400.000 para adquisici\u00f3n de insumos y herramientas.<\/p>\n\n\n\n<p>Al respecto, la Consejera Regional, Paola Cort\u00e9s indic\u00f3 que \u201ces importante que los j\u00f3venes sientan que s\u00ed estamos preocupados de ellos, que s\u00ed queremos que cumplan sus sue\u00f1os y m\u00e1s que nada que puedan tener un ingreso econ\u00f3mico independiente. A veces las circunstancias no ayudan, porque son madres, porque tienen que criar, porque les cuesta salir de sus casas, que las personas sepan que hay instancias y herramientas donde pueden hacer realidad sus sue\u00f1os\u201d.<\/p>\n\n\n\n<p>Las y los participantes de la iniciativa forman parte de Subsistema Seguridades y Oportunidades y para este programa, FOSIS destin\u00f3 m\u00e1s de 40 millones de pesos para capacitaciones, asesor\u00edas y capital para herramientas e insumos.<\/p>\n","protected":false},"excerpt":{"rendered":"<p>A trav\u00e9s del programa Emprendamos Semilla J\u00f3venes, las y los participantes aprendieron c\u00f3mo manejar su negocio y recibieron un aporte directo para comprar insumos y herramientas. Tamara Rojas reside en la comuna de Coquimbo y se dedica a comercializar maquillaje y accesorios a trav\u00e9s de su Instagram @trini_maquillajes. Ten\u00eda la idea de hacer crecer su &#8230;<\/p>\n","protected":false},"author":2,"featured_media":8831,"comment_status":"open","ping_status":"open","sticky":false,"template":"","format":"standard","meta":{"footnotes":""},"categories":[6],"tags":[],"class_list":["post-8830","post","type-post","status-publish","format-standard","has-post-thumbnail","hentry","category-regionales"],"_links":{"self":[{"href":"https:\/\/www.radiolimari.cl\/index.php?rest_route=\/wp\/v2\/posts\/8830","targetHints":{"allow":["GET"]}}],"collection":[{"href":"https:\/\/www.radiolimari.cl\/index.php?rest_route=\/wp\/v2\/posts"}],"about":[{"href":"https:\/\/www.radiolimari.cl\/index.php?rest_route=\/wp\/v2\/types\/post"}],"author":[{"embeddable":true,"href":"https:\/\/www.radiolimari.cl\/index.php?rest_route=\/wp\/v2\/users\/2"}],"replies":[{"embeddable":true,"href":"https:\/\/www.radiolimari.cl\/index.php?rest_route=%2Fwp%2Fv2%2Fcomments&post=8830"}],"version-history":[{"count":1,"href":"https:\/\/www.radiolimari.cl\/index.php?rest_route=\/wp\/v2\/posts\/8830\/revisions"}],"predecessor-version":[{"id":8832,"href":"https:\/\/www.radiolimari.cl\/index.php?rest_route=\/wp\/v2\/posts\/8830\/revisions\/8832"}],"wp:featuredmedia":[{"embeddable":true,"href":"https:\/\/www.radiolimari.cl\/index.php?rest_route=\/wp\/v2\/media\/8831"}],"wp:attachment":[{"href":"https:\/\/www.radiolimari.cl\/index.php?rest_route=%2Fwp%2Fv2%2Fmedia&parent=8830"}],"wp:term":[{"taxonomy":"category","embeddable":true,"href":"https:\/\/www.radiolimari.cl\/index.php?rest_route=%2Fwp%2Fv2%2Fcategories&post=8830"},{"taxonomy":"post_tag","embeddable":true,"href":"https:\/\/www.radiolimari.cl\/index.php?rest_route=%2Fwp%2Fv2%2Ftags&post=8830"}],"curies":[{"name":"wp","href":"https:\/\/api.w.org\/{rel}","templated":true}]}}