{"id":8827,"date":"2023-04-09T03:15:06","date_gmt":"2023-04-09T03:15:06","guid":{"rendered":"https:\/\/www.radiolimari.cl\/?p=8827"},"modified":"2023-04-09T03:15:06","modified_gmt":"2023-04-09T03:15:06","slug":"centenares-de-fieles-dieron-vida-a-vigilia-pascual-en-catedral-de-la-serena","status":"publish","type":"post","link":"https:\/\/www.radiolimari.cl\/?p=8827","title":{"rendered":"Centenares de fieles dieron vida a Vigilia Pascual en Catedral de La Serena"},"content":{"rendered":"\n<figure class=\"wp-block-image size-large\"><a href=\"https:\/\/www.radiolimari.cl\/wp-content\/uploads\/2023\/04\/DSC02745-scaled.jpg\"><img fetchpriority=\"high\" decoding=\"async\" width=\"1024\" height=\"683\" src=\"https:\/\/www.radiolimari.cl\/wp-content\/uploads\/2023\/04\/DSC02745-1024x683.jpg\" alt=\"\" class=\"wp-image-8828\" srcset=\"https:\/\/www.radiolimari.cl\/wp-content\/uploads\/2023\/04\/DSC02745-1024x683.jpg 1024w, https:\/\/www.radiolimari.cl\/wp-content\/uploads\/2023\/04\/DSC02745-300x200.jpg 300w, https:\/\/www.radiolimari.cl\/wp-content\/uploads\/2023\/04\/DSC02745-768x512.jpg 768w, https:\/\/www.radiolimari.cl\/wp-content\/uploads\/2023\/04\/DSC02745-1536x1024.jpg 1536w, https:\/\/www.radiolimari.cl\/wp-content\/uploads\/2023\/04\/DSC02745-2048x1365.jpg 2048w\" sizes=\"(max-width: 1024px) 100vw, 1024px\" \/><\/a><\/figure>\n\n\n\n<p><strong>En la ocasi\u00f3n, participaron 54 hermanas y hermanos del Camino Neocatecumenal, quienes renovaron solemnemente sus promesas bautismales.<\/strong> <\/p>\n\n\n\n<p>Revestidos con t\u00fanicas de lino blanco y con gran gozo espiritual, medio centenar de integrantes del Camino Neocatecumenal llegaron la noche de este s\u00e1bado 8 de abril hasta el templo Catedral de La Serena, con ocasi\u00f3n de participar en la Vigilia Pascual, acto culmen de la Semana Santa en la que, bajo la luz de las velas, se espera <strong>el anuncio de la Resurrecci\u00f3n de Jes\u00fas<\/strong>.<\/p>\n\n\n\n<p>Y es que con las luces del templo apagadas inici\u00f3 la celebraci\u00f3n, momento en que el Arzobispo Ren\u00e9 Rebolledo Salinas bendijo y encendi\u00f3 el Cirio Pascual, iniciando la procesi\u00f3n de entrada en compa\u00f1\u00eda de las hermanas y hermanos del Camino Neocatecumenal, quienes <strong>transmitieron la <em>luz de Cristo<\/em><\/strong> a sus familias y las numerosas personas que participaron de la especial Eucarist\u00eda.<\/p>\n\n\n\n<p>En su homil\u00eda, el Pastor junto con agradecer al Camino Neocatecumenal, a sus catequistas que los han acompa\u00f1ado en este camino de profundizaci\u00f3n en la fe y en la vida de la Iglesia, destac\u00f3 lo admirable que resulta \u201cel actuar de Dios Padre en la historia de la Salvaci\u00f3n. <strong>\u00c9l ha resucitado a su Hijo Jesucristo, porque es Dios de vivos y no de muertos<\/strong>, ama la vida y es amante de la vida. \u00c9l es la fuente y origen de toda vida. \u00a1Dios ha resucitado a su Hijo Jesucristo!\u201d.<\/p>\n\n\n\n<p>Posteriormente, hizo hincapi\u00e9 que en esta celebraci\u00f3n un \u201cgran gozo colma nuestros corazones, dado que es el d\u00eda <em>por excelencia <\/em>como afirma el salmista: <em>Es el d\u00eda que hizo el Se\u00f1or<\/em>\u201d, agregando que \u201c<strong>la resurrecci\u00f3n del Se\u00f1or es el mayor tesoro de nuestra fe<\/strong>. Procuremos anunciar este misterio de nuestra fe a las hermanas y hermanos de camino. \u00a1Qu\u00e9 todos puedan experimentar este inmenso gozo!\u201d. Al concluir su mensaje en la Eucarist\u00eda en que el Pueblo de Dios, a trav\u00e9s de los signos de la luz y el agua, renovaron sus promesas bautismales, Mons. Rebolledo junto con <strong>agradecer \u201cla <em>fidelidad de los fieles<\/em> y el acompa\u00f1amiento al Se\u00f1or en esta Semana Santa<\/strong>\u201d, manifest\u00f3 la \u201ccercan\u00eda de la Iglesia a cuantos est\u00e1n sufriendo -corporal o espiritualmente- que encuentren en Cristo resucitado fortaleza y esperanza para proseguir el camino de la vida. Si el Resucitado nos precede, va adelante\u2026 \u00bfQu\u00e9 podr\u00edamos temer?\u201d.<\/p>\n","protected":false},"excerpt":{"rendered":"<p>En la ocasi\u00f3n, participaron 54 hermanas y hermanos del Camino Neocatecumenal, quienes renovaron solemnemente sus promesas bautismales. Revestidos con t\u00fanicas de lino blanco y con gran gozo espiritual, medio centenar de integrantes del Camino Neocatecumenal llegaron la noche de este s\u00e1bado 8 de abril hasta el templo Catedral de La Serena, con ocasi\u00f3n de participar &#8230;<\/p>\n","protected":false},"author":2,"featured_media":8828,"comment_status":"open","ping_status":"open","sticky":false,"template":"","format":"standard","meta":{"footnotes":""},"categories":[3],"tags":[],"class_list":["post-8827","post","type-post","status-publish","format-standard","has-post-thumbnail","hentry","category-actualidad"],"_links":{"self":[{"href":"https:\/\/www.radiolimari.cl\/index.php?rest_route=\/wp\/v2\/posts\/8827","targetHints":{"allow":["GET"]}}],"collection":[{"href":"https:\/\/www.radiolimari.cl\/index.php?rest_route=\/wp\/v2\/posts"}],"about":[{"href":"https:\/\/www.radiolimari.cl\/index.php?rest_route=\/wp\/v2\/types\/post"}],"author":[{"embeddable":true,"href":"https:\/\/www.radiolimari.cl\/index.php?rest_route=\/wp\/v2\/users\/2"}],"replies":[{"embeddable":true,"href":"https:\/\/www.radiolimari.cl\/index.php?rest_route=%2Fwp%2Fv2%2Fcomments&post=8827"}],"version-history":[{"count":1,"href":"https:\/\/www.radiolimari.cl\/index.php?rest_route=\/wp\/v2\/posts\/8827\/revisions"}],"predecessor-version":[{"id":8829,"href":"https:\/\/www.radiolimari.cl\/index.php?rest_route=\/wp\/v2\/posts\/8827\/revisions\/8829"}],"wp:featuredmedia":[{"embeddable":true,"href":"https:\/\/www.radiolimari.cl\/index.php?rest_route=\/wp\/v2\/media\/8828"}],"wp:attachment":[{"href":"https:\/\/www.radiolimari.cl\/index.php?rest_route=%2Fwp%2Fv2%2Fmedia&parent=8827"}],"wp:term":[{"taxonomy":"category","embeddable":true,"href":"https:\/\/www.radiolimari.cl\/index.php?rest_route=%2Fwp%2Fv2%2Fcategories&post=8827"},{"taxonomy":"post_tag","embeddable":true,"href":"https:\/\/www.radiolimari.cl\/index.php?rest_route=%2Fwp%2Fv2%2Ftags&post=8827"}],"curies":[{"name":"wp","href":"https:\/\/api.w.org\/{rel}","templated":true}]}}