{"id":8824,"date":"2023-04-08T17:03:23","date_gmt":"2023-04-08T17:03:23","guid":{"rendered":"https:\/\/www.radiolimari.cl\/?p=8824"},"modified":"2023-04-08T17:03:24","modified_gmt":"2023-04-08T17:03:24","slug":"en-los-vilos-inauguran-obras-de-pavimentacion-de-calles-historicas","status":"publish","type":"post","link":"https:\/\/www.radiolimari.cl\/?p=8824","title":{"rendered":"En Los Vilos inauguran obras de pavimentaci\u00f3n de calles hist\u00f3ricas."},"content":{"rendered":"\n<figure class=\"wp-block-image size-large is-resized\"><a href=\"https:\/\/www.radiolimari.cl\/wp-content\/uploads\/2023\/04\/IMG-20230406-WA0009.jpg\"><img fetchpriority=\"high\" decoding=\"async\" src=\"https:\/\/www.radiolimari.cl\/wp-content\/uploads\/2023\/04\/IMG-20230406-WA0009-1024x768.jpg\" alt=\"\" class=\"wp-image-8825\" width=\"396\" height=\"297\" srcset=\"https:\/\/www.radiolimari.cl\/wp-content\/uploads\/2023\/04\/IMG-20230406-WA0009-1024x768.jpg 1024w, https:\/\/www.radiolimari.cl\/wp-content\/uploads\/2023\/04\/IMG-20230406-WA0009-300x225.jpg 300w, https:\/\/www.radiolimari.cl\/wp-content\/uploads\/2023\/04\/IMG-20230406-WA0009-768x576.jpg 768w, https:\/\/www.radiolimari.cl\/wp-content\/uploads\/2023\/04\/IMG-20230406-WA0009.jpg 1280w\" sizes=\"(max-width: 396px) 100vw, 396px\" \/><\/a><\/figure>\n\n\n\n<p><strong><em>Las arterias Ignacio Carrera Pinto y San Jos\u00e9 de la comuna balneario fueron intervenidas a trav\u00e9s de un convenio de ejecuci\u00f3n de obras entre el MINVU y el municipio local, las que se iniciaran durante el mes de septiembre y cuyo costo ascendi\u00f3 a m\u00e1s de 245 millones de pesos<\/em><\/strong>.<\/p>\n\n\n\n<p>Contentos se mostraron los vecinos de calle Ignacio Carrera Pinto y calle San Jose de Los Vilos, ya que al fin se concret\u00f3 el sue\u00f1o de tener el suelo completamente pavimentado en este sector poblacional hist\u00f3rico de la comuna balneario de Choapa, gracias la alianza MINVU- Municipalidad en la iniciativa denominada \u201cConstrucci\u00f3n de pavimentos participativos\u201d.<\/p>\n\n\n\n<p>El inicio de las obras se produjo el pasado 29 de septiembre del a\u00f1o pasado y se prolongaron por aproximadamente 196 d\u00edas y cuyo monto de inversi\u00f3n de este convenio, ascendi\u00f3 a m\u00e1s de 245 millones de pesos.<\/p>\n\n\n\n<p>Al respecto, Sandro Ibacache, Presidente del Comit\u00e9 de pavimentaci\u00f3n de las Calles Ignacio Carrera Pinto y San Jos\u00e9 de los Vilos, indic\u00f3 que <strong><em>\u201cNosotros como vecinos estamos muy contentos y agradecidos de que se haya concretado este proyecto, ya que llevaba mucho tiempo con la calle en mal estado, en el tiempo de invierno mucho barro, as\u00ed que estamos muy agradecidos, con el apoyo del municipio y la junta de vecinos, tambi\u00e9n a los pobladores que pusieron su aporte para que concretara este proyecto\u201d.<\/em><\/strong><strong><em><\/em><\/strong><\/p>\n\n\n\n<p>Mientras que el alcalde de Los Vilos, Christian Gross, destac\u00f3 <strong><em>\u201cAqu\u00ed tenemos estas poblaciones hist\u00f3ricas, tenemos personas mayores que efectivamente, necesitaban una obra de este tipo que&nbsp; permitiera tener accesibilidad. Estamos felices&nbsp; con esta poblaci\u00f3n, con esta junta de vecinos Ignacio Carrera Pinto una poblaci\u00f3n hist\u00f3rica que durante muchos a\u00f1os ten\u00eda este suelo de concretar este proyecto\u201d.<\/em><\/strong><\/p>\n\n\n\n<p>La instancia form\u00f3 un especial ambiente de cercan\u00eda y emoci\u00f3n, ya que la iniciativa de mejorar las calles surgi\u00f3 de los vecinos, quienes golpearon las puertas correctas para que lo que en un momento era un sue\u00f1o colectivo, hoy se ve transformado en pasajes que dignifican la calidad de vida de todos quienes viven y transitan por el sector.<\/p>\n\n\n\n<p><strong><em>\u201cPara nosotros es una satisfacci\u00f3n ver la felicidad de la gente cuando se unen los vecinos, el municipio a trav\u00e9s de su alcalde y el Gobierno en esa triada fundamental para resolver los problemas de la gente. La preocupaci\u00f3n del Presidente Boric es que las condiciones de igualdad, las mejoras de calidad de vida llegue a todos los habitantes y tambi\u00e9n ac\u00e1 en Los Vilos. Estamos ac\u00e1 presentes para darles un mensaje a los vecinos que no est\u00e1n solos, que el Gobierno y el alcalde est\u00e1n trabajando para que el beneficio llegue a todas las comunidades\u201d, <\/em><\/strong>sostuvoel Seremi de Vivienda y Urbanismo, Jose Manuel Peralta.<\/p>\n\n\n\n<p>Finalmente la Delegada Presidencial de Choapa, Nataly Carvajal, expres\u00f3 <strong><em>\u201cDurante el primer a\u00f1o el diagn\u00f3stico fue complejo, hab\u00eda mucha necesidad y esa necesidad se siente cuando uno est\u00e1 en el territorio, y debemos volver con soluciones, con propuestas claras, paso a paso pero de manera segura y fortalecida, y esas soluciones solo se pueden dar con un trabajo en el territorio como nos ha mandatado nuestro presidente Gabriel Boric, las soluciones a las demandas de la gente, debe ser trabajada con ellos, para ellos y por ellos\u201d.<\/em><\/strong><strong><em><\/em><\/strong><\/p>\n\n\n\n<p>Cabe hacer presente que el proyecto de pavimentaci\u00f3n de ambas arterias contempl\u00f3 las siguientes caracter\u00edsticas:<\/p>\n\n\n\n<p><strong>Calle Ignacio Carrera Pinto.<\/strong><strong><\/strong><\/p>\n\n\n\n<ul class=\"wp-block-list\">\n<li>El proyecto consider\u00f3 la pavimentaci\u00f3n de la Calle Ignacio Carrera Pinto, entre Avda. Estaci\u00f3n y Calle San Jos\u00e9.<\/li>\n\n\n\n<li>La Calle Ignacio Carrera Pinto se proyect\u00f3 con un ancho de calzada de 7,0 metros.<\/li>\n<\/ul>\n\n\n\n<p><strong>Calle San Jos\u00e9<\/strong><strong><\/strong><\/p>\n\n\n\n<ul class=\"wp-block-list\">\n<li>El proyecto consider\u00f3 la pavimentaci\u00f3n de la Calle San Jos\u00e9 entre la Calle Ignacio Carrera Pinto y Calle Galvarino.<\/li>\n\n\n\n<li>La Calle San Jos\u00e9 se proyect\u00f3 con un ancho de calzada de 8,0 metros.<\/li>\n<\/ul>\n\n\n\n<p><strong><u>Obras Principales Ejecutadas:<\/u><\/strong><strong><u><\/u><\/strong><\/p>\n\n\n\n<ul class=\"wp-block-list\">\n<li>2.400 m2 de Pavimento de Calzada de hormig\u00f3n de cemento hidr\u00e1ulico<\/li>\n\n\n\n<li>580 m2 de veredas de hormig\u00f3n<\/li>\n\n\n\n<li>300 m2 de Accesos vehiculares en hormig\u00f3n para todas las viviendas<\/li>\n\n\n\n<li>550 metros lineales de soleras tipo.<\/li>\n<\/ul>\n","protected":false},"excerpt":{"rendered":"<p>Las arterias Ignacio Carrera Pinto y San Jos\u00e9 de la comuna balneario fueron intervenidas a trav\u00e9s de un convenio de ejecuci\u00f3n de obras entre el MINVU y el municipio local, las que se iniciaran durante el mes de septiembre y cuyo costo ascendi\u00f3 a m\u00e1s de 245 millones de pesos. Contentos se mostraron los vecinos &#8230;<\/p>\n","protected":false},"author":2,"featured_media":8825,"comment_status":"open","ping_status":"open","sticky":false,"template":"","format":"standard","meta":{"footnotes":""},"categories":[3],"tags":[],"class_list":["post-8824","post","type-post","status-publish","format-standard","has-post-thumbnail","hentry","category-actualidad"],"_links":{"self":[{"href":"https:\/\/www.radiolimari.cl\/index.php?rest_route=\/wp\/v2\/posts\/8824","targetHints":{"allow":["GET"]}}],"collection":[{"href":"https:\/\/www.radiolimari.cl\/index.php?rest_route=\/wp\/v2\/posts"}],"about":[{"href":"https:\/\/www.radiolimari.cl\/index.php?rest_route=\/wp\/v2\/types\/post"}],"author":[{"embeddable":true,"href":"https:\/\/www.radiolimari.cl\/index.php?rest_route=\/wp\/v2\/users\/2"}],"replies":[{"embeddable":true,"href":"https:\/\/www.radiolimari.cl\/index.php?rest_route=%2Fwp%2Fv2%2Fcomments&post=8824"}],"version-history":[{"count":1,"href":"https:\/\/www.radiolimari.cl\/index.php?rest_route=\/wp\/v2\/posts\/8824\/revisions"}],"predecessor-version":[{"id":8826,"href":"https:\/\/www.radiolimari.cl\/index.php?rest_route=\/wp\/v2\/posts\/8824\/revisions\/8826"}],"wp:featuredmedia":[{"embeddable":true,"href":"https:\/\/www.radiolimari.cl\/index.php?rest_route=\/wp\/v2\/media\/8825"}],"wp:attachment":[{"href":"https:\/\/www.radiolimari.cl\/index.php?rest_route=%2Fwp%2Fv2%2Fmedia&parent=8824"}],"wp:term":[{"taxonomy":"category","embeddable":true,"href":"https:\/\/www.radiolimari.cl\/index.php?rest_route=%2Fwp%2Fv2%2Fcategories&post=8824"},{"taxonomy":"post_tag","embeddable":true,"href":"https:\/\/www.radiolimari.cl\/index.php?rest_route=%2Fwp%2Fv2%2Ftags&post=8824"}],"curies":[{"name":"wp","href":"https:\/\/api.w.org\/{rel}","templated":true}]}}