{"id":8821,"date":"2023-04-08T16:55:14","date_gmt":"2023-04-08T16:55:14","guid":{"rendered":"https:\/\/www.radiolimari.cl\/?p=8821"},"modified":"2023-04-08T16:55:15","modified_gmt":"2023-04-08T16:55:15","slug":"en-poblacion-media-hacienda-de-ovalle-junji-inauguro-nuevo-jardin-infantil-para-144-ninos-y-ninas","status":"publish","type":"post","link":"https:\/\/www.radiolimari.cl\/?p=8821","title":{"rendered":"En poblaci\u00f3n Media Hacienda de Ovalle, JUNJI inaugur\u00f3 nuevo jard\u00edn infantil para 144 ni\u00f1os y ni\u00f1as"},"content":{"rendered":"\n<figure class=\"wp-block-image size-large is-resized\"><a href=\"https:\/\/www.radiolimari.cl\/wp-content\/uploads\/2023\/04\/2-scaled.jpg\"><img fetchpriority=\"high\" decoding=\"async\" src=\"https:\/\/www.radiolimari.cl\/wp-content\/uploads\/2023\/04\/2-1024x768.jpg\" alt=\"\" class=\"wp-image-8822\" width=\"396\" height=\"297\" srcset=\"https:\/\/www.radiolimari.cl\/wp-content\/uploads\/2023\/04\/2-1024x768.jpg 1024w, https:\/\/www.radiolimari.cl\/wp-content\/uploads\/2023\/04\/2-300x225.jpg 300w, https:\/\/www.radiolimari.cl\/wp-content\/uploads\/2023\/04\/2-768x576.jpg 768w, https:\/\/www.radiolimari.cl\/wp-content\/uploads\/2023\/04\/2-1536x1152.jpg 1536w, https:\/\/www.radiolimari.cl\/wp-content\/uploads\/2023\/04\/2-2048x1536.jpg 2048w\" sizes=\"(max-width: 396px) 100vw, 396px\" \/><\/a><\/figure>\n\n\n\n<p><em>\u201cAlma de Colibr\u00ed\u201d, es el nombre de la unidad educativa, el cual fue elegido a trav\u00e9s de una consulta ciudadana, donde participaron familias, agentes comunitarios y equipo del establecimiento.<\/em> <\/p>\n\n\n\n<p>Con la participaci\u00f3n de padres, apoderados, equipo educativo, autoridades regionales y comunales, se llev\u00f3 a cabo la inauguraci\u00f3n de la sala cuna y jard\u00edn infantil Alma de Colibr\u00ed, ubicado en sector de Media Hacienda, comuna de Ovalle.<br>El nuevo establecimiento de la Junji Coquimbo tiene una capacidad para entregar educaci\u00f3n inicial a 144 ni\u00f1os y ni\u00f1as, en tres salas cunas heterog\u00e9neas y tres niveles medios heterog\u00e9neos.<br>La unidad educativa, se destaca por promover un sello educativo basado en la paz y la espiritualidad, el cual, adem\u00e1s se tradujo en el nombre del establecimiento, el que fue elegido a trav\u00e9s de una consulta ciudadana, donde participaron familias, agentes comunitarios y equipo t\u00e9cnico pedag\u00f3gico.<\/p>\n\n\n\n<p>Ghislaine Alvarado Medina, educadora de p\u00e1rvulos y encargada jard\u00edn infantil Alma de Colibr\u00ed destac\u00f3 que \u201cestamos muy orgullosas de ser parte de esta comunidad educativa, en la cual contamos con altos est\u00e1ndares de calidad, tanto en la infraestructura como en el servicio que entrega. Estamos marcando un hito importante, cumplimos un a\u00f1o al servicio de la comunidad, lo cual para nosotras es el puntapi\u00e9 inicial para entregar un apoyo y un trabajo de calidad a la comunidad, pero sobre todo acercar a los ni\u00f1os y ni\u00f1as a una educaci\u00f3n integral, donde ellos, a trav\u00e9s de la pedagog\u00eda del amor, la paz y la espiritualidad puedan adquirir aprendizajes significativos para su desarrollo\u201d.<\/p>\n\n\n\n<p>Por su parte, Ivanella D\u00edaz, apoderada del jard\u00edn valor\u00f3 el trabajo desarrollado por el equipo educativo y los aprendizajes que han adquirido sus hijos.<\/p>\n\n\n\n<p>\u201cEl jard\u00edn &nbsp;ha sido muy bueno con mis dos hijos, mi hijo mayor egreso el a\u00f1o pasado y \u00e9l aprendi\u00f3 a socializar y compartir &nbsp;con otros ni\u00f1os, a conocer y explorar su entorno, y mi otro hijo que era muy apegado a m\u00ed, comenz\u00f3 a socializar m\u00e1s, a comprender y entender muchas cosas de la vida diaria y a comunicarse\u201d.<\/p>\n\n\n\n<p>Durante la actividad, se puso en relieve el plan de reactivaci\u00f3n educativa que impulsa el Mineduc y la importancia de la asistencia a los jardines infantiles.<\/p>\n\n\n\n<p>Al respecto, la Seremi de Educaci\u00f3n, Cecilia Ram\u00edrez Ch\u00e1vez, se\u00f1al\u00f3 que \u201cuno de los ejes de este plan es la revinculaci\u00f3n de los estudiantes con sus comunidades educativas, donde es muy importante de la presencialidad, ya que es insustituible para los procesos de aprendizajes, como tambi\u00e9n para los procesos que realizan educadoras de p\u00e1rvulos, como docentes y asistentes de la educaci\u00f3n a lo largo de todo el sistema educacional. Adem\u00e1s, contar con espacios del nivel de la infraestructura que hoy tenemos en los jardines y la matr\u00edcula que a\u00fan tenemos disponible, por lo que es importante que las familias conf\u00eden en la institucionalidad y en JUNJI para que traigan a sus hijos e hijas a poder disfrutar y ser beneficiados, ejerciendo su derecho a la educaci\u00f3n con los altos est\u00e1ndares educativos que entrega la JUNJI\u201d.<\/p>\n\n\n\n<p>En esa l\u00ednea, el director regional de JUNJI, Marco Poblete hizo una invitaci\u00f3n a las familias a llevar a los ni\u00f1os y ni\u00f1as a los jardines infantiles.<\/p>\n\n\n\n<p>\u201cLos invitamos a tener confianza en nuestros equipos, los &nbsp;jardines JUNJI tienen altos est\u00e1ndares de calidad en seguridad, confort, las aulas est\u00e1n acondicionadas para las necesidades de aprendizajes de los ni\u00f1os y las ni\u00f1as, desde el desarrollo emocional, cognitivo y motriz que van a adquirir y fortalecer en estos espacios, es por lo importancia de que volvamos al jard\u00edn\u201d.<\/p>\n\n\n\n<p>Para el alcalde suplente de Ovalle, Jonathan Acu\u00f1a Rojas, el nuevo espacio educativo representa un hito importante para la comuna, ya que, \u201ccontar con infraestructuras de este tipo en un lugar estrat\u00e9gico de la ciudad nos permite ampliar la cobertura y contar con las profesionales id\u00f3neas para promover el desarrollo de nuestras ni\u00f1as y ni\u00f1os, lo que adem\u00e1s nos permite tambi\u00e9n desarrollarnos como comuna, entregarles la dignidad a los ni\u00f1os y ni\u00f1as en estos espacios, es un gran avance para Ovalle\u201d.<\/p>\n\n\n\n<p><strong>Inversi\u00f3n<\/strong><br>A trav\u00e9s de fondos sectoriales de JUNJI, se invirtieron m\u00e1s de mil doscientos millones de pesos para concretar un anhelado sue\u00f1o para la comuna y provincia de Limar\u00ed, respondiendo a la demanda del sector de contar con una sala cuna y jard\u00edn infantil, la que fue construida en un terreno entregado en comodato de 30 a\u00f1os por la municipalidad de Ovalle.<\/p>\n","protected":false},"excerpt":{"rendered":"<p>\u201cAlma de Colibr\u00ed\u201d, es el nombre de la unidad educativa, el cual fue elegido a trav\u00e9s de una consulta ciudadana, donde participaron familias, agentes comunitarios y equipo del establecimiento. Con la participaci\u00f3n de padres, apoderados, equipo educativo, autoridades regionales y comunales, se llev\u00f3 a cabo la inauguraci\u00f3n de la sala cuna y jard\u00edn infantil Alma &#8230;<\/p>\n","protected":false},"author":2,"featured_media":8822,"comment_status":"open","ping_status":"open","sticky":false,"template":"","format":"standard","meta":{"footnotes":""},"categories":[6],"tags":[],"class_list":["post-8821","post","type-post","status-publish","format-standard","has-post-thumbnail","hentry","category-regionales"],"_links":{"self":[{"href":"https:\/\/www.radiolimari.cl\/index.php?rest_route=\/wp\/v2\/posts\/8821","targetHints":{"allow":["GET"]}}],"collection":[{"href":"https:\/\/www.radiolimari.cl\/index.php?rest_route=\/wp\/v2\/posts"}],"about":[{"href":"https:\/\/www.radiolimari.cl\/index.php?rest_route=\/wp\/v2\/types\/post"}],"author":[{"embeddable":true,"href":"https:\/\/www.radiolimari.cl\/index.php?rest_route=\/wp\/v2\/users\/2"}],"replies":[{"embeddable":true,"href":"https:\/\/www.radiolimari.cl\/index.php?rest_route=%2Fwp%2Fv2%2Fcomments&post=8821"}],"version-history":[{"count":1,"href":"https:\/\/www.radiolimari.cl\/index.php?rest_route=\/wp\/v2\/posts\/8821\/revisions"}],"predecessor-version":[{"id":8823,"href":"https:\/\/www.radiolimari.cl\/index.php?rest_route=\/wp\/v2\/posts\/8821\/revisions\/8823"}],"wp:featuredmedia":[{"embeddable":true,"href":"https:\/\/www.radiolimari.cl\/index.php?rest_route=\/wp\/v2\/media\/8822"}],"wp:attachment":[{"href":"https:\/\/www.radiolimari.cl\/index.php?rest_route=%2Fwp%2Fv2%2Fmedia&parent=8821"}],"wp:term":[{"taxonomy":"category","embeddable":true,"href":"https:\/\/www.radiolimari.cl\/index.php?rest_route=%2Fwp%2Fv2%2Fcategories&post=8821"},{"taxonomy":"post_tag","embeddable":true,"href":"https:\/\/www.radiolimari.cl\/index.php?rest_route=%2Fwp%2Fv2%2Ftags&post=8821"}],"curies":[{"name":"wp","href":"https:\/\/api.w.org\/{rel}","templated":true}]}}