{"id":8818,"date":"2023-04-08T16:40:59","date_gmt":"2023-04-08T16:40:59","guid":{"rendered":"https:\/\/www.radiolimari.cl\/?p=8818"},"modified":"2023-04-08T16:41:00","modified_gmt":"2023-04-08T16:41:00","slug":"en-monte-patria-la-comunidad-de-carcamo-inaugura-nuevas-luminarias-con-paneles-solares-en-sede-vecinal","status":"publish","type":"post","link":"https:\/\/www.radiolimari.cl\/?p=8818","title":{"rendered":"En Monte Patria la comunidad de C\u00e1rcamo inaugura nuevas luminarias con paneles solares en sede vecinal"},"content":{"rendered":"\n<figure class=\"wp-block-image size-large is-resized\"><a href=\"https:\/\/www.radiolimari.cl\/wp-content\/uploads\/2023\/04\/WhatsApp-Image-2023-04-06-at-5.34.03-PM.jpeg\"><img fetchpriority=\"high\" decoding=\"async\" src=\"https:\/\/www.radiolimari.cl\/wp-content\/uploads\/2023\/04\/WhatsApp-Image-2023-04-06-at-5.34.03-PM-1024x682.jpeg\" alt=\"\" class=\"wp-image-8819\" width=\"396\" height=\"263\" srcset=\"https:\/\/www.radiolimari.cl\/wp-content\/uploads\/2023\/04\/WhatsApp-Image-2023-04-06-at-5.34.03-PM-1024x682.jpeg 1024w, https:\/\/www.radiolimari.cl\/wp-content\/uploads\/2023\/04\/WhatsApp-Image-2023-04-06-at-5.34.03-PM-300x200.jpeg 300w, https:\/\/www.radiolimari.cl\/wp-content\/uploads\/2023\/04\/WhatsApp-Image-2023-04-06-at-5.34.03-PM-768x512.jpeg 768w, https:\/\/www.radiolimari.cl\/wp-content\/uploads\/2023\/04\/WhatsApp-Image-2023-04-06-at-5.34.03-PM-1536x1023.jpeg 1536w, https:\/\/www.radiolimari.cl\/wp-content\/uploads\/2023\/04\/WhatsApp-Image-2023-04-06-at-5.34.03-PM.jpeg 1600w\" sizes=\"(max-width: 396px) 100vw, 396px\" \/><\/a><\/figure>\n\n\n\n<p><strong><em>Un significativo en la localidad de C\u00e1rcamo se vivi\u00f3 la semana pasada cuando se instalaron los paneles solares fotovoltaicos para la sede de la junta de vecinos.<\/em><\/strong> <\/p>\n\n\n\n<p>Los habitantes de la localidad de C\u00e1rcamo est\u00e1n contentos y con un pie de cueca celebraron la instalaci\u00f3n de nuevas luminarias para su sede social. La ceremonia que se realiz\u00f3 en dicha dependencia, cont\u00f3 con la visita de la m\u00e1xima autoridad comunal, Cristian Herrera Pe\u00f1a, junto con una delegaci\u00f3n municipal hace algunos d\u00edas.<\/p>\n\n\n\n<p>Son cerca de 40 kil\u00f3metros separan esta localidad de la ciudad de Monte Patria. Y es que, para llegar a destino, las personas deben atravesar los cerros, cruzar quebradas y campos. Solo as\u00ed se puede llegar a C\u00e1rcamo, la \u00faltima localidad de la comuna que, en un principio, perteneci\u00f3 a la administraci\u00f3n pol\u00edtico-territorial de Combarbal\u00e1 para luego pasar a la divisi\u00f3n territorial de Monte Patria.<\/p>\n\n\n\n<p>Es por ello que, este peque\u00f1o proyecto significa para ellos un avance sustancial en su calidad de vida. <strong>\u201cEstoy muy contenta de ver a la primera autoridad de la comuna, porque es un bonito proyecto que se hizo ac\u00e1 en nuestra sede, porque hac\u00eda mucha falta cuando nosotros realizamos nuestras actividades y reuniones. Igual llevamos en la mochila la esperanza de tener electricidad de forma permanente. Estamos ac\u00e1 conversando con el alcalde y me parece s\u00faper bien, porque <\/strong><strong>\u00e9l es una persona que escucha y responde, al menos, y nos da una buena esperanza y que nos siga apoyando\u201d, indic\u00f3,<\/strong><\/p>\n\n\n\n<p>Aunque esta localidad espera por otras mejoras en cu\u00e1nto a esta materia, destacan el valor de los compromisos cumplidos. Para la expresidenta de la JJ.VV. de la localidad, este proyecto sali\u00f3 a flote gracias a la gesti\u00f3n municipal y a su comunidad. <strong>\u201cQue nos hayan entregado este avance para nosotros es s\u00faper significativo, porque era un proyecto que ven\u00eda desde hace rato. Este compromiso lo realiz\u00f3 el alcalde, Cristian Herrera, cuando estaba como directiva y el que se haya hecho realidad es un avance super importante, porque C\u00e1rcamo no tiene energ\u00eda el<\/strong><strong>\u00e9ctrica, donde estamos a la espera del gran proyecto bicomunal, pero es una espera donde tambi\u00e9n hay ilusiones\u201d<\/strong><\/p>\n\n\n\n<p>Para Sergio Fuentes, la forma en c\u00f3mo avanza gradualmente su localidad, es algo que resulta muy beneficioso para la comunidad, sobretodo, con esta instalaci\u00f3n de paneles fotovoltaicos en la sede vecinal. <strong>\u201cNos parece muy bien, porque es un beneficio para todos en donde ninguno va a pagar un peso. A veces, cuando hab\u00eda reuniones, y se hac\u00eda de noche, qued\u00e1bamos a oscuras y ahora con las luces instaladas uno puede pasar m\u00e1s tiempo en reuniones, igual afuera hay un foco que alumbra todo. Es muy bueno que haya venido el alcalde\u201d.<\/strong><\/p>\n\n\n\n<p>La idea de usar unos paneles que hab\u00edan quedado de otro proyecto, tal como lo comenta el alcalde Cristian Herrera Pe\u00f1a, naci\u00f3 de un compromiso que se realiz\u00f3 con las directivas salientes y entrantes, respectivamente. La iniciativa fue cuajando con el tiempo y finalmente se dio luz verde para comenzar con el alumbrado de la sede social que tuvo un costo de m\u00e1s de $3 millones. <strong>\u201cHoy con paneles fotovoltaicos y bater\u00edas, la sede qued\u00f3 completamente iluminada. Estamos contentos, primero, de cumplir con este compromiso y segundo, de poder dar fe que llegaremos a cada localidad de nuestra comuna con alguna obra y adelantos que les permita aumentar su calidad de vida. Aqu\u00ed no hab\u00eda luz en esta sede y ahora este adelanto les permite reunirse y generar nuevos sue\u00f1os para la localidad de C\u00e1rcamo\u201d, <\/strong>se\u00f1al\u00f3 el edil de Monte Patria.<\/p>\n\n\n\n<p>Este peque\u00f1o avance es solo la antesala a la espera del proyecto de cableado el\u00e9ctrico comunitario donde las municipalidades de Monte Patria y Combarbal\u00e1 est\u00e1n en conversaciones para agilizar sus avances y que de una vez por todas la electricidad llegue a sus hogares, aumentando la calidad de vida de sus habitantes.<\/p>\n","protected":false},"excerpt":{"rendered":"<p>Un significativo en la localidad de C\u00e1rcamo se vivi\u00f3 la semana pasada cuando se instalaron los paneles solares fotovoltaicos para la sede de la junta de vecinos. Los habitantes de la localidad de C\u00e1rcamo est\u00e1n contentos y con un pie de cueca celebraron la instalaci\u00f3n de nuevas luminarias para su sede social. La ceremonia que &#8230;<\/p>\n","protected":false},"author":2,"featured_media":8819,"comment_status":"open","ping_status":"open","sticky":false,"template":"","format":"standard","meta":{"footnotes":""},"categories":[5],"tags":[],"class_list":["post-8818","post","type-post","status-publish","format-standard","has-post-thumbnail","hentry","category-actualidad-limarina"],"_links":{"self":[{"href":"https:\/\/www.radiolimari.cl\/index.php?rest_route=\/wp\/v2\/posts\/8818","targetHints":{"allow":["GET"]}}],"collection":[{"href":"https:\/\/www.radiolimari.cl\/index.php?rest_route=\/wp\/v2\/posts"}],"about":[{"href":"https:\/\/www.radiolimari.cl\/index.php?rest_route=\/wp\/v2\/types\/post"}],"author":[{"embeddable":true,"href":"https:\/\/www.radiolimari.cl\/index.php?rest_route=\/wp\/v2\/users\/2"}],"replies":[{"embeddable":true,"href":"https:\/\/www.radiolimari.cl\/index.php?rest_route=%2Fwp%2Fv2%2Fcomments&post=8818"}],"version-history":[{"count":1,"href":"https:\/\/www.radiolimari.cl\/index.php?rest_route=\/wp\/v2\/posts\/8818\/revisions"}],"predecessor-version":[{"id":8820,"href":"https:\/\/www.radiolimari.cl\/index.php?rest_route=\/wp\/v2\/posts\/8818\/revisions\/8820"}],"wp:featuredmedia":[{"embeddable":true,"href":"https:\/\/www.radiolimari.cl\/index.php?rest_route=\/wp\/v2\/media\/8819"}],"wp:attachment":[{"href":"https:\/\/www.radiolimari.cl\/index.php?rest_route=%2Fwp%2Fv2%2Fmedia&parent=8818"}],"wp:term":[{"taxonomy":"category","embeddable":true,"href":"https:\/\/www.radiolimari.cl\/index.php?rest_route=%2Fwp%2Fv2%2Fcategories&post=8818"},{"taxonomy":"post_tag","embeddable":true,"href":"https:\/\/www.radiolimari.cl\/index.php?rest_route=%2Fwp%2Fv2%2Ftags&post=8818"}],"curies":[{"name":"wp","href":"https:\/\/api.w.org\/{rel}","templated":true}]}}