{"id":8808,"date":"2023-04-06T16:37:47","date_gmt":"2023-04-06T16:37:47","guid":{"rendered":"https:\/\/www.radiolimari.cl\/?p=8808"},"modified":"2023-04-06T16:37:48","modified_gmt":"2023-04-06T16:37:48","slug":"en-la-catedral-de-la-serena-fieles-de-la-arquidiocesis-participan-en-multitudinaria-misa-crismal","status":"publish","type":"post","link":"https:\/\/www.radiolimari.cl\/?p=8808","title":{"rendered":"En la Catedral de La Serena fieles de la Arquidi\u00f3cesis participan en multitudinaria Misa Crismal"},"content":{"rendered":"\n<p><\/p>\n\n\n\n<figure class=\"wp-block-image size-large is-resized\"><a href=\"https:\/\/www.radiolimari.cl\/wp-content\/uploads\/2023\/04\/DSC01700.jpg\"><img fetchpriority=\"high\" decoding=\"async\" src=\"https:\/\/www.radiolimari.cl\/wp-content\/uploads\/2023\/04\/DSC01700-1024x683.jpg\" alt=\"\" class=\"wp-image-8809\" width=\"396\" height=\"264\" srcset=\"https:\/\/www.radiolimari.cl\/wp-content\/uploads\/2023\/04\/DSC01700-1024x683.jpg 1024w, https:\/\/www.radiolimari.cl\/wp-content\/uploads\/2023\/04\/DSC01700-300x200.jpg 300w, https:\/\/www.radiolimari.cl\/wp-content\/uploads\/2023\/04\/DSC01700-768x512.jpg 768w, https:\/\/www.radiolimari.cl\/wp-content\/uploads\/2023\/04\/DSC01700.jpg 1200w\" sizes=\"(max-width: 396px) 100vw, 396px\" \/><\/a><\/figure>\n\n\n\n<p><strong>Por primera vez desde el inicio de la pandemia, la celebraci\u00f3n en que se consagra el Crisma y se bendicen los santos \u00d3leos, se vivi\u00f3 sin limitaci\u00f3n de aforo.<\/strong> <\/p>\n\n\n\n<p>Con la <strong>capacidad del templo Catedral colmada de fieles<\/strong> \u2013lo que no ocurr\u00eda desde el 2019- se vivi\u00f3 durante la tarde de este Mi\u00e9rcoles Santo la tradicional Misa Crismal, a la que acudieron representantes de los agentes pastorales que sirven en las 34 parroquias de la Arquidi\u00f3cesis, junto a religiosas, religiosos, di\u00e1conos permanentes, sacerdotes y presidida por el Arzobispo Ren\u00e9 Rebolledo Salinas.<\/p>\n\n\n\n<p><strong>Reflexi\u00f3n del Pastor<\/strong><\/p>\n\n\n\n<p>En la pr\u00e9dica que Mons. Rebolledo dirigi\u00f3 a quienes participaron de esta celebraci\u00f3n eucar\u00edstica -en la que se consagrar\u00eda el Santo Crisma- destac\u00f3 lo impresionante que resulta la unci\u00f3n cuando es recibida por los reci\u00e9n bautizados, resaltando adem\u00e1s las palabras del Prefacio que se mencionar\u00edan m\u00e1s tarde: <em>enriquece con el sacerdocio real al pueblo de los bautizados<\/em>, destacando que \u201cbella esta representaci\u00f3n, presente aqu\u00ed en el templo Catedral de fieles de toda la Arquidi\u00f3cesis, miembros de las diversas vocaciones en el pueblo santo de Dios. <strong>Es la comunidad de los bautizados <em>enriquecida con el sacerdocio real<\/em><\/strong>\u201d.<\/p>\n\n\n\n<p>Adem\u00e1s, salud\u00f3 al clero -que luego de su mensaje renovar\u00edan las promesas que hicieran en el d\u00eda de su ordenaci\u00f3n sacerdotal- \u201clos felicitamos, les agradecemos por su presencia, su entrega generosa y servicio incansable al pueblo santo de Dios. La oraci\u00f3n frecuente por ellos, el reconocimiento y las numerosas muestras de cercan\u00eda y corresponsabilidad en la misi\u00f3n son, sin duda, <strong>un gran aliento para ellos en los desaf\u00edos que deben afrontar cada d\u00eda en sus parroquias y comunidades<\/strong>\u201d.<\/p>\n\n\n\n<p>Finalmente, los convoc\u00f3 a tener presente dos actitudes en el desempe\u00f1o de su vocaci\u00f3n: \u201cPor una parte <strong>gratitud enorme al Se\u00f1or ante el misterio de la elecci\u00f3n y el env\u00edo<\/strong>. Nadie de nosotros es digno e id\u00f3neo para tan gran elecci\u00f3n (&#8230;) Por la otra, <strong>experimentar frecuentemente la propia indignidad<\/strong> debido a nuestros pecados, peque\u00f1eces, ingratitudes, olvidos\u2026 procurar, por tanto, reproponerse en este d\u00eda y los d\u00edas de la vida ser sacerdotes sencillos y humildes, buscando actuar con semejante misericordia a la de Cristo\u201d.<\/p>\n\n\n\n<p><strong>Bendici\u00f3n de los \u00d3leos<\/strong><\/p>\n\n\n\n<p>En la celebraci\u00f3n, igualmente, <strong>se bendijo el \u00d3leo de los Enfermos<\/strong>, utilizado en el sacramento de la Unci\u00f3n para personas afectadas en su salud, quienes reciben compa\u00f1\u00eda espiritual de diversas agrupaciones voluntarias, como es el caso de Rosa Rojas, perteneciente a la agrupaci\u00f3n Samaritanas de Mar\u00eda y Jos\u00e9, quienes realizan visitas y acompa\u00f1amiento espiritual en el Hospital \u201cSan Pablo\u201d de Coquimbo, quien al finalizar la celebraci\u00f3n coment\u00f3 que esta compa\u00f1\u00eda para los pacientes \u201ces de mucha ayuda, porque esperan escuchar la Palabra del Se\u00f1or y recibir sus sacramentos. Lamentablemente, desde el inicio de la pandemia no hemos podido realizar nuestro servicio, pero esperamos con ansias que pronto podamos volver a llevarles el <em>alimento espiritual<\/em> que tanto necesitan\u201d.<\/p>\n\n\n\n<p>Asimismo, <strong>se present\u00f3 ante el Altar para recibir la bendici\u00f3n, el \u00d3leo de los Catec\u00famenos<\/strong>, portado por integrantes del Movimiento Cursillos de Cristiandad. \u201cPara m\u00ed fue un honor, el Se\u00f1or nos ha bendecido con esta misi\u00f3n. Es un signo muy hermoso, ya que al interior de nuestro movimiento se nos invita a <em>evangelizar los ambientes<\/em> y siento que lo de hoy es una forma de hacerlo\u201d, destac\u00f3 la cursillista Marta S\u00e1nchez, quien en la ocasi\u00f3n represent\u00f3 al mundo laical.<\/p>\n\n\n\n<p><strong>D\u00eda del Sacerdocio Ministerial<\/strong><\/p>\n\n\n\n<p>Como es costumbre en la Arquidi\u00f3cesis de La Serena, en este d\u00eda tambi\u00e9n <strong>se celebra de forma anticipada el D\u00eda del Sacerdocio Ministerial<\/strong>, motivo por el cual los presb\u00edteros que sirven pastoralmente en las comunidades eclesiales de las provincias Elqui y Limar\u00ed, se reunieron durante la jornada matutina en la Casa \u201cEl Tr\u00e1nsito\u201d, para vivir el Retiro Espiritual de Mi\u00e9rcoles Santo.<\/p>\n\n\n\n<p>\u201cEn este d\u00eda se nos permite reflexionar sobre la vocaci\u00f3n que hemos recibido del Se\u00f1or -que representa un aspecto muy importante en nuestra vida ministerial- invit\u00e1ndonos a meditar y pedir <em>luces<\/em> para seguir sirviendo al Pueblo de Dios. Por lo tanto, <strong>es un d\u00eda de mucha felicidad<\/strong>, porque lo iniciamos compartiendo con nuestros hermanos sacerdotes en esta reflexi\u00f3n y finaliza con la alegr\u00eda de compartir con quienes integran nuestra Iglesia: los fieles y agentes pastorales que se congregan en la Misa Crismal\u201d, destac\u00f3 el P. H\u00e9ctor Zambra, Vicario For\u00e1neo del Elqui.<\/p>\n\n\n\n<p>A cargo de la reflexi\u00f3n durante la jornada estuvo el P. Gerardo Soto, quien propuso <strong>meditar en torno a la misericordia<\/strong> \u201cpara profundizar lo que el Papa Francisco ha solicitado a los sacerdotes. Insistentemente nos ha hablado de este tema, junto con trabajar la paciencia, por este motivo el objetivo fue reflexionar de qu\u00e9 forma se viven estos aspectos en el ejercicio de nuestro ministerio sacerdotal\u201d.<\/p>\n","protected":false},"excerpt":{"rendered":"<p>Por primera vez desde el inicio de la pandemia, la celebraci\u00f3n en que se consagra el Crisma y se bendicen los santos \u00d3leos, se vivi\u00f3 sin limitaci\u00f3n de aforo. Con la capacidad del templo Catedral colmada de fieles \u2013lo que no ocurr\u00eda desde el 2019- se vivi\u00f3 durante la tarde de este Mi\u00e9rcoles Santo la &#8230;<\/p>\n","protected":false},"author":2,"featured_media":8809,"comment_status":"open","ping_status":"open","sticky":false,"template":"","format":"standard","meta":{"footnotes":""},"categories":[3],"tags":[],"class_list":["post-8808","post","type-post","status-publish","format-standard","has-post-thumbnail","hentry","category-actualidad"],"_links":{"self":[{"href":"https:\/\/www.radiolimari.cl\/index.php?rest_route=\/wp\/v2\/posts\/8808","targetHints":{"allow":["GET"]}}],"collection":[{"href":"https:\/\/www.radiolimari.cl\/index.php?rest_route=\/wp\/v2\/posts"}],"about":[{"href":"https:\/\/www.radiolimari.cl\/index.php?rest_route=\/wp\/v2\/types\/post"}],"author":[{"embeddable":true,"href":"https:\/\/www.radiolimari.cl\/index.php?rest_route=\/wp\/v2\/users\/2"}],"replies":[{"embeddable":true,"href":"https:\/\/www.radiolimari.cl\/index.php?rest_route=%2Fwp%2Fv2%2Fcomments&post=8808"}],"version-history":[{"count":1,"href":"https:\/\/www.radiolimari.cl\/index.php?rest_route=\/wp\/v2\/posts\/8808\/revisions"}],"predecessor-version":[{"id":8810,"href":"https:\/\/www.radiolimari.cl\/index.php?rest_route=\/wp\/v2\/posts\/8808\/revisions\/8810"}],"wp:featuredmedia":[{"embeddable":true,"href":"https:\/\/www.radiolimari.cl\/index.php?rest_route=\/wp\/v2\/media\/8809"}],"wp:attachment":[{"href":"https:\/\/www.radiolimari.cl\/index.php?rest_route=%2Fwp%2Fv2%2Fmedia&parent=8808"}],"wp:term":[{"taxonomy":"category","embeddable":true,"href":"https:\/\/www.radiolimari.cl\/index.php?rest_route=%2Fwp%2Fv2%2Fcategories&post=8808"},{"taxonomy":"post_tag","embeddable":true,"href":"https:\/\/www.radiolimari.cl\/index.php?rest_route=%2Fwp%2Fv2%2Ftags&post=8808"}],"curies":[{"name":"wp","href":"https:\/\/api.w.org\/{rel}","templated":true}]}}