{"id":8793,"date":"2023-04-05T17:44:04","date_gmt":"2023-04-05T17:44:04","guid":{"rendered":"https:\/\/www.radiolimari.cl\/?p=8793"},"modified":"2023-04-05T17:44:05","modified_gmt":"2023-04-05T17:44:05","slug":"gobernadora-regional-de-coquimbo-krist-naranjo-el-presidente-boric-no-solo-me-falto-el-respeto-a-mi-sino-que-tambien-a-la-region-y-a-la-democracia","status":"publish","type":"post","link":"https:\/\/www.radiolimari.cl\/?p=8793","title":{"rendered":"Gobernadora regional de Coquimbo Krist Naranjo: \u00abEl Presidente Boric no s\u00f3lo me falt\u00f3 el respeto a m\u00ed, sino que tambi\u00e9n a la regi\u00f3n y a la democracia\u201d"},"content":{"rendered":"\n<figure class=\"wp-block-image size-full\"><a href=\"https:\/\/www.radiolimari.cl\/wp-content\/uploads\/2023\/04\/1-2.jpg\"><img fetchpriority=\"high\" decoding=\"async\" width=\"1024\" height=\"565\" src=\"https:\/\/www.radiolimari.cl\/wp-content\/uploads\/2023\/04\/1-2.jpg\" alt=\"\" class=\"wp-image-8794\" srcset=\"https:\/\/www.radiolimari.cl\/wp-content\/uploads\/2023\/04\/1-2.jpg 1024w, https:\/\/www.radiolimari.cl\/wp-content\/uploads\/2023\/04\/1-2-300x166.jpg 300w, https:\/\/www.radiolimari.cl\/wp-content\/uploads\/2023\/04\/1-2-768x424.jpg 768w\" sizes=\"(max-width: 1024px) 100vw, 1024px\" \/><\/a><\/figure>\n\n\n\n<p>Un ins\u00f3lito y lamentable episodio vivi\u00f3 en el Palacio de La Moneda la Gobernadora Regional de Coquimbo, Krist Naranjo, luego que el Presidente de la Rep\u00fablica, Gabriel Boric, se negara a tomarse una foto con ella y la dejara hablando sola.<\/p>\n\n\n\n<p>As\u00ed lo relato la primera autoridad regional, quien se mostr\u00f3 primero sorprendida y, luego, indignada por lo que considera un \u201cagravio\u201d, \u201cfalta de respeto\u201d y un \u201cgesto antidemocr\u00e1tico y antirepublicano\u201d<\/p>\n\n\n\n<p>Los hechos se generaron durante el t\u00e9rmino de la ceremonia del acuerdo por el Compromiso Transversal por la Seguridad que se realiz\u00f3 al interior del Palacio de La Moneda, a la cual la m\u00e1xima autoridad de la Regi\u00f3n de Coquimbo fue invitada por la propia Presidencia.<\/p>\n\n\n\n<p>La actividad fue encabezada por Gabriel Boric y la Ministra del Interior, Carolina Toh\u00e1. Estaban de invitados para firmar el acuerdo los Gobernadores (as) de todo el pa\u00eds, alcaldes y tambi\u00e9n los m\u00e1ximos representantes de las polic\u00edas.<\/p>\n\n\n\n<p>Concluida la ceremonia, el mandatario se dio el momento para dialogar y tomarse fotograf\u00edas con diversas autoridades regionales y nacionales que estaban all\u00ed. En un momento, el Presidente lleg\u00f3 cerca de la Gobernadora Regional, Krist Naranjo y \u00e9sta le solicit\u00f3 una fotograf\u00eda protocolar a lo que el mandatario se neg\u00f3 de forma en\u00e9rgica se\u00f1alando que \u201cno est\u00e1n las condiciones para tomarme una fotograf\u00eda con usted\u201d para luego irse, dejando a la Gobernadora hablando sola tras hacerle quite con el brazo.<\/p>\n\n\n\n<p>As\u00ed lo relat\u00f3 Naranjo. \u201cFue un momento de agravio por parte del Presidente de la Rep\u00fablica quien dice desarrollar un Gobierno Feminista y democr\u00e1tico. Ac\u00e1 el tema no es la foto. Es el fondo y la forma. \u00c9l me habl\u00f3 de manera altanera, prepotente y no me dio tiempo para responderle. El Presidente Gabriel Boric no solo falt\u00f3 el respeto a m\u00ed como mujer y como autoridad tan electa como \u00e9l, sino que a los cerca de 800 mil habitantes que represento. Las diferencias pueden y van a estar siempre en la pol\u00edtica, se\u00f1alar que las autoridades debemos estar abiertas al di\u00e1logo, sobre todo la m\u00e1xima autoridad nacional y es una mala se\u00f1al que no lo haga. Yo al Presidente Boric le pido respeto, sobre todo cuando habla de democracia y gobierno feminista, esto no puede volver a pasar\u201d<\/p>\n\n\n\n<p>La Gobernadora calific\u00f3 esta situaci\u00f3n como \u201cun hecho grave\u201d. \u201cMolesta bastante sobre todo cuando vemos al Presidente sacarse fotos con adversarios pol\u00edticos y que a m\u00ed que me haya denigrado de esta forma no corresponde. Por otro lado, \u00e9l no tiene moral para atreverse a cuestionar mi gesti\u00f3n, porque deber\u00eda preocuparse de su trabajo que lo tiene con un alto porcentaje de rechazo. Por otro lado, lamento que no haya a lo menos un gesto de deferencia luego que yo como gobernadora me expuse p\u00fablicamente en apoyarlo cuando fue candidato e inici\u00f3 su periodo como Presidente\u201d<\/p>\n\n\n\n<p>Finalmente, Naranjo se\u00f1al\u00f3 que se est\u00e1 evaluando la relaci\u00f3n y di\u00e1logo con el gobierno central. Hasta el momento,&nbsp; Naranjo ni su jefe de Gabinete, Leonardo Past\u00e9n, hab\u00edan recibido comunicaci\u00f3n desde Carlos Dur\u00e1n ni de Ricardo Montero, ambos Gabinetes de la Presidencia y de Interior, pese a que se les comunic\u00f3 lo ocurrido.<\/p>\n","protected":false},"excerpt":{"rendered":"<p>Un ins\u00f3lito y lamentable episodio vivi\u00f3 en el Palacio de La Moneda la Gobernadora Regional de Coquimbo, Krist Naranjo, luego que el Presidente de la Rep\u00fablica, Gabriel Boric, se negara a tomarse una foto con ella y la dejara hablando sola. As\u00ed lo relato la primera autoridad regional, quien se mostr\u00f3 primero sorprendida y, luego, &#8230;<\/p>\n","protected":false},"author":2,"featured_media":8794,"comment_status":"open","ping_status":"open","sticky":false,"template":"","format":"standard","meta":{"footnotes":""},"categories":[3],"tags":[],"class_list":["post-8793","post","type-post","status-publish","format-standard","has-post-thumbnail","hentry","category-actualidad"],"_links":{"self":[{"href":"https:\/\/www.radiolimari.cl\/index.php?rest_route=\/wp\/v2\/posts\/8793","targetHints":{"allow":["GET"]}}],"collection":[{"href":"https:\/\/www.radiolimari.cl\/index.php?rest_route=\/wp\/v2\/posts"}],"about":[{"href":"https:\/\/www.radiolimari.cl\/index.php?rest_route=\/wp\/v2\/types\/post"}],"author":[{"embeddable":true,"href":"https:\/\/www.radiolimari.cl\/index.php?rest_route=\/wp\/v2\/users\/2"}],"replies":[{"embeddable":true,"href":"https:\/\/www.radiolimari.cl\/index.php?rest_route=%2Fwp%2Fv2%2Fcomments&post=8793"}],"version-history":[{"count":1,"href":"https:\/\/www.radiolimari.cl\/index.php?rest_route=\/wp\/v2\/posts\/8793\/revisions"}],"predecessor-version":[{"id":8795,"href":"https:\/\/www.radiolimari.cl\/index.php?rest_route=\/wp\/v2\/posts\/8793\/revisions\/8795"}],"wp:featuredmedia":[{"embeddable":true,"href":"https:\/\/www.radiolimari.cl\/index.php?rest_route=\/wp\/v2\/media\/8794"}],"wp:attachment":[{"href":"https:\/\/www.radiolimari.cl\/index.php?rest_route=%2Fwp%2Fv2%2Fmedia&parent=8793"}],"wp:term":[{"taxonomy":"category","embeddable":true,"href":"https:\/\/www.radiolimari.cl\/index.php?rest_route=%2Fwp%2Fv2%2Fcategories&post=8793"},{"taxonomy":"post_tag","embeddable":true,"href":"https:\/\/www.radiolimari.cl\/index.php?rest_route=%2Fwp%2Fv2%2Ftags&post=8793"}],"curies":[{"name":"wp","href":"https:\/\/api.w.org\/{rel}","templated":true}]}}