{"id":8790,"date":"2023-04-05T17:19:54","date_gmt":"2023-04-05T17:19:54","guid":{"rendered":"https:\/\/www.radiolimari.cl\/?p=8790"},"modified":"2023-04-05T17:19:58","modified_gmt":"2023-04-05T17:19:58","slug":"para-estos-dias-aguas-del-valle-implementa-plan-preventivo-ante-la-llegada-de-turistas-por-semana-santa","status":"publish","type":"post","link":"https:\/\/www.radiolimari.cl\/?p=8790","title":{"rendered":"Para estos dias Aguas del Valle implementa plan preventivo ante la llegada de turistas por Semana Santa"},"content":{"rendered":"\n<figure class=\"wp-block-image size-large\"><a href=\"https:\/\/www.radiolimari.cl\/wp-content\/uploads\/2023\/04\/Planta-Las-Rojas-4.jpeg\"><img fetchpriority=\"high\" decoding=\"async\" width=\"1024\" height=\"768\" src=\"https:\/\/www.radiolimari.cl\/wp-content\/uploads\/2023\/04\/Planta-Las-Rojas-4-1024x768.jpeg\" alt=\"\" class=\"wp-image-8791\" srcset=\"https:\/\/www.radiolimari.cl\/wp-content\/uploads\/2023\/04\/Planta-Las-Rojas-4-1024x768.jpeg 1024w, https:\/\/www.radiolimari.cl\/wp-content\/uploads\/2023\/04\/Planta-Las-Rojas-4-300x225.jpeg 300w, https:\/\/www.radiolimari.cl\/wp-content\/uploads\/2023\/04\/Planta-Las-Rojas-4-768x576.jpeg 768w, https:\/\/www.radiolimari.cl\/wp-content\/uploads\/2023\/04\/Planta-Las-Rojas-4-1536x1152.jpeg 1536w, https:\/\/www.radiolimari.cl\/wp-content\/uploads\/2023\/04\/Planta-Las-Rojas-4.jpeg 1600w\" sizes=\"(max-width: 1024px) 100vw, 1024px\" \/><\/a><\/figure>\n\n\n\n<p><strong>La sanitaria reforzar\u00e1 los turnos y mantenimientos preventivos, adem\u00e1s de robustecer el monitoreo en tiempo real los distintos niveles, caudales y presiones a lo largo de toda la Regi\u00f3n de Coquimbo. <\/strong><\/p>\n\n\n\n<p>Ante la llegada de turistas hasta la Regi\u00f3n de Coquimbo durante el fin de semana largo de Semana Santa, Aguas del Valle reforzar\u00e1 sus servicios para responder al aumento del consumo de agua potable y uso del sistema de alcantarillado.<\/p>\n\n\n\n<p>\u201cHemos desplegado un plan preventivo para garantizar el buen funcionamiento del sistema de producci\u00f3n y distribuci\u00f3n de agua potable, reforzando los turnos y mantenimientos preventivos a los equipos electr\u00f3genos, para garantizar una operaci\u00f3n eficiente de toda la red\u201d, asegur\u00f3 el gerente regional, Andr\u00e9s Nazer.<\/p>\n\n\n\n<p>\u201cTambi\u00e9n robusteceremos nuestro Centro de Inteligencia Operacional, habilitado para monitorear en tiempo real y a distancia los distintos niveles, caudales y presiones a lo largo de toda la regi\u00f3n, lo que nos permite adoptar medidas inmediatas en el caso de registrarse alg\u00fan inconveniente\u201d, se\u00f1al\u00f3.<\/p>\n\n\n\n<p>El ejecutivo record\u00f3 que tan importante como estas acciones, es la colaboraci\u00f3n de la comunidad, tanto en el uso racional de este vital recurso, como en el buen uso del alcantarillado. \u201cEl sistema de recolecci\u00f3n de aguas servidas tiene como funci\u00f3n conducir las aguas servidas dom\u00e9sticas y cuando hay incorporaci\u00f3n de basura, grasas, aceites y otros elementos, se pueden provocar obstrucciones en el sistema, poniendo en riesgo la buena operaci\u00f3n de \u00e9ste, con rebalses en la v\u00eda p\u00fablica y los domicilios\u201d, agreg\u00f3 Nazer.<\/p>\n\n\n\n<p>Ante cualquier emergencia o inquietud, los clientes de Aguas del Valle pueden llamar directamente al fono servicio 600 400 4444, WhatsApp +56999000325 o escribir en la cuenta de Twitter @aguasdelvalle.<\/p>\n","protected":false},"excerpt":{"rendered":"<p>La sanitaria reforzar\u00e1 los turnos y mantenimientos preventivos, adem\u00e1s de robustecer el monitoreo en tiempo real los distintos niveles, caudales y presiones a lo largo de toda la Regi\u00f3n de Coquimbo. Ante la llegada de turistas hasta la Regi\u00f3n de Coquimbo durante el fin de semana largo de Semana Santa, Aguas del Valle reforzar\u00e1 sus &#8230;<\/p>\n","protected":false},"author":2,"featured_media":8791,"comment_status":"open","ping_status":"open","sticky":false,"template":"","format":"standard","meta":{"footnotes":""},"categories":[6],"tags":[],"class_list":["post-8790","post","type-post","status-publish","format-standard","has-post-thumbnail","hentry","category-regionales"],"_links":{"self":[{"href":"https:\/\/www.radiolimari.cl\/index.php?rest_route=\/wp\/v2\/posts\/8790","targetHints":{"allow":["GET"]}}],"collection":[{"href":"https:\/\/www.radiolimari.cl\/index.php?rest_route=\/wp\/v2\/posts"}],"about":[{"href":"https:\/\/www.radiolimari.cl\/index.php?rest_route=\/wp\/v2\/types\/post"}],"author":[{"embeddable":true,"href":"https:\/\/www.radiolimari.cl\/index.php?rest_route=\/wp\/v2\/users\/2"}],"replies":[{"embeddable":true,"href":"https:\/\/www.radiolimari.cl\/index.php?rest_route=%2Fwp%2Fv2%2Fcomments&post=8790"}],"version-history":[{"count":1,"href":"https:\/\/www.radiolimari.cl\/index.php?rest_route=\/wp\/v2\/posts\/8790\/revisions"}],"predecessor-version":[{"id":8792,"href":"https:\/\/www.radiolimari.cl\/index.php?rest_route=\/wp\/v2\/posts\/8790\/revisions\/8792"}],"wp:featuredmedia":[{"embeddable":true,"href":"https:\/\/www.radiolimari.cl\/index.php?rest_route=\/wp\/v2\/media\/8791"}],"wp:attachment":[{"href":"https:\/\/www.radiolimari.cl\/index.php?rest_route=%2Fwp%2Fv2%2Fmedia&parent=8790"}],"wp:term":[{"taxonomy":"category","embeddable":true,"href":"https:\/\/www.radiolimari.cl\/index.php?rest_route=%2Fwp%2Fv2%2Fcategories&post=8790"},{"taxonomy":"post_tag","embeddable":true,"href":"https:\/\/www.radiolimari.cl\/index.php?rest_route=%2Fwp%2Fv2%2Ftags&post=8790"}],"curies":[{"name":"wp","href":"https:\/\/api.w.org\/{rel}","templated":true}]}}