{"id":8787,"date":"2023-04-05T01:11:46","date_gmt":"2023-04-05T01:11:46","guid":{"rendered":"https:\/\/www.radiolimari.cl\/?p=8787"},"modified":"2023-04-05T01:11:47","modified_gmt":"2023-04-05T01:11:47","slug":"a-nivel-nacional-junaeb-comienza-el-proceso-de-revalidacion-de-la-tarjeta-nacional","status":"publish","type":"post","link":"https:\/\/www.radiolimari.cl\/?p=8787","title":{"rendered":"A nivel nacional: Junaeb comienza el proceso de revalidaci\u00f3n de la Tarjeta Nacional"},"content":{"rendered":"\n<figure class=\"wp-block-image size-large\"><a href=\"https:\/\/www.radiolimari.cl\/wp-content\/uploads\/2023\/04\/DSC_4533-1-scaled.jpg\"><img fetchpriority=\"high\" decoding=\"async\" width=\"1024\" height=\"657\" src=\"https:\/\/www.radiolimari.cl\/wp-content\/uploads\/2023\/04\/DSC_4533-1-1024x657.jpg\" alt=\"\" class=\"wp-image-8788\" srcset=\"https:\/\/www.radiolimari.cl\/wp-content\/uploads\/2023\/04\/DSC_4533-1-1024x657.jpg 1024w, https:\/\/www.radiolimari.cl\/wp-content\/uploads\/2023\/04\/DSC_4533-1-300x192.jpg 300w, https:\/\/www.radiolimari.cl\/wp-content\/uploads\/2023\/04\/DSC_4533-1-768x492.jpg 768w, https:\/\/www.radiolimari.cl\/wp-content\/uploads\/2023\/04\/DSC_4533-1-1536x985.jpg 1536w, https:\/\/www.radiolimari.cl\/wp-content\/uploads\/2023\/04\/DSC_4533-1-2048x1313.jpg 2048w\" sizes=\"(max-width: 1024px) 100vw, 1024px\" \/><\/a><\/figure>\n\n\n\n<p>De no hacerse el tr\u00e1mite, hasta el 31 de mayo, la TNE perder\u00e1 su vigencia y comenzar\u00e1 el cobro de pasaje adulto. <\/p>\n\n\n\n<p>Comenz\u00f3 el proceso de revalidaci\u00f3n, tanto pegado de sello como tecnol\u00f3gica, para estudiantes desde 6to b\u00e1sico a educaci\u00f3n superior que posean la Tarjeta Nacional Estudiantil (TNE), permiti\u00e9ndoles continuar con las tarifas rebajadas- o gratuitas en algunas localidades- en el transporte p\u00fablico de todo el pa\u00eds de enero a diciembre y, en todo horario.<\/p>\n\n\n\n<p>Desde Junaeb aclararon que el proceso es continuo, y que hay tiempo para realizarlo, puesto que la TNE 2022 tendr\u00e1 una duraci\u00f3n hasta el 31 de mayo, pasada esa fecha se aplicar\u00e1 el cobro de tarifa normal. Tambi\u00e9n revelaron algunas novedades como, por ejemplo, que <strong>el sello de este 2023 ser\u00e1 turquesa<\/strong>, color elegido en redes sociales a trav\u00e9s de la votaci\u00f3n realizada por estudiantes de todo el pa\u00eds.&nbsp;<\/p>\n\n\n\n<p>Asimismo, con el objetivo de facilitar el proceso de revalidaci\u00f3n 2023<strong>, la instituci\u00f3n p\u00fablica habilit\u00f3 m\u00f3dulos en todas las regiones del pa\u00eds, cuyas direcciones exactas est\u00e1n en www.tne.c<\/strong>l. Aunque explicaron desde Junaeb, que antes de acercarse a cualquiera de los puntos disponibles, las y los estudiantes de educaci\u00f3n superior \u2014 a excepci\u00f3n de las\/os escolares de b\u00e1sica y media \u2014 deber\u00e1n asegurarse con 72 horas de anticipaci\u00f3n de haber pagado los 1.100 del tr\u00e1mite, y que, por tanto, est\u00e9n correctamente inscritos en sus casas de estudio para realizar el proceso.&nbsp;<\/p>\n\n\n\n<p><strong>\u00bfQu\u00e9 estudiantes deben realizar el tr\u00e1mite?&nbsp;<\/strong><\/p>\n\n\n\n<p>Los y las estudiantes de educaci\u00f3n b\u00e1sica y media:<\/p>\n\n\n\n<ul class=\"wp-block-list\">\n<li>Estudiantes de establecimientos municipales y particulares subvencionados.<\/li>\n\n\n\n<li>Estudiantes de colegios particulares, que cumplan con el desmedro socioecon\u00f3mico, para que el colegio los inscriba en la Junaeb.<\/li>\n<\/ul>\n\n\n\n<p>Y, estudiantes de educaci\u00f3n superior:<\/p>\n\n\n\n<ul class=\"wp-block-list\">\n<li>Estudiantes regulares que cursen carreras de pregrado en una instituci\u00f3n reconocida por el Ministerio de Educaci\u00f3n: Centros de Formaci\u00f3n T\u00e9cnica (CFT), Institutos Profesionales (IP), universidades estatales, universidades particulares con aporte estatal y universidades privadas.<\/li>\n\n\n\n<li>Estudiantes de mag\u00edster o doctorado, que posean situaci\u00f3n socioecon\u00f3mica acreditada por la instituci\u00f3n.<\/li>\n<\/ul>\n\n\n\n<p>En tanto, respecto a la documentaci\u00f3n necesaria, <strong>los escolares de b\u00e1sica y media no tendr\u00e1n que pagar un monto para ello, pero deber\u00e1n presentar su TNE en buen estado;<\/strong> mientras que los de <strong>educaci\u00f3n superior, deber\u00e1n cumplir con su TNE en buen estado, haber pagado en su casa de estudio 1.100 pesos y presentar su c\u00e9dula de identidad vigente<\/strong>.<\/p>\n\n\n\n<p>Recordar, que Junaeb culmin\u00f3 con la entrega de la TNE a las casas de estudios de todo el pa\u00eds, correspondiente a aquellas\/os estudiantes que participaron de la campa\u00f1a \u201cT\u00f3mate la Foto\u201d, la cual se extendi\u00f3 hasta el 17 de febrero, y que convoc\u00f3 a la captura temprana de fotograf\u00eda para la tarjeta, a quienes ingresaban por primera vez a la educaci\u00f3n superior.&nbsp;<\/p>\n\n\n\n<p>Desde Junaeb, se\u00f1alaron que <strong>aquellos estudiantes que tengan su TNE da\u00f1ada, deteriorada o rota no podr\u00e1n realizar el proceso de revalidaci\u00f3n, y deben realizar la reposici\u00f3n de documento<\/strong><strong>.&nbsp;<\/strong><\/p>\n","protected":false},"excerpt":{"rendered":"<p>De no hacerse el tr\u00e1mite, hasta el 31 de mayo, la TNE perder\u00e1 su vigencia y comenzar\u00e1 el cobro de pasaje adulto. Comenz\u00f3 el proceso de revalidaci\u00f3n, tanto pegado de sello como tecnol\u00f3gica, para estudiantes desde 6to b\u00e1sico a educaci\u00f3n superior que posean la Tarjeta Nacional Estudiantil (TNE), permiti\u00e9ndoles continuar con las tarifas rebajadas- o &#8230;<\/p>\n","protected":false},"author":2,"featured_media":8788,"comment_status":"open","ping_status":"open","sticky":false,"template":"","format":"standard","meta":{"footnotes":""},"categories":[3],"tags":[],"class_list":["post-8787","post","type-post","status-publish","format-standard","has-post-thumbnail","hentry","category-actualidad"],"_links":{"self":[{"href":"https:\/\/www.radiolimari.cl\/index.php?rest_route=\/wp\/v2\/posts\/8787","targetHints":{"allow":["GET"]}}],"collection":[{"href":"https:\/\/www.radiolimari.cl\/index.php?rest_route=\/wp\/v2\/posts"}],"about":[{"href":"https:\/\/www.radiolimari.cl\/index.php?rest_route=\/wp\/v2\/types\/post"}],"author":[{"embeddable":true,"href":"https:\/\/www.radiolimari.cl\/index.php?rest_route=\/wp\/v2\/users\/2"}],"replies":[{"embeddable":true,"href":"https:\/\/www.radiolimari.cl\/index.php?rest_route=%2Fwp%2Fv2%2Fcomments&post=8787"}],"version-history":[{"count":1,"href":"https:\/\/www.radiolimari.cl\/index.php?rest_route=\/wp\/v2\/posts\/8787\/revisions"}],"predecessor-version":[{"id":8789,"href":"https:\/\/www.radiolimari.cl\/index.php?rest_route=\/wp\/v2\/posts\/8787\/revisions\/8789"}],"wp:featuredmedia":[{"embeddable":true,"href":"https:\/\/www.radiolimari.cl\/index.php?rest_route=\/wp\/v2\/media\/8788"}],"wp:attachment":[{"href":"https:\/\/www.radiolimari.cl\/index.php?rest_route=%2Fwp%2Fv2%2Fmedia&parent=8787"}],"wp:term":[{"taxonomy":"category","embeddable":true,"href":"https:\/\/www.radiolimari.cl\/index.php?rest_route=%2Fwp%2Fv2%2Fcategories&post=8787"},{"taxonomy":"post_tag","embeddable":true,"href":"https:\/\/www.radiolimari.cl\/index.php?rest_route=%2Fwp%2Fv2%2Ftags&post=8787"}],"curies":[{"name":"wp","href":"https:\/\/api.w.org\/{rel}","templated":true}]}}