{"id":8780,"date":"2023-04-04T17:42:26","date_gmt":"2023-04-04T17:42:26","guid":{"rendered":"https:\/\/www.radiolimari.cl\/?p=8780"},"modified":"2023-04-04T17:42:27","modified_gmt":"2023-04-04T17:42:27","slug":"ley-corta-de-pgu-entra-en-vigor-y-cerca-de-2900-personas-de-la-region-de-coquimbo-se-sumaran-al-beneficio","status":"publish","type":"post","link":"https:\/\/www.radiolimari.cl\/?p=8780","title":{"rendered":"Ley corta de PGU entra en vigor y cerca de 2900 personas de la regi\u00f3n de Coquimbo se sumar\u00e1n al beneficio"},"content":{"rendered":"\n<figure class=\"wp-block-image size-large\"><a href=\"https:\/\/www.radiolimari.cl\/wp-content\/uploads\/2023\/04\/PGU-IPS-1-scaled.jpg\"><img fetchpriority=\"high\" decoding=\"async\" width=\"1024\" height=\"683\" src=\"https:\/\/www.radiolimari.cl\/wp-content\/uploads\/2023\/04\/PGU-IPS-1-1024x683.jpg\" alt=\"\" class=\"wp-image-8781\" srcset=\"https:\/\/www.radiolimari.cl\/wp-content\/uploads\/2023\/04\/PGU-IPS-1-1024x683.jpg 1024w, https:\/\/www.radiolimari.cl\/wp-content\/uploads\/2023\/04\/PGU-IPS-1-300x200.jpg 300w, https:\/\/www.radiolimari.cl\/wp-content\/uploads\/2023\/04\/PGU-IPS-1-768x512.jpg 768w, https:\/\/www.radiolimari.cl\/wp-content\/uploads\/2023\/04\/PGU-IPS-1-1536x1024.jpg 1536w, https:\/\/www.radiolimari.cl\/wp-content\/uploads\/2023\/04\/PGU-IPS-1-2048x1365.jpg 2048w\" sizes=\"(max-width: 1024px) 100vw, 1024px\" \/><\/a><figcaption class=\"wp-element-caption\"><strong><em>M\u00e1s de 84 mil personas de la regi\u00f3n ya reciben la PGU, n\u00famero que se ampliar\u00e1 gracias a la nueva normativa.<\/em><\/strong> <\/figcaption><\/figure>\n\n\n\n<p>El 1 de abril entr\u00f3 en vigor la Ley N\u00b0 21.538, conocida como \u201cLey Corta de la PGU\u201d, que considera un nuevo requisito de focalizaci\u00f3n y que permitir\u00e1 que m\u00e1s personas beneficiarias puedan obtener este beneficio del Estado.<\/p>\n\n\n\n<p>Esto, gracias a que se modific\u00f3 uno de los requisitos para acceder a la PGU, espec\u00edficamente el de focalizaci\u00f3n. As\u00ed, en lugar de evaluar que el adulto mayor NO integre un grupo familiar perteneciente al 10 % m\u00e1s rico de la poblaci\u00f3n de 65 o m\u00e1s a\u00f1os, a partir de abril se verificar\u00e1 que NO pertenezca al 10 % m\u00e1s rico de la poblaci\u00f3n en general. Esto permite ampliar el umbral para que m\u00e1s personas ingresen al beneficio. Esto implica, adem\u00e1s, que las solicitudes de Pensi\u00f3n Garantizada Universal (PGU) que hayan sido rechazadas exclusivamente por el requisito de focalizaci\u00f3n entre agosto de 2022 y marzo de 2023, ser\u00e1n reevaluadas internamente por el IPS. Es decir, de cumplir las nuevas condiciones, estas personas no tienen que hacer un nuevo tr\u00e1mite de solicitud y, de ser otorgado el beneficio, ser\u00e1n notificadas al contacto que informaron.<\/p>\n\n\n\n<p>Al respecto, es importante se\u00f1alar que las personas pueden consultar desde abril el resultado de su reevaluaci\u00f3n en los canales de atenci\u00f3n de la red ChileAtiende del IPS.<\/p>\n\n\n\n<p>En este sentido la Seremi del Trabajo y Previsi\u00f3n Social, Claudia Santander, explic\u00f3 que \u201cefectivamente este 1 de abril entr\u00f3 en vigencia la ley corta de PGU y esta modificaci\u00f3n en la normativa considera un nuevo requisito de focalizaci\u00f3n y que permitir\u00e1 que m\u00e1s personas beneficiarias puedan obtener este beneficio del Estado. En este sentido de acuerdo con los datos entregados por el IPS, ser\u00edan alrededor de 2900 personas que acceder\u00e1n al beneficio, ya que muchas de ellas ya hicieron la postulaci\u00f3n y ahora de forma autom\u00e1tica se har\u00e1 la reevaluaci\u00f3n con el nuevo criterio que establece la ley corta. Mientras que otras personas tendr\u00e1n que revisar los requisitos que se actualizaron y postular para ser eventuales beneficiarios de este importante beneficio que es la Pensi\u00f3n Garantizada Universal\u201d.<\/p>\n\n\n\n<p>En la actualidad, y a nivel nacional, la cobertura de la PGU representa un esfuerzo fiscal mensual por m\u00e1s de $ 405.789 millones que van en apoyo directo de los adultos y adultas mayores de nuestro pa\u00eds, est\u00e9n pensionadas o no.<\/p>\n\n\n\n<p><strong>Requisitos de la PGU<\/strong><\/p>\n\n\n\n<p>Desde este 1 de abril se evaluar\u00e1:<\/p>\n\n\n\n<p>\u2713 Haber cumplido 65 a\u00f1os de edad (pensionado o no).<\/p>\n\n\n\n<p>\u2713 No integrar un grupo familiar perteneciente al 10 % m\u00e1s rico de la poblaci\u00f3n de Chile.<\/p>\n\n\n\n<p>\u2713 Acreditar residencia en Chile por 20 a\u00f1os continuos o discontinuos, contados desde que el peticionario haya cumplido veinte a\u00f1os de edad; y, en todo caso, por el lapso no inferior a 4 a\u00f1os de residencia en los \u00faltimos cinco a\u00f1os inmediatamente anteriores a la solicitud.<\/p>\n\n\n\n<p>\u2713 Contar con una pensi\u00f3n base (calculada seg\u00fan su PAFE inicial; es decir, pensi\u00f3n estimada para determinar la pensi\u00f3n base de una persona, de acuerdo a sus fondos acumulados) menor a $1.114.446. Cabe destacar que para quienes tengan una pensi\u00f3n base desde $702.102 y hasta $1.114.446, el monto de la PGU es menor a los $206.173 establecidos para este beneficio.<\/p>\n\n\n\n<p><strong>\u00bfC\u00f3mo solicitar la PGU?<\/strong><\/p>\n\n\n\n<p>&nbsp;Todos los d\u00edas del a\u00f1o, incluidos fines de semana y feriados, en el sitio www.chileatiende.cl, con Clave\u00danica. En el mismo sitio se puede consultar, previamente, si se cumple con las condiciones b\u00e1sicas para acceder al beneficio.<\/p>\n\n\n\n<p>Durante los d\u00edas h\u00e1biles, de lunes a viernes, a trav\u00e9s de videoatenci\u00f3n en www.chileatiende.cl o www.ips.gob.cl. Tambi\u00e9n en sucursales ChileAtiende del Instituto de Previsi\u00f3n Social, IPS, municipalidades y tambi\u00e9n est\u00e1 la opci\u00f3n de las AFP o compa\u00f1\u00edas de seguros, si la persona est\u00e1 afiliada a una de esas entidades.<\/p>\n\n\n\n<p>Una condici\u00f3n previa a la solicitud es que las personas est\u00e9n inscritas en el Registro Social de Hogares. Si la persona a\u00fan no cuenta con este instrumento, puede solicitarlo por Internet en el sitio www.registrosocial.gob.cl, en su municipalidad o sucursales ChileAtiende del IPS.<\/p>\n","protected":false},"excerpt":{"rendered":"<p>El 1 de abril entr\u00f3 en vigor la Ley N\u00b0 21.538, conocida como \u201cLey Corta de la PGU\u201d, que considera un nuevo requisito de focalizaci\u00f3n y que permitir\u00e1 que m\u00e1s personas beneficiarias puedan obtener este beneficio del Estado. Esto, gracias a que se modific\u00f3 uno de los requisitos para acceder a la PGU, espec\u00edficamente el &#8230;<\/p>\n","protected":false},"author":2,"featured_media":8781,"comment_status":"open","ping_status":"open","sticky":false,"template":"","format":"standard","meta":{"footnotes":""},"categories":[3],"tags":[],"class_list":["post-8780","post","type-post","status-publish","format-standard","has-post-thumbnail","hentry","category-actualidad"],"_links":{"self":[{"href":"https:\/\/www.radiolimari.cl\/index.php?rest_route=\/wp\/v2\/posts\/8780","targetHints":{"allow":["GET"]}}],"collection":[{"href":"https:\/\/www.radiolimari.cl\/index.php?rest_route=\/wp\/v2\/posts"}],"about":[{"href":"https:\/\/www.radiolimari.cl\/index.php?rest_route=\/wp\/v2\/types\/post"}],"author":[{"embeddable":true,"href":"https:\/\/www.radiolimari.cl\/index.php?rest_route=\/wp\/v2\/users\/2"}],"replies":[{"embeddable":true,"href":"https:\/\/www.radiolimari.cl\/index.php?rest_route=%2Fwp%2Fv2%2Fcomments&post=8780"}],"version-history":[{"count":1,"href":"https:\/\/www.radiolimari.cl\/index.php?rest_route=\/wp\/v2\/posts\/8780\/revisions"}],"predecessor-version":[{"id":8782,"href":"https:\/\/www.radiolimari.cl\/index.php?rest_route=\/wp\/v2\/posts\/8780\/revisions\/8782"}],"wp:featuredmedia":[{"embeddable":true,"href":"https:\/\/www.radiolimari.cl\/index.php?rest_route=\/wp\/v2\/media\/8781"}],"wp:attachment":[{"href":"https:\/\/www.radiolimari.cl\/index.php?rest_route=%2Fwp%2Fv2%2Fmedia&parent=8780"}],"wp:term":[{"taxonomy":"category","embeddable":true,"href":"https:\/\/www.radiolimari.cl\/index.php?rest_route=%2Fwp%2Fv2%2Fcategories&post=8780"},{"taxonomy":"post_tag","embeddable":true,"href":"https:\/\/www.radiolimari.cl\/index.php?rest_route=%2Fwp%2Fv2%2Ftags&post=8780"}],"curies":[{"name":"wp","href":"https:\/\/api.w.org\/{rel}","templated":true}]}}