{"id":8759,"date":"2023-04-03T23:32:48","date_gmt":"2023-04-03T23:32:48","guid":{"rendered":"https:\/\/www.radiolimari.cl\/?p=8759"},"modified":"2023-04-03T23:32:49","modified_gmt":"2023-04-03T23:32:49","slug":"agricultores-de-canela-monte-patria-combarbala-y-punitaqui-comienzan-a-aplicar-estrategias-de-prevencion-de-plagas-dirigidas-al-no-uso-de-plaguicida","status":"publish","type":"post","link":"https:\/\/www.radiolimari.cl\/?p=8759","title":{"rendered":"Agricultores de Canela, Monte Patria, Combarbal\u00e1 y Punitaqui comienzan a aplicar estrategias de prevenci\u00f3n de plagas dirigidas al no uso de plaguicida"},"content":{"rendered":"\n<figure class=\"wp-block-image size-large is-resized\"><a href=\"https:\/\/www.radiolimari.cl\/wp-content\/uploads\/2023\/04\/03.04.2023-Agricultores-de-Canela-Monte-Patria-Combarbala-y-Punitaqui-trabajan-en-tecnicas-de-sanidad-vegetal-y-manejo-fitosanitario-4-scaled.jpg\"><img fetchpriority=\"high\" decoding=\"async\" src=\"https:\/\/www.radiolimari.cl\/wp-content\/uploads\/2023\/04\/03.04.2023-Agricultores-de-Canela-Monte-Patria-Combarbala-y-Punitaqui-trabajan-en-tecnicas-de-sanidad-vegetal-y-manejo-fitosanitario-4-1024x683.jpg\" alt=\"\" class=\"wp-image-8760\" width=\"407\" height=\"272\" srcset=\"https:\/\/www.radiolimari.cl\/wp-content\/uploads\/2023\/04\/03.04.2023-Agricultores-de-Canela-Monte-Patria-Combarbala-y-Punitaqui-trabajan-en-tecnicas-de-sanidad-vegetal-y-manejo-fitosanitario-4-1024x683.jpg 1024w, https:\/\/www.radiolimari.cl\/wp-content\/uploads\/2023\/04\/03.04.2023-Agricultores-de-Canela-Monte-Patria-Combarbala-y-Punitaqui-trabajan-en-tecnicas-de-sanidad-vegetal-y-manejo-fitosanitario-4-300x200.jpg 300w, https:\/\/www.radiolimari.cl\/wp-content\/uploads\/2023\/04\/03.04.2023-Agricultores-de-Canela-Monte-Patria-Combarbala-y-Punitaqui-trabajan-en-tecnicas-de-sanidad-vegetal-y-manejo-fitosanitario-4-768x512.jpg 768w, https:\/\/www.radiolimari.cl\/wp-content\/uploads\/2023\/04\/03.04.2023-Agricultores-de-Canela-Monte-Patria-Combarbala-y-Punitaqui-trabajan-en-tecnicas-de-sanidad-vegetal-y-manejo-fitosanitario-4-1536x1024.jpg 1536w, https:\/\/www.radiolimari.cl\/wp-content\/uploads\/2023\/04\/03.04.2023-Agricultores-de-Canela-Monte-Patria-Combarbala-y-Punitaqui-trabajan-en-tecnicas-de-sanidad-vegetal-y-manejo-fitosanitario-4-2048x1365.jpg 2048w\" sizes=\"(max-width: 407px) 100vw, 407px\" \/><\/a><\/figure>\n\n\n\n<p><em>Dentro de la metodolog\u00eda de trabajo el desarrollo de talleres comunales estar\u00e1 orientado en los pr\u00f3ximos meses al uso de estrategias de prevenci\u00f3n, con la intenci\u00f3n de concientizar entre los beneficiarios que existen herramientas previas que deben ser consideradas y que el uso de productos qu\u00edmicos no es siempre la soluci\u00f3n ante problemas de plagas y enfermedades.<\/em> <\/p>\n\n\n\n<p>El equipo de trabajo del programa \u201cTransferencia Tecnol\u00f3gica para el Cultivo de Hortalizas Hidrop\u00f3nicas en la Regi\u00f3n de Coquimbo\u00bb, ejecutado por el Instituto de Investigaciones Agropecuarias INIA Intihuasi, en conjunto con el \u00e1rea de entomolog\u00eda de esta instituci\u00f3n, est\u00e1n promoviendo estrategias de exclusi\u00f3n, uso de ropa adecuada y obligatoria, adem\u00e1s de estrategias de monitoreo en los cultivos, a fin de ir bajando el uso de plaguicidas, utilizando productos m\u00e1s sostenibles.<\/p>\n\n\n\n<p>V\u00edctor Pizarro, coordinador del programa, cuenta que \u201ceste tipo de taller est\u00e1 orientado a responder a uno de los objetivos del programa, que es la realizaci\u00f3n de una gesti\u00f3n sostenible de plagas asociadas a los cultivos destacando entre las herramientas utilizadas, la utilizaci\u00f3n de mallas de exclusi\u00f3n de insectos., ir reforzando el conocimiento a los agricultores para que lo vayan poniendo en pr\u00e1ctica en sus sistemas&nbsp;productivos\u201d.<\/p>\n\n\n\n<p>Rosa Rodr\u00edguez, quien pertenece al Agua del Ajial, se\u00f1al\u00f3 \u201ctenemos que llegar a productos cada vez m\u00e1s naturales s\u00ed o s\u00ed y estos talleres, te ense\u00f1an a mejorar la calidad de vida humana, porque lo que nosotros sacamos al final, es un producto para consumo con menos qu\u00edmicos y queremos que lleguen a m\u00e1s clientes, entonces esto se transforma en una visi\u00f3n muy interesante, ya que no es algo inventado, sino que con un trabajo muy grande, en equipo, con lectura, con estudio, capacitaciones y eso se valora por parte de INIA\u201d.<\/p>\n\n\n\n<p>Una de las tem\u00e1ticas tratadas son las estrategias de exclusi\u00f3n, que es poner barreras f\u00edsicas para bajar la presi\u00f3n de plagas que puedan ingresar a los cultivos, lo que no quiere decir que se va a reducir el ingreso, usando productos de bajo impacto ambiental y que permiten tener m\u00e1s controlado en caso de que ingresen algunas plagas o enfermedades, a trav\u00e9s de sistemas de monitoreo que se han integrado, con productos como el jab\u00f3n pot\u00e1sico, que se aplica de manera preventiva para que no puedan proliferar en los cultivos.<\/p>\n\n\n\n<p>La Seremi (S) de Agricultura, Tonya Romero, manifest\u00f3 que \u201cen l\u00ednea de avanzar hacia una agricultura m\u00e1s verde, m\u00e1s sustentable, que es uno de los pilares fundamentales de nuestra gesti\u00f3n y del Ministerio de Agricultura, es que este tipo de proyectos que est\u00e1 desarrollando INIA en las comunas de Canela, Monte Patria, Punitaqui y Combarbal\u00e1, son tan importantes, ya que permiten una transferencia de tecnolog\u00eda hacia nuestros agricultores y agricultoras, con el objetivo de que puedan continuar desarrollando su actividad productiva, pero bajo un sistema basado en la metodolog\u00eda sostenible, con un manejo agron\u00f3mico de sus unidades productivas m\u00e1s \u00f3ptimo ante la aparici\u00f3n de plagas, adem\u00e1s de ser m\u00e1s amigable con el medio ambiente y&nbsp;con&nbsp;su&nbsp;entorno\u201d.<\/p>\n\n\n\n<p>Un rol fundamental en este trabajo, es la comunicaci\u00f3n constante con los equipos PADIS y PRODESAL de cada una de las comunas, quienes incentivan la participaci\u00f3n, no solo de los beneficiarios del programa, sino adem\u00e1s de otros agricultores, ya que la informaci\u00f3n que se entrega es beneficiosa para todos los asistentes y quienes viven en el mundo campesino.<\/p>\n\n\n\n<p>Alejandro Espinoza, del sector del Toro de Punitaqui, manifest\u00f3 que \u201ctodo esto ha sido muy beneficioso, ya que aprendimos sobre las plagas, a combatirlas y tambi\u00e9n economizar productos, estuvo muy interactivo. Con todo esto aprendimos harto para tratar de prevenir antes que lamentar cualquier plaga que &nbsp;se nos interponga en el camino\u201d.&nbsp;<\/p>\n\n\n\n<p>Claudio Salas Director Regional de INIA Intihuasi, agreg\u00f3 \u201cel proyecto entreg\u00f3 a las agricultoras y agricultores beneficiados por el programa, un invernadero con sistemas de exclusi\u00f3n que act\u00faa como barrera para el ingreso de insectos. Junto a lo anterior, se capacita a los productores a reconocer las plagas y monitorearlas. Combinando estos dos aspectos, el control por exclusi\u00f3n y el monitoreo efectivo de plagas, es posible evitar el ingreso de plagas y por tanto reducir al m\u00e1ximo el uso de plaguicidas, aportando al desarrollo de una agricultura sostenible\u201d.<\/p>\n\n\n\n<p>Casi un a\u00f1o y medio ha transcurrido desde el inicio del proyecto y hasta la fecha son 36 los beneficiarios, de los cuales el 61 % son mujeres campesinas, que est\u00e1n permanentemente asesoradas y capacitadas por los profesionales de INIA Intihuasi, que recorren las cuatro comunas para entregar todos los conocimientos a los beneficiarios del programa, para que puedan desarrollarse de manera exitosa en el cultivo hidrop\u00f3nico, de manera responsable, eficiente y sustentable.<\/p>\n","protected":false},"excerpt":{"rendered":"<p>Dentro de la metodolog\u00eda de trabajo el desarrollo de talleres comunales estar\u00e1 orientado en los pr\u00f3ximos meses al uso de estrategias de prevenci\u00f3n, con la intenci\u00f3n de concientizar entre los beneficiarios que existen herramientas previas que deben ser consideradas y que el uso de productos qu\u00edmicos no es siempre la soluci\u00f3n ante problemas de plagas &#8230;<\/p>\n","protected":false},"author":2,"featured_media":8760,"comment_status":"open","ping_status":"open","sticky":false,"template":"","format":"standard","meta":{"footnotes":""},"categories":[6],"tags":[],"class_list":["post-8759","post","type-post","status-publish","format-standard","has-post-thumbnail","hentry","category-regionales"],"_links":{"self":[{"href":"https:\/\/www.radiolimari.cl\/index.php?rest_route=\/wp\/v2\/posts\/8759","targetHints":{"allow":["GET"]}}],"collection":[{"href":"https:\/\/www.radiolimari.cl\/index.php?rest_route=\/wp\/v2\/posts"}],"about":[{"href":"https:\/\/www.radiolimari.cl\/index.php?rest_route=\/wp\/v2\/types\/post"}],"author":[{"embeddable":true,"href":"https:\/\/www.radiolimari.cl\/index.php?rest_route=\/wp\/v2\/users\/2"}],"replies":[{"embeddable":true,"href":"https:\/\/www.radiolimari.cl\/index.php?rest_route=%2Fwp%2Fv2%2Fcomments&post=8759"}],"version-history":[{"count":1,"href":"https:\/\/www.radiolimari.cl\/index.php?rest_route=\/wp\/v2\/posts\/8759\/revisions"}],"predecessor-version":[{"id":8761,"href":"https:\/\/www.radiolimari.cl\/index.php?rest_route=\/wp\/v2\/posts\/8759\/revisions\/8761"}],"wp:featuredmedia":[{"embeddable":true,"href":"https:\/\/www.radiolimari.cl\/index.php?rest_route=\/wp\/v2\/media\/8760"}],"wp:attachment":[{"href":"https:\/\/www.radiolimari.cl\/index.php?rest_route=%2Fwp%2Fv2%2Fmedia&parent=8759"}],"wp:term":[{"taxonomy":"category","embeddable":true,"href":"https:\/\/www.radiolimari.cl\/index.php?rest_route=%2Fwp%2Fv2%2Fcategories&post=8759"},{"taxonomy":"post_tag","embeddable":true,"href":"https:\/\/www.radiolimari.cl\/index.php?rest_route=%2Fwp%2Fv2%2Ftags&post=8759"}],"curies":[{"name":"wp","href":"https:\/\/api.w.org\/{rel}","templated":true}]}}