{"id":8753,"date":"2023-04-03T23:20:02","date_gmt":"2023-04-03T23:20:02","guid":{"rendered":"https:\/\/www.radiolimari.cl\/?p=8753"},"modified":"2023-04-03T23:41:45","modified_gmt":"2023-04-03T23:41:45","slug":"rodolfo-sepulveda-asume-como-nuevo-gerente-de-la-camara-chilena-de-la-construccion-de-la-serena","status":"publish","type":"post","link":"https:\/\/www.radiolimari.cl\/?p=8753","title":{"rendered":"Rodolfo Sep\u00falveda asume como nuevo gerente de la Camara Chilena de la Construcci\u00f3n de La Serena"},"content":{"rendered":"\n<figure class=\"wp-block-image size-large\"><a href=\"https:\/\/www.radiolimari.cl\/wp-content\/uploads\/2023\/04\/GERENTE-CChC-LA-SERENA-RODOLFO-SEPULVEDA-LARENAS2.jpeg\"><img fetchpriority=\"high\" decoding=\"async\" width=\"1024\" height=\"858\" src=\"https:\/\/www.radiolimari.cl\/wp-content\/uploads\/2023\/04\/GERENTE-CChC-LA-SERENA-RODOLFO-SEPULVEDA-LARENAS2-1024x858.jpeg\" alt=\"\" class=\"wp-image-8757\" srcset=\"https:\/\/www.radiolimari.cl\/wp-content\/uploads\/2023\/04\/GERENTE-CChC-LA-SERENA-RODOLFO-SEPULVEDA-LARENAS2-1024x858.jpeg 1024w, https:\/\/www.radiolimari.cl\/wp-content\/uploads\/2023\/04\/GERENTE-CChC-LA-SERENA-RODOLFO-SEPULVEDA-LARENAS2-300x251.jpeg 300w, https:\/\/www.radiolimari.cl\/wp-content\/uploads\/2023\/04\/GERENTE-CChC-LA-SERENA-RODOLFO-SEPULVEDA-LARENAS2-768x643.jpeg 768w, https:\/\/www.radiolimari.cl\/wp-content\/uploads\/2023\/04\/GERENTE-CChC-LA-SERENA-RODOLFO-SEPULVEDA-LARENAS2.jpeg 1200w\" sizes=\"(max-width: 1024px) 100vw, 1024px\" \/><\/a><\/figure>\n\n\n\n<p>A partir de este lunes 3 de abril, el ingeniero comercial de la Universidad de Los Andes, Rodolfo Sep\u00falveda Larenas (31) asume la gerencia de la CChC La Serena.<\/p>\n\n\n\n<p>Labor que tiene  el nuevo gerente como objetivo central dar cumplimiento al plan estrat\u00e9gico de esta C\u00e1mara Regional, proponiendo e implementando nuevos proyectos y acciones al servicio de sus asociados, contribuyendo al desarrollo de la industria de la construcci\u00f3n y de la regi\u00f3n.\u00a0\u00a0<\/p>\n\n\n\n<p>Rodolfo Sep\u00falveda cuenta con m\u00e1s de 10 a\u00f1os de experiencia en Fundaciones y ONGs, articulando una serie de alianzas estrat\u00e9gicas en el \u00e1mbito p\u00fablico-privado. En el \u00faltimo tiempo, trabaj\u00f3 en m\u00e1s de 20 proyectos y programas a lo lardo del pa\u00eds, con el prop\u00f3sito de contribuir a reducir la pobreza multidimensional con iniciativas de emprendimiento, salud, educaci\u00f3n, inclusi\u00f3n y vivienda.<\/p>\n\n\n\n<p><em>\u201cCreo firmemente en el aporte que como gremio podemos realizar en pro de nuestra industria y de la regi\u00f3n, y as\u00ed contribuir a reducir las brechas que la afectan. Hay muchos desaf\u00edos que debemos afrontar en materia de reactivaci\u00f3n, vivienda, infraestructura, empleabilidad, entre otros; por lo que seguiremos priorizando el rol que nos moviliza para mejorar la calidad de vida de nuestros habitantes, a trav\u00e9s del desarrollo de nuevas obras y proyectos; del trabajo colaborativo con los distintos actores claves de nuestra sociedad y destrabando aquellas condiciones que frenan la inversi\u00f3n\u201d,<\/em> se\u00f1ala el gerente de la CChC La Serena, Rodolfo Sep\u00falveda.<\/p>\n","protected":false},"excerpt":{"rendered":"<p>A partir de este lunes 3 de abril, el ingeniero comercial de la Universidad de Los Andes, Rodolfo Sep\u00falveda Larenas (31) asume la gerencia de la CChC La Serena. Labor que tiene el nuevo gerente como objetivo central dar cumplimiento al plan estrat\u00e9gico de esta C\u00e1mara Regional, proponiendo e implementando nuevos proyectos y acciones al &#8230;<\/p>\n","protected":false},"author":2,"featured_media":8757,"comment_status":"open","ping_status":"open","sticky":false,"template":"","format":"standard","meta":{"footnotes":""},"categories":[3],"tags":[],"class_list":["post-8753","post","type-post","status-publish","format-standard","has-post-thumbnail","hentry","category-actualidad"],"_links":{"self":[{"href":"https:\/\/www.radiolimari.cl\/index.php?rest_route=\/wp\/v2\/posts\/8753","targetHints":{"allow":["GET"]}}],"collection":[{"href":"https:\/\/www.radiolimari.cl\/index.php?rest_route=\/wp\/v2\/posts"}],"about":[{"href":"https:\/\/www.radiolimari.cl\/index.php?rest_route=\/wp\/v2\/types\/post"}],"author":[{"embeddable":true,"href":"https:\/\/www.radiolimari.cl\/index.php?rest_route=\/wp\/v2\/users\/2"}],"replies":[{"embeddable":true,"href":"https:\/\/www.radiolimari.cl\/index.php?rest_route=%2Fwp%2Fv2%2Fcomments&post=8753"}],"version-history":[{"count":3,"href":"https:\/\/www.radiolimari.cl\/index.php?rest_route=\/wp\/v2\/posts\/8753\/revisions"}],"predecessor-version":[{"id":8762,"href":"https:\/\/www.radiolimari.cl\/index.php?rest_route=\/wp\/v2\/posts\/8753\/revisions\/8762"}],"wp:featuredmedia":[{"embeddable":true,"href":"https:\/\/www.radiolimari.cl\/index.php?rest_route=\/wp\/v2\/media\/8757"}],"wp:attachment":[{"href":"https:\/\/www.radiolimari.cl\/index.php?rest_route=%2Fwp%2Fv2%2Fmedia&parent=8753"}],"wp:term":[{"taxonomy":"category","embeddable":true,"href":"https:\/\/www.radiolimari.cl\/index.php?rest_route=%2Fwp%2Fv2%2Fcategories&post=8753"},{"taxonomy":"post_tag","embeddable":true,"href":"https:\/\/www.radiolimari.cl\/index.php?rest_route=%2Fwp%2Fv2%2Ftags&post=8753"}],"curies":[{"name":"wp","href":"https:\/\/api.w.org\/{rel}","templated":true}]}}