{"id":8750,"date":"2023-04-03T20:56:54","date_gmt":"2023-04-03T20:56:54","guid":{"rendered":"https:\/\/www.radiolimari.cl\/?p=8750"},"modified":"2023-04-03T20:56:54","modified_gmt":"2023-04-03T20:56:54","slug":"municipio-inicia-mantencion-del-espejo-de-agua-de-la-alameda-de-ovalle","status":"publish","type":"post","link":"https:\/\/www.radiolimari.cl\/?p=8750","title":{"rendered":"Municipio inicia mantenci\u00f3n del Espejo de Agua de la alameda de Ovalle"},"content":{"rendered":"\n<figure class=\"wp-block-image size-large\"><a href=\"https:\/\/www.radiolimari.cl\/wp-content\/uploads\/2023\/04\/Mantencion-de-Espejo-de-Agua-scaled.jpg\"><img fetchpriority=\"high\" decoding=\"async\" width=\"1024\" height=\"768\" src=\"https:\/\/www.radiolimari.cl\/wp-content\/uploads\/2023\/04\/Mantencion-de-Espejo-de-Agua-1024x768.jpg\" alt=\"\" class=\"wp-image-8751\" srcset=\"https:\/\/www.radiolimari.cl\/wp-content\/uploads\/2023\/04\/Mantencion-de-Espejo-de-Agua-1024x768.jpg 1024w, https:\/\/www.radiolimari.cl\/wp-content\/uploads\/2023\/04\/Mantencion-de-Espejo-de-Agua-300x225.jpg 300w, https:\/\/www.radiolimari.cl\/wp-content\/uploads\/2023\/04\/Mantencion-de-Espejo-de-Agua-768x576.jpg 768w, https:\/\/www.radiolimari.cl\/wp-content\/uploads\/2023\/04\/Mantencion-de-Espejo-de-Agua-1536x1152.jpg 1536w, https:\/\/www.radiolimari.cl\/wp-content\/uploads\/2023\/04\/Mantencion-de-Espejo-de-Agua-2048x1536.jpg 2048w\" sizes=\"(max-width: 1024px) 100vw, 1024px\" \/><\/a><\/figure>\n\n\n\n<p><strong><em>La intervenci\u00f3n realizada por empresa Fuente de Agua Las Condes, en conjunto con el equipo hidr\u00e1ulico del municipio de Ovalle, se extender\u00e1 por cinco d\u00edas<\/em><\/strong>.<\/p>\n\n\n\n<p>Es uno de los lugares emblem\u00e1ticos y m\u00e1s caracter\u00edsticos de Ovalle. El Espejo de Agua de la alameda local, se ha convertido en uno de los principales atractivos para las familias locales y tambi\u00e9n para los turistas, quienes se fotograf\u00edan con su imponente infraestructura y disfrutan del sistema de juegos de agua, que se encuentra sincronizado con la iluminaci\u00f3n interior de la pileta.<\/p>\n\n\n\n<p>Es por esta raz\u00f3n, que este lugar experimentar\u00e1 un proceso de mantenci\u00f3n que ser\u00e1 ejecutado por la empresa Fuente de Agua Las Condes, en conjunto con el equipo hidr\u00e1ulico municipal, el cual tendr\u00e1 una duraci\u00f3n de cinco d\u00edas. Esta intervenci\u00f3n consiste en una limpieza exhaustiva de la pileta y el mantenimiento de toda el \u00e1rea de cableado, sistema de bombas, adem\u00e1s de la revisi\u00f3n del sistema electr\u00f3nico que permite la sincronizaci\u00f3n de los juegos de agua y luces.<\/p>\n\n\n\n<p>\u201cHicimos un estudio en conjunto con los profesionales del municipio y descubrimos que ten\u00edamos mucha perturbaci\u00f3n el\u00e9ctrica, por ende, tenemos que proteger nuestros equipos que son de alta generaci\u00f3n. Estamos trabajando con una tecnolog\u00eda de octava generaci\u00f3n, la cual va a quedar implementada durante esta semana, porque la idea es proteger todos los componentes electr\u00f3nicos de alta gama, que son equipos tra\u00eddos desde Alemania. Ac\u00e1 lo que estamos protegiendo es el cerebro de la pileta que comanda todo el juego de aguas danzantes y la iluminaci\u00f3n\u201d sostuvo la gerente de la empresa Fuente de Agua Las Condes, Pamela Dur\u00e1n.<\/p>\n\n\n\n<p>El alcalde (S) de Ovalle, Jonathan Acu\u00f1a Rojas visit\u00f3 el paseo p\u00fablico local y verific\u00f3 en terreno la intervenci\u00f3n. \u201cNuestra idea es resguardar principalmente el tema el\u00e9ctrico y electr\u00f3nico y hacer las revisiones correspondientes para que el Espejo de Agua, que es una de las piletas m\u00e1s grandes del norte del pa\u00eds, funcione sin ning\u00fan problema.&nbsp; Sabemos que a la comunidad local y a los turistas les gusta y les llama la atenci\u00f3n, por eso uno los prop\u00f3sitos es que los espacios p\u00fablicos se mantengan con seguridad y sin inconvenientes\u201d. Recordemos, que esta obra se inaugur\u00f3 en agosto de 2016 y fue financiada con recursos municipales, que alcanzaron los 354 millones de pesos. Esto permiti\u00f3 la remodelaci\u00f3n de la fuente de agua y la instalaci\u00f3n de un sistema de aguas danzantes y juegos de luces de \u00faltima generaci\u00f3n, lo que convirti\u00f3 a la alameda local en un atractivo tur\u00edstico tanto para la regi\u00f3n de Coquimbo, como el pa\u00eds.<\/p>\n","protected":false},"excerpt":{"rendered":"<p>La intervenci\u00f3n realizada por empresa Fuente de Agua Las Condes, en conjunto con el equipo hidr\u00e1ulico del municipio de Ovalle, se extender\u00e1 por cinco d\u00edas. Es uno de los lugares emblem\u00e1ticos y m\u00e1s caracter\u00edsticos de Ovalle. El Espejo de Agua de la alameda local, se ha convertido en uno de los principales atractivos para las &#8230;<\/p>\n","protected":false},"author":2,"featured_media":8751,"comment_status":"open","ping_status":"open","sticky":false,"template":"","format":"standard","meta":{"footnotes":""},"categories":[5],"tags":[],"class_list":["post-8750","post","type-post","status-publish","format-standard","has-post-thumbnail","hentry","category-actualidad-limarina"],"_links":{"self":[{"href":"https:\/\/www.radiolimari.cl\/index.php?rest_route=\/wp\/v2\/posts\/8750","targetHints":{"allow":["GET"]}}],"collection":[{"href":"https:\/\/www.radiolimari.cl\/index.php?rest_route=\/wp\/v2\/posts"}],"about":[{"href":"https:\/\/www.radiolimari.cl\/index.php?rest_route=\/wp\/v2\/types\/post"}],"author":[{"embeddable":true,"href":"https:\/\/www.radiolimari.cl\/index.php?rest_route=\/wp\/v2\/users\/2"}],"replies":[{"embeddable":true,"href":"https:\/\/www.radiolimari.cl\/index.php?rest_route=%2Fwp%2Fv2%2Fcomments&post=8750"}],"version-history":[{"count":1,"href":"https:\/\/www.radiolimari.cl\/index.php?rest_route=\/wp\/v2\/posts\/8750\/revisions"}],"predecessor-version":[{"id":8752,"href":"https:\/\/www.radiolimari.cl\/index.php?rest_route=\/wp\/v2\/posts\/8750\/revisions\/8752"}],"wp:featuredmedia":[{"embeddable":true,"href":"https:\/\/www.radiolimari.cl\/index.php?rest_route=\/wp\/v2\/media\/8751"}],"wp:attachment":[{"href":"https:\/\/www.radiolimari.cl\/index.php?rest_route=%2Fwp%2Fv2%2Fmedia&parent=8750"}],"wp:term":[{"taxonomy":"category","embeddable":true,"href":"https:\/\/www.radiolimari.cl\/index.php?rest_route=%2Fwp%2Fv2%2Fcategories&post=8750"},{"taxonomy":"post_tag","embeddable":true,"href":"https:\/\/www.radiolimari.cl\/index.php?rest_route=%2Fwp%2Fv2%2Ftags&post=8750"}],"curies":[{"name":"wp","href":"https:\/\/api.w.org\/{rel}","templated":true}]}}