{"id":8747,"date":"2023-04-03T17:22:44","date_gmt":"2023-04-03T17:22:44","guid":{"rendered":"https:\/\/www.radiolimari.cl\/?p=8747"},"modified":"2023-04-03T17:22:45","modified_gmt":"2023-04-03T17:22:45","slug":"en-la-arquidiocesis-de-la-serena-se-iniciaron-las-celebraciones-de-semana-santa","status":"publish","type":"post","link":"https:\/\/www.radiolimari.cl\/?p=8747","title":{"rendered":"En la Arquidi\u00f3cesis de La Serena se iniciaron las celebraciones de Semana Santa"},"content":{"rendered":"\n<figure class=\"wp-block-image size-large\"><a href=\"https:\/\/www.radiolimari.cl\/wp-content\/uploads\/2023\/04\/DSC01351.jpg\"><img fetchpriority=\"high\" decoding=\"async\" width=\"1024\" height=\"683\" src=\"https:\/\/www.radiolimari.cl\/wp-content\/uploads\/2023\/04\/DSC01351-1024x683.jpg\" alt=\"\" class=\"wp-image-8748\" srcset=\"https:\/\/www.radiolimari.cl\/wp-content\/uploads\/2023\/04\/DSC01351-1024x683.jpg 1024w, https:\/\/www.radiolimari.cl\/wp-content\/uploads\/2023\/04\/DSC01351-300x200.jpg 300w, https:\/\/www.radiolimari.cl\/wp-content\/uploads\/2023\/04\/DSC01351-768x512.jpg 768w, https:\/\/www.radiolimari.cl\/wp-content\/uploads\/2023\/04\/DSC01351.jpg 1200w\" sizes=\"(max-width: 1024px) 100vw, 1024px\" \/><\/a><\/figure>\n\n\n\n<p><strong>Con el tradicional Domingo de Ramos, comunidades eclesiales del Elqui y Limar\u00ed se preparan espiritualmente para rememorar la muerte y resurrecci\u00f3n de Jes\u00fas.  <\/strong><\/p>\n\n\n\n<p>Con ramos en sus manos reunidos a un costado del templo Catedral de La Serena, en la plaza san Juan Pablo II, tuvo lugar durante la jornada matutina del 2 de abril, la bendici\u00f3n en el marco de la <strong>celebraci\u00f3n del Domingo de Ramos<\/strong>, con la cual la comunidad cat\u00f3lica dio inicio a las celebraciones lit\u00fargicas de la Semana Santa 2023.<\/p>\n\n\n\n<p>El Arzobispo Ren\u00e9 Rebolledo Salinas, quien presidi\u00f3 la bendici\u00f3n, procesi\u00f3n y posterior Eucarist\u00eda en el templo Catedral, remarc\u00f3 <strong>dos dimensiones que se deben tener presente en este especial d\u00eda<\/strong>: \u201cla alegr\u00eda y el j\u00fabilo en las alabanzas que la multitud dirige al Se\u00f1or en su entrada triunfal a la ciudad de Jerusal\u00e9n\u201d y \u201cel gran misterio del dolor en la vida de nuestro Se\u00f1or, particularmente su pasi\u00f3n y muerte\u201d.<\/p>\n\n\n\n<p>Adem\u00e1s, el Pastor invit\u00f3 a la comunidad para <strong>que en esta Semana Santa renueven la esperanza<\/strong>, \u201csabemos que la cruz no es el final del camino, sino que el triunfo es de la vida, la luz y la Pascua. Por amor al Padre Eterno y a nosotros nuestro Se\u00f1or ha vencido el dolor y sufrimiento, el abandono y la misma muerte\u201d.<\/p>\n\n\n\n<p><strong>PROGRAMACI\u00d3N SEMANA SANTA 2023 ARQUIDI\u00d3CESIS DE LA SERENA<\/strong><\/p>\n\n\n\n<p><strong>Vicar\u00eda de La Serena<\/strong><\/p>\n\n\n\n<p>TEMPLO CATEDRAL, LA SERENA<\/p>\n\n\n\n<p>Mi\u00e9rcoles Santo<\/p>\n\n\n\n<p>19:00 horas Misa Crismal<\/p>\n\n\n\n<p>Viernes Santo<\/p>\n\n\n\n<p>10:00 horas Retiro espiritual<\/p>\n\n\n\n<p>16:00 horas <em>V\u00eda Crucis <\/em>desde templo San Agust\u00edn<\/p>\n\n\n\n<p>17:00 horas Adoraci\u00f3n de la Santa Cruz<\/p>\n\n\n\n<p>S\u00e1bado Santo<\/p>\n\n\n\n<p>19:00 horas Solemne Vigilia Pascual<\/p>\n\n\n\n<p>IGLESIA EL TR\u00c1NSITO, LA SERENA<\/p>\n\n\n\n<p>Jueves Santo<\/p>\n\n\n\n<p>19:00 horas <em>Missa in coena Domini<\/em><em><\/em><\/p>\n\n\n\n<p>Viernes Santo<\/p>\n\n\n\n<p>16:00 horas Solemne Acci\u00f3n Lit\u00fargica en la Pasi\u00f3n y Muerte del Se\u00f1or y Vigilia de las Tinieblas<\/p>\n\n\n\n<p>S\u00e1bado Santo<\/p>\n\n\n\n<p>21:00 horas Misa Solemne de la Vigilia Pascual<\/p>\n\n\n\n<p>IGLESIA SAN JUAN DE DIOS, LA SERENA<\/p>\n\n\n\n<p>Jueves Santo<\/p>\n\n\n\n<p>19:30 horas Misa de la Cena del Se\u00f1or<\/p>\n\n\n\n<p>Viernes Santo<\/p>\n\n\n\n<p>15:00 horas Meditaci\u00f3n de las 7 palabras<\/p>\n\n\n\n<p>16:00 horas <em>V\u00eda Crucis<\/em><\/p>\n\n\n\n<p>17:00 horas Adoraci\u00f3n a la santa Cruz<\/p>\n\n\n\n<p>S\u00e1bado Santo<\/p>\n\n\n\n<p>19:30 horas Vigilia Pascual<\/p>\n\n\n\n<p>PARROQUIA SAN JOS\u00c9 DE JUAN SOLDADO, LAS COMPA\u00d1\u00cdAS<\/p>\n\n\n\n<p>Jueves Santo<\/p>\n\n\n\n<p>19:00 horas Sede parroquial<\/p>\n\n\n\n<p>Viernes Santo<\/p>\n\n\n\n<p>16:00 horas Adoraci\u00f3n de la Cruz y <em>V\u00eda Crucis<\/em> sede parroquial<\/p>\n\n\n\n<p>S\u00e1bado Santo<\/p>\n\n\n\n<p>19:00 horas Vigilia Pascual sede parroquial<\/p>\n\n\n\n<p>PARROQUIA SAN JUAN EVANGELISTA, LAS COMPA\u00d1\u00cdAS<\/p>\n\n\n\n<p>Jueves Santo<\/p>\n\n\n\n<p>18:00 horas El Romero \u2013 Isl\u00f3n<\/p>\n\n\n\n<p>19:00 horas El Olivar<\/p>\n\n\n\n<p>20:30 horas Sede parroquial<\/p>\n\n\n\n<p>Viernes Santo<\/p>\n\n\n\n<p>16:00 horas El Olivar \u2013 El Romero \u2013 Isl\u00f3n<\/p>\n\n\n\n<p>18:00 horas Sede parroquial<\/p>\n\n\n\n<p>S\u00e1bado Santo<\/p>\n\n\n\n<p>18:00 horas Fundo Coquimbito \u2013 Lambert<\/p>\n\n\n\n<p>19:00 horas El Olivar \u2013 El Carmen<\/p>\n\n\n\n<p>19:30 horas Coquimbito \u2013 El Romero<\/p>\n\n\n\n<p>21:00 horas Sede parroquial<\/p>\n\n\n\n<p>PARROQUIA NUESTRA SE\u00d1ORA DE LOURDES, LA SERENA<\/p>\n\n\n\n<p>Jueves Santo<\/p>\n\n\n\n<p>20:00 horas Cena del Se\u00f1or \u2013 Lavado de pies<\/p>\n\n\n\n<p>Viernes Santo<\/p>\n\n\n\n<p>17:00 horas <em>V\u00eda Crucis<\/em><\/p>\n\n\n\n<p>S\u00e1bado Santo<\/p>\n\n\n\n<p>20:00 horas Vigilia de Resurrecci\u00f3n<\/p>\n\n\n\n<p>CAPILLA SAGRADO CORAZ\u00d3N DE JES\u00daS Y DE MAR\u00cdA, COLINA EL PINO<\/p>\n\n\n\n<p>Jueves Santo<\/p>\n\n\n\n<p>18:00 horas Cena del Se\u00f1or \u2013 Lavado de pies<\/p>\n\n\n\n<p>Viernes Santo<\/p>\n\n\n\n<p>17:00 horas <em>V\u00eda Crucis<\/em><em><\/em><\/p>\n\n\n\n<p>S\u00e1bado Santo<\/p>\n\n\n\n<p>18:00 horas Vigilia de Resurrecci\u00f3n<\/p>\n\n\n\n<p>PARROQUIA SAN JOS\u00c9 OBRERO, LA ANTENA<\/p>\n\n\n\n<p>Jueves Santo<\/p>\n\n\n\n<p>19:00 horas Celebraci\u00f3n de la Cena del Se\u00f1or<\/p>\n\n\n\n<p>Viernes Santo<\/p>\n\n\n\n<p>17:00 horas <em>V\u00eda Crucis<\/em> y Adoraci\u00f3n a la Cruz<\/p>\n\n\n\n<p>S\u00e1bado Santo<\/p>\n\n\n\n<p>20:30 horas Vigilia Pascual<\/p>\n\n\n\n<p><strong>Vicar\u00eda de Coquimbo<\/strong><\/p>\n\n\n\n<p>PARROQUIA SAN PEDRO, COQUIMBO<\/p>\n\n\n\n<p>Jueves Santo<\/p>\n\n\n\n<p>10:30 horas Cruz del Tercer Milenio<\/p>\n\n\n\n<p>19:00 horas Capilla Buen Pastor<\/p>\n\n\n\n<p>20:00 horas Templo Parroquial<\/p>\n\n\n\n<p>Viernes Santo<\/p>\n\n\n\n<p>16:00 horas <em>V\u00eda Crucis <\/em>Buen Pastor \u2013 Santa Marta<\/p>\n\n\n\n<p>18:30 horas Liturgia de la Pasi\u00f3n templo parroquial<\/p>\n\n\n\n<p>S\u00e1bado Santo<\/p>\n\n\n\n<p>19:00 horas Capilla Colegio Santa Marta<\/p>\n\n\n\n<p>20:00 horas Capilla Buen Pastor<\/p>\n\n\n\n<p>21:00 horas Templo parroquial<\/p>\n\n\n\n<p>PARROQUIA MAR\u00cdA REINA DE LOS AP\u00d3STOLES, PAN DE AZ\u00daCAR<\/p>\n\n\n\n<p>Jueves Santo<\/p>\n\n\n\n<p>18:00 horas Cerrillos<\/p>\n\n\n\n<p>19:30 horas Sede parroquial<\/p>\n\n\n\n<p>Viernes Santo<\/p>\n\n\n\n<p>15:00 horas Pasi\u00f3n del Se\u00f1or y Adoraci\u00f3n de la Cruz sede parroquial<\/p>\n\n\n\n<p>15:45 horas <em>V\u00eda Crucis <\/em>sede parroquial<\/p>\n\n\n\n<p>S\u00e1bado Santo<\/p>\n\n\n\n<p>17:00 horas Las Cardas<\/p>\n\n\n\n<p>18:00 horas El Pe\u00f1\u00f3n \u2013 Las Barrancas<\/p>\n\n\n\n<p>20:00 horas Sede parroquial<\/p>\n\n\n\n<p><strong>Vicar\u00eda de Limar\u00ed<\/strong><\/p>\n\n\n\n<p>PARROQUIA SAN VICENTE FERRER, OVALLE<\/p>\n\n\n\n<p>Jueves Santo<\/p>\n\n\n\n<p>20:00 horas Santa Misa y lavatorio de pies<\/p>\n\n\n\n<p>Viernes Santo<\/p>\n\n\n\n<p>10:00 horas Laudes<\/p>\n\n\n\n<p>15:00 horas Pasi\u00f3n<\/p>\n\n\n\n<p>20:00 horas <em>V\u00eda Crucis<\/em><em><\/em><\/p>\n\n\n\n<p>S\u00e1bado Santo<\/p>\n\n\n\n<p>10:00 horas Laudes<\/p>\n\n\n\n<p>20:00 horas Vigilia Pascual<\/p>\n\n\n\n<p>PARROQUIA EL NI\u00d1O DIOS, SOTAQU\u00cd<\/p>\n\n\n\n<p>Jueves Santo<\/p>\n\n\n\n<p>19:30 horas Cena del Se\u00f1or<\/p>\n\n\n\n<p>Viernes Santo<\/p>\n\n\n\n<p>12:00 horas Liturgia de las 7 palabras<\/p>\n\n\n\n<p>19:00 horas <em>V\u00eda Crucis<\/em><\/p>\n\n\n\n<p>S\u00e1bado Santo<\/p>\n\n\n\n<p>22:00 horas Vigilia Pascual<\/p>\n\n\n\n<p>PARROQUIA INMACULADA CONCEPCI\u00d3N, PUNITAQUI<\/p>\n\n\n\n<p>Jueves Santo<\/p>\n\n\n\n<p>19:00 horas Pueblo Viejo<\/p>\n\n\n\n<p>20:30 horas Sede parroquial<\/p>\n\n\n\n<p>Viernes Santo<\/p>\n\n\n\n<p>19:00 horas <em>V\u00eda Crucis <\/em>desde la Iglesia de Pueblo Viejo hasta la sede parroquial.<\/p>\n\n\n\n<p>S\u00e1bado Santo<\/p>\n\n\n\n<p>19:00 horas Pueblo Viejo<\/p>\n\n\n\n<p>20:30 horas Sede parroquial<\/p>\n\n\n\n<p>PARROQUIA SAN ANTONIO DEL MAR, BARRAZA<\/p>\n\n\n\n<p>Jueves Santo<\/p>\n\n\n\n<p>19:00 horas Santa Misa<\/p>\n\n\n\n<p>Viernes Santo<\/p>\n\n\n\n<p>16:00 horas <em>V\u00eda Crucis<\/em><\/p>\n\n\n\n<p>S\u00e1bado Santo<\/p>\n\n\n\n<p>20:00 horas Vigilia Pascual<\/p>\n\n\n\n<p>PARROQUIA NUESTRA SE\u00d1ORA DEL CARMEN, HURTADO<\/p>\n\n\n\n<p>Jueves Santo<\/p>\n\n\n\n<p>19:00 horas Sede parroquial<\/p>\n\n\n\n<p>Viernes Santo<\/p>\n\n\n\n<p>18:00 horas <em>V\u00eda Crucis <\/em>sede parroquial<\/p>\n\n\n\n<p>S\u00e1bado Santo<\/p>\n\n\n\n<p>19:00 horas Sede parroquial<\/p>\n\n\n\n<p>21:00 horas Pichasca<\/p>\n\n\n\n<p><strong>Vicar\u00eda de Elqui<\/strong><\/p>\n\n\n\n<p>IGLESIA SAN ISIDRO, VICU\u00d1A<\/p>\n\n\n\n<p>Viernes Santo<\/p>\n\n\n\n<p>20:00 horas <em>V\u00eda Crucis<\/em><em><\/em><\/p>\n\n\n\n<p>S\u00e1bado Santo<\/p>\n\n\n\n<p>17:00 horas Vigilia Pascual<\/p>\n","protected":false},"excerpt":{"rendered":"<p>Con el tradicional Domingo de Ramos, comunidades eclesiales del Elqui y Limar\u00ed se preparan espiritualmente para rememorar la muerte y resurrecci\u00f3n de Jes\u00fas. Con ramos en sus manos reunidos a un costado del templo Catedral de La Serena, en la plaza san Juan Pablo II, tuvo lugar durante la jornada matutina del 2 de abril, &#8230;<\/p>\n","protected":false},"author":2,"featured_media":8748,"comment_status":"open","ping_status":"open","sticky":false,"template":"","format":"standard","meta":{"footnotes":""},"categories":[3],"tags":[],"class_list":["post-8747","post","type-post","status-publish","format-standard","has-post-thumbnail","hentry","category-actualidad"],"_links":{"self":[{"href":"https:\/\/www.radiolimari.cl\/index.php?rest_route=\/wp\/v2\/posts\/8747","targetHints":{"allow":["GET"]}}],"collection":[{"href":"https:\/\/www.radiolimari.cl\/index.php?rest_route=\/wp\/v2\/posts"}],"about":[{"href":"https:\/\/www.radiolimari.cl\/index.php?rest_route=\/wp\/v2\/types\/post"}],"author":[{"embeddable":true,"href":"https:\/\/www.radiolimari.cl\/index.php?rest_route=\/wp\/v2\/users\/2"}],"replies":[{"embeddable":true,"href":"https:\/\/www.radiolimari.cl\/index.php?rest_route=%2Fwp%2Fv2%2Fcomments&post=8747"}],"version-history":[{"count":1,"href":"https:\/\/www.radiolimari.cl\/index.php?rest_route=\/wp\/v2\/posts\/8747\/revisions"}],"predecessor-version":[{"id":8749,"href":"https:\/\/www.radiolimari.cl\/index.php?rest_route=\/wp\/v2\/posts\/8747\/revisions\/8749"}],"wp:featuredmedia":[{"embeddable":true,"href":"https:\/\/www.radiolimari.cl\/index.php?rest_route=\/wp\/v2\/media\/8748"}],"wp:attachment":[{"href":"https:\/\/www.radiolimari.cl\/index.php?rest_route=%2Fwp%2Fv2%2Fmedia&parent=8747"}],"wp:term":[{"taxonomy":"category","embeddable":true,"href":"https:\/\/www.radiolimari.cl\/index.php?rest_route=%2Fwp%2Fv2%2Fcategories&post=8747"},{"taxonomy":"post_tag","embeddable":true,"href":"https:\/\/www.radiolimari.cl\/index.php?rest_route=%2Fwp%2Fv2%2Ftags&post=8747"}],"curies":[{"name":"wp","href":"https:\/\/api.w.org\/{rel}","templated":true}]}}