{"id":8741,"date":"2023-04-03T16:55:49","date_gmt":"2023-04-03T16:55:49","guid":{"rendered":"https:\/\/www.radiolimari.cl\/?p=8741"},"modified":"2023-04-03T16:55:49","modified_gmt":"2023-04-03T16:55:49","slug":"fin-de-semana-largo-evita-accidentes-de-transito-y-viaja-seguro","status":"publish","type":"post","link":"https:\/\/www.radiolimari.cl\/?p=8741","title":{"rendered":"Fin de semana largo: Evita accidentes de tr\u00e1nsito y viaja seguro"},"content":{"rendered":"\n<figure class=\"wp-block-image size-large\"><a href=\"https:\/\/www.radiolimari.cl\/wp-content\/uploads\/2023\/04\/IMG_20230330_073650974_HDR-scaled.jpg\"><img fetchpriority=\"high\" decoding=\"async\" width=\"1024\" height=\"461\" src=\"https:\/\/www.radiolimari.cl\/wp-content\/uploads\/2023\/04\/IMG_20230330_073650974_HDR-1024x461.jpg\" alt=\"\" class=\"wp-image-8742\" srcset=\"https:\/\/www.radiolimari.cl\/wp-content\/uploads\/2023\/04\/IMG_20230330_073650974_HDR-1024x461.jpg 1024w, https:\/\/www.radiolimari.cl\/wp-content\/uploads\/2023\/04\/IMG_20230330_073650974_HDR-300x135.jpg 300w, https:\/\/www.radiolimari.cl\/wp-content\/uploads\/2023\/04\/IMG_20230330_073650974_HDR-768x346.jpg 768w, https:\/\/www.radiolimari.cl\/wp-content\/uploads\/2023\/04\/IMG_20230330_073650974_HDR-1536x691.jpg 1536w, https:\/\/www.radiolimari.cl\/wp-content\/uploads\/2023\/04\/IMG_20230330_073650974_HDR-2048x922.jpg 2048w\" sizes=\"(max-width: 1024px) 100vw, 1024px\" \/><\/a><\/figure>\n\n\n\n<p>El alto tr\u00e1fico y las ansias de llegar r\u00e1pido a destino son factores de riesgo que hay que reducir y as\u00ed evitar accidentes de tr\u00e1nsito que empa\u00f1en estos d\u00edas de descanso.<\/p>\n\n\n\n<p>Lleg\u00f3 abril y se viene el primer fin de semana largo del a\u00f1o. Tres d\u00edas en los cuales miles de autos salen desde las principales ciudades del pa\u00eds a tomarse las carreteras. <\/p>\n\n\n\n<p>Seg\u00fan datos de la CONASET, durante las mismas fechas en el a\u00f1o 2022, ocurrieron 583 siniestros de tr\u00e1nsito, con un saldo de 19 personas que perdieron la vida. Bajo este escenario, Luis Stuven, Gerente de Seguridad Vial de Mutual de Seguridad, manifest\u00f3 que \u201ctiempos de distensi\u00f3n como este feriado es cuando m\u00e1s cuidado se debe tener a la hora de tomar el volante, esto debido a que en general los conductores tienden a relajarse. Por ello, desde Mutual de Seguridad hacemos un llamado a no descuidar el sentido de alerta y transitar con seguridad\u201d.<\/p>\n\n\n\n<p>Adem\u00e1s, el especialista destaca ocho puntos fundamentales para poder disfrutar, descansar y compartir con familiares o amigos, previniendo siniestros de tr\u00e1nsito y evitando pasar malos ratos:<\/p>\n\n\n\n<p><strong>Antes de partir<\/strong><\/p>\n\n\n\n<ul class=\"wp-block-list\">\n<li>Planifica el viaje con tiempo y realiza descansos cada dos horas o 200 km de conducci\u00f3n.<\/li>\n\n\n\n<li>No olvides chequear que tu veh\u00edculo se encuentre en condiciones \u00f3ptimas para su buen funcionamiento.<\/li>\n\n\n\n<li>Es recomendable llevar el equipaje en el maletero del veh\u00edculo y no suelto dentro de la cabina.<\/li>\n\n\n\n<li>Si viajas con mascota, es importante que estas se trasladen con un arn\u00e9s especial anclado en los asientos traseros o en el pick up.<\/li>\n<\/ul>\n\n\n\n<p><br><strong>Durante la conducci\u00f3n<\/strong><\/p>\n\n\n\n<ul class=\"wp-block-list\">\n<li>No consumas alcohol, drogas o medicamentos que causen somnolencia, antes o durante la conducci\u00f3n.<\/li>\n\n\n\n<li>Evita distractores como fumar, comer o usar dispositivos digitales que pueden causar un accidente.<\/li>\n\n\n\n<li>Conduce a las velocidades permitidas, siempre a la defensiva y respetando las demarcaciones viales.<\/li>\n\n\n\n<li>No transites por bermas en carreteras cuando exista congesti\u00f3n vehicular, puedes provocar un accidente.<\/li>\n<\/ul>\n\n\n\n<p><a><\/a>Para m\u00e1s recomendaciones, cursos, infograf\u00edas, videos y material sobre seguridad vial, puedes informarte en el portal web www.mutual.cl.<\/p>\n","protected":false},"excerpt":{"rendered":"<p>El alto tr\u00e1fico y las ansias de llegar r\u00e1pido a destino son factores de riesgo que hay que reducir y as\u00ed evitar accidentes de tr\u00e1nsito que empa\u00f1en estos d\u00edas de descanso. Lleg\u00f3 abril y se viene el primer fin de semana largo del a\u00f1o. Tres d\u00edas en los cuales miles de autos salen desde las &#8230;<\/p>\n","protected":false},"author":2,"featured_media":8742,"comment_status":"open","ping_status":"open","sticky":false,"template":"","format":"standard","meta":{"footnotes":""},"categories":[3],"tags":[],"class_list":["post-8741","post","type-post","status-publish","format-standard","has-post-thumbnail","hentry","category-actualidad"],"_links":{"self":[{"href":"https:\/\/www.radiolimari.cl\/index.php?rest_route=\/wp\/v2\/posts\/8741","targetHints":{"allow":["GET"]}}],"collection":[{"href":"https:\/\/www.radiolimari.cl\/index.php?rest_route=\/wp\/v2\/posts"}],"about":[{"href":"https:\/\/www.radiolimari.cl\/index.php?rest_route=\/wp\/v2\/types\/post"}],"author":[{"embeddable":true,"href":"https:\/\/www.radiolimari.cl\/index.php?rest_route=\/wp\/v2\/users\/2"}],"replies":[{"embeddable":true,"href":"https:\/\/www.radiolimari.cl\/index.php?rest_route=%2Fwp%2Fv2%2Fcomments&post=8741"}],"version-history":[{"count":1,"href":"https:\/\/www.radiolimari.cl\/index.php?rest_route=\/wp\/v2\/posts\/8741\/revisions"}],"predecessor-version":[{"id":8743,"href":"https:\/\/www.radiolimari.cl\/index.php?rest_route=\/wp\/v2\/posts\/8741\/revisions\/8743"}],"wp:featuredmedia":[{"embeddable":true,"href":"https:\/\/www.radiolimari.cl\/index.php?rest_route=\/wp\/v2\/media\/8742"}],"wp:attachment":[{"href":"https:\/\/www.radiolimari.cl\/index.php?rest_route=%2Fwp%2Fv2%2Fmedia&parent=8741"}],"wp:term":[{"taxonomy":"category","embeddable":true,"href":"https:\/\/www.radiolimari.cl\/index.php?rest_route=%2Fwp%2Fv2%2Fcategories&post=8741"},{"taxonomy":"post_tag","embeddable":true,"href":"https:\/\/www.radiolimari.cl\/index.php?rest_route=%2Fwp%2Fv2%2Ftags&post=8741"}],"curies":[{"name":"wp","href":"https:\/\/api.w.org\/{rel}","templated":true}]}}