{"id":8738,"date":"2023-04-03T16:45:15","date_gmt":"2023-04-03T16:45:15","guid":{"rendered":"https:\/\/www.radiolimari.cl\/?p=8738"},"modified":"2023-04-03T16:45:16","modified_gmt":"2023-04-03T16:45:16","slug":"en-monte-patria-45-vecinos-y-vecinas-recibieron-certificacion-en-reciclaje-de-materia-organica","status":"publish","type":"post","link":"https:\/\/www.radiolimari.cl\/?p=8738","title":{"rendered":"En Monte Patria 45 vecinos y vecinas recibieron certificaci\u00f3n en reciclaje de materia org\u00e1nica"},"content":{"rendered":"\n<figure class=\"wp-block-image size-large\"><a href=\"https:\/\/www.radiolimari.cl\/wp-content\/uploads\/2023\/04\/foto_1.jpeg\"><img fetchpriority=\"high\" decoding=\"async\" width=\"1024\" height=\"683\" src=\"https:\/\/www.radiolimari.cl\/wp-content\/uploads\/2023\/04\/foto_1-1024x683.jpeg\" alt=\"\" class=\"wp-image-8739\" srcset=\"https:\/\/www.radiolimari.cl\/wp-content\/uploads\/2023\/04\/foto_1-1024x683.jpeg 1024w, https:\/\/www.radiolimari.cl\/wp-content\/uploads\/2023\/04\/foto_1-300x200.jpeg 300w, https:\/\/www.radiolimari.cl\/wp-content\/uploads\/2023\/04\/foto_1-768x512.jpeg 768w, https:\/\/www.radiolimari.cl\/wp-content\/uploads\/2023\/04\/foto_1-1536x1024.jpeg 1536w, https:\/\/www.radiolimari.cl\/wp-content\/uploads\/2023\/04\/foto_1.jpeg 1920w\" sizes=\"(max-width: 1024px) 100vw, 1024px\" \/><\/a><\/figure>\n\n\n\n<p><strong><em>Este proyecto financiado por el GORE busca reducir la basura org\u00e1nica en las comunidades, para as\u00ed contribuir con el medioambiente y biodiversidad.<\/em><\/strong> <\/p>\n\n\n\n<p>En la actualidad, cerca de la mitad de la basura generada en los hogares es de material org\u00e1nico. Debido a esto, seg\u00fan el \u00faltimo inventario nacional de emisiones de GEI se emiten cerca de 32 millones de toneladas de CO2. Si cerca del 40% de la poblaci\u00f3n nacional gestionara los residuos org\u00e1nicos estas emisiones se reducir\u00edan en un 30% al 2030, lo que tambi\u00e9n implica concretar metas de acuerdo con la agenda en respectiva materia en el pa\u00eds.&nbsp;<\/p>\n\n\n\n<p>El <em>compost<\/em> es una de las alternativas que los hogares chilenos est\u00e1n tomando en consideraci\u00f3n como m\u00e9todo de reciclaje de elementos org\u00e1nicos y en ese aspecto, la comuna de Monte Patria, tambi\u00e9n quiso unirse a esta forma amigable con el medioambiente. Y es que 45 personas recibieron su certificado en esta t\u00e9cnica que les ayudar\u00e1 a reciclar la basura org\u00e1nica de cada familia el pasado s\u00e1bado en la sede de la junta de vecinos de la capital comunal. Ana Bernarda Herrera, comenta que este proyecto <strong>\u201cfue financiado por el GORE con $6 millones para tener horas de estudio, materiales para poner en pr\u00e1ctica lo aprendido en clases y que gente tanto de zonas rurales como urbanas que son vecinos de Monte Patria se beneficien con este proyecto\u201d, <\/strong>se\u00f1al\u00f3 Ana Bernarda Herrera, dirigenta de la Uni\u00f3n Comunal de Junta de Vecinos de Monte Patria. <strong><\/strong><\/p>\n\n\n\n<p>El proyecto se present\u00f3 desde la Uni\u00f3n Comunal de Junta de Vecinos con ayuda del municipio, obteniendo su principal financiamiento por parte del Gobierno Regional (GORE), extendi\u00e9ndose durante tres meses. En la instancia, los vecinos y vecinas se atrevieron con esta nueva forma de reciclaje y aprendieron los aspectos b\u00e1sicos en esta materia. Para Eva Cisternas, el <em>compost<\/em> vendr\u00eda a ayudar a reducir la basura, pero tambi\u00e9n como un pasatiempo <strong>\u201cYa no existir\u00e1 tanta basura y ahora vamos a tener en qu\u00e9 entretenernos con las cascaritas y hojitas que las personas anteriormente las quemaba, ahora ya no se va a quemar m\u00e1s, es muy bonito. Estudi\u00e9 demasiado, me cost\u00f3 mucho, pero lo logramos\u201d. <\/strong><strong><\/strong><\/p>\n\n\n\n<p>En la actualidad y, de acuerdo con informaci\u00f3n entregada desde el municipio, se tuvo que realizar gestiones para ampliar la superficie de los dep\u00f3sitos comunales, donde se encuentra ubicado el vertedero. Por lo mismo, la idea del reciclaje y biodegradaci\u00f3n de materia org\u00e1nica derivados de los residuos que se producen en cada hogar ayudar\u00eda, por un lado, a detener este crecimiento de basura y por el otro, reducir a largo plazo las emisiones de CO2 en la comuna.<\/p>\n\n\n\n<p>Al respecto, el alcalde de la comuna, Cristian Herrera Pe\u00f1a, quien asisti\u00f3 a la ceremonia de certificaci\u00f3n, felicit\u00f3 a la organizaci\u00f3n social por su contribuci\u00f3n a la comunidad <strong>\u201cqueremos agradecer al Gobierno Regional por financiar por $6 millones de pesos y que permite hacer las cosas que se deben realizar en la comuna como lo es la reutilizaci\u00f3n de materia org\u00e1nica que, muchas veces, va a la basura. El problema del colapso de la basura no se resuelve creando m\u00e1s vertederos, sino evitando tener m\u00e1s basura, felicitamos a la Uni\u00f3n Comunal por esta gran iniciativa\u201d.<\/strong><strong><\/strong><\/p>\n\n\n\n<p>Finalmente, este nuevo aprendizaje podr\u00e1 contribuir al reciclaje de materias org\u00e1nicas para transformarse en abono para plantas, \u00e1rboles y cultivos; reducir la cantidad por metro cuadrado de basura y reducir las emisiones de CO2 a largo plazo.<\/p>\n\n\n\n<p><\/p>\n\n\n\n<p>Jes\u00fas Manuel Herrera\/Periodista<br>Licenciado en Comunicaci\u00f3n Social<\/p>\n","protected":false},"excerpt":{"rendered":"<p>Este proyecto financiado por el GORE busca reducir la basura org\u00e1nica en las comunidades, para as\u00ed contribuir con el medioambiente y biodiversidad. En la actualidad, cerca de la mitad de la basura generada en los hogares es de material org\u00e1nico. Debido a esto, seg\u00fan el \u00faltimo inventario nacional de emisiones de GEI se emiten cerca &#8230;<\/p>\n","protected":false},"author":2,"featured_media":8739,"comment_status":"open","ping_status":"open","sticky":false,"template":"","format":"standard","meta":{"footnotes":""},"categories":[5],"tags":[],"class_list":["post-8738","post","type-post","status-publish","format-standard","has-post-thumbnail","hentry","category-actualidad-limarina"],"_links":{"self":[{"href":"https:\/\/www.radiolimari.cl\/index.php?rest_route=\/wp\/v2\/posts\/8738","targetHints":{"allow":["GET"]}}],"collection":[{"href":"https:\/\/www.radiolimari.cl\/index.php?rest_route=\/wp\/v2\/posts"}],"about":[{"href":"https:\/\/www.radiolimari.cl\/index.php?rest_route=\/wp\/v2\/types\/post"}],"author":[{"embeddable":true,"href":"https:\/\/www.radiolimari.cl\/index.php?rest_route=\/wp\/v2\/users\/2"}],"replies":[{"embeddable":true,"href":"https:\/\/www.radiolimari.cl\/index.php?rest_route=%2Fwp%2Fv2%2Fcomments&post=8738"}],"version-history":[{"count":1,"href":"https:\/\/www.radiolimari.cl\/index.php?rest_route=\/wp\/v2\/posts\/8738\/revisions"}],"predecessor-version":[{"id":8740,"href":"https:\/\/www.radiolimari.cl\/index.php?rest_route=\/wp\/v2\/posts\/8738\/revisions\/8740"}],"wp:featuredmedia":[{"embeddable":true,"href":"https:\/\/www.radiolimari.cl\/index.php?rest_route=\/wp\/v2\/media\/8739"}],"wp:attachment":[{"href":"https:\/\/www.radiolimari.cl\/index.php?rest_route=%2Fwp%2Fv2%2Fmedia&parent=8738"}],"wp:term":[{"taxonomy":"category","embeddable":true,"href":"https:\/\/www.radiolimari.cl\/index.php?rest_route=%2Fwp%2Fv2%2Fcategories&post=8738"},{"taxonomy":"post_tag","embeddable":true,"href":"https:\/\/www.radiolimari.cl\/index.php?rest_route=%2Fwp%2Fv2%2Ftags&post=8738"}],"curies":[{"name":"wp","href":"https:\/\/api.w.org\/{rel}","templated":true}]}}