{"id":8735,"date":"2023-04-03T16:36:30","date_gmt":"2023-04-03T16:36:30","guid":{"rendered":"https:\/\/www.radiolimari.cl\/?p=8735"},"modified":"2023-04-03T16:36:31","modified_gmt":"2023-04-03T16:36:31","slug":"ucn-sede-coquimbo-da-inicio-a-la-semana-santa","status":"publish","type":"post","link":"https:\/\/www.radiolimari.cl\/?p=8735","title":{"rendered":"UCN Sede Coquimbo da inicio\u00a0a la Semana Santa"},"content":{"rendered":"\n<figure class=\"wp-block-image size-large\"><a href=\"https:\/\/www.radiolimari.cl\/wp-content\/uploads\/2023\/04\/Via-Crucis-2022.jpg\"><img fetchpriority=\"high\" decoding=\"async\" width=\"1024\" height=\"690\" src=\"https:\/\/www.radiolimari.cl\/wp-content\/uploads\/2023\/04\/Via-Crucis-2022-1024x690.jpg\" alt=\"\" class=\"wp-image-8736\" srcset=\"https:\/\/www.radiolimari.cl\/wp-content\/uploads\/2023\/04\/Via-Crucis-2022-1024x690.jpg 1024w, https:\/\/www.radiolimari.cl\/wp-content\/uploads\/2023\/04\/Via-Crucis-2022-300x202.jpg 300w, https:\/\/www.radiolimari.cl\/wp-content\/uploads\/2023\/04\/Via-Crucis-2022-768x518.jpg 768w, https:\/\/www.radiolimari.cl\/wp-content\/uploads\/2023\/04\/Via-Crucis-2022.jpg 1440w\" sizes=\"(max-width: 1024px) 100vw, 1024px\" \/><\/a><\/figure>\n\n\n\n<p><em>Las actividades programadas entre el 03 al 10 de abril, contemplan una visita al Centro Penitenciario de Huachalalume<\/em>.<\/p>\n\n\n\n<p>Con la bendici\u00f3n y entrega de ramos de olivos, el&nbsp;<a href=\"https:\/\/www.ucn.cl\/sobre-ucn\/direccion-general-de-pastoral-y-cultura-cristiana\/\" target=\"_blank\" rel=\"noreferrer noopener\">Departamento de Pastoral y Cultura Cristiana<\/a>&nbsp;inicia la Semana Santa 2023 en el Campus Guayac\u00e1n de la&nbsp;<a href=\"https:\/\/www.ucn.cl\/\" target=\"_blank\" rel=\"noreferrer noopener\">Universidad Cat\u00f3lica del Norte<\/a>, instancia que permite reflexionar y meditar la pasi\u00f3n, crucifixi\u00f3n, muerte y resurrecci\u00f3n de Cristo.&nbsp;<\/p>\n\n\n\n<p>El lunes 03 de abril  la comunidad UCN participa en la\u00a0Bendici\u00f3n y entrega de ramos\u00a0en el campus Guayac\u00e1n, a cargo del Sacerdote asesor, Pbro. Fernando Castro Cort\u00e9s.<\/p>\n\n\n\n<p>El martes 04 de abril se realizar\u00e1 el tradicional&nbsp;<strong>V\u00eda Crucis en la UCN<\/strong>, el cual iniciar\u00e1 a las 16:00 horas en la porter\u00eda del campus y pasar\u00e1 por 15 estaciones, finalizando en la Capilla San Alberto Hurtado.<\/p>\n\n\n\n<p>Mientras que el&nbsp;<strong>Retiro \u201cMe am\u00f3 y se entreg\u00f3 por m\u00ed<\/strong>\u201d se realizar\u00e1 el mi\u00e9rcoles 05 de abril, a las 10:00 horas, en la Capilla San Alberto Hurtado, encabezado por la Religiosa Claudia Figueroa Figueroa. Luego, el equipo Pastoral estar\u00e1 entregando el mensaje de&nbsp;<strong>Triduo Pascual<\/strong>&nbsp;en la salida de la universidad desde las 17:45 horas.<\/p>\n\n\n\n<p>Durante el&nbsp;<strong>Viernes Santo<\/strong>&nbsp;parte del equipo Pastoral y estudiantes UCN, junto a la Pastoral Carcelaria, desarrollar\u00e1n el&nbsp;<strong>V\u00eda Crucis<\/strong>&nbsp;en el Centro Penitenciario Huachalalume, visitando algunos m\u00f3dulos de internos, llevando Fe y esperanza a sus vidas en esta fecha tan especial para las y los Cat\u00f3licos.<\/p>\n\n\n\n<p>Finalmente, el pr\u00f3ximo lunes entregaremos&nbsp;<strong>Mensaje de Pascua de Resurrecci\u00f3n<\/strong>&nbsp;desde las 07:40 en la entrada el campus y culminaremos con la&nbsp;<strong>Eucarist\u00eda de Resurrecci\u00f3n<\/strong>&nbsp;a las 10:00 horas en la Capilla San Alberto Hurtado.<\/p>\n","protected":false},"excerpt":{"rendered":"<p>Las actividades programadas entre el 03 al 10 de abril, contemplan una visita al Centro Penitenciario de Huachalalume. Con la bendici\u00f3n y entrega de ramos de olivos, el&nbsp;Departamento de Pastoral y Cultura Cristiana&nbsp;inicia la Semana Santa 2023 en el Campus Guayac\u00e1n de la&nbsp;Universidad Cat\u00f3lica del Norte, instancia que permite reflexionar y meditar la pasi\u00f3n, crucifixi\u00f3n, &#8230;<\/p>\n","protected":false},"author":2,"featured_media":8736,"comment_status":"open","ping_status":"open","sticky":false,"template":"","format":"standard","meta":{"footnotes":""},"categories":[3],"tags":[],"class_list":["post-8735","post","type-post","status-publish","format-standard","has-post-thumbnail","hentry","category-actualidad"],"_links":{"self":[{"href":"https:\/\/www.radiolimari.cl\/index.php?rest_route=\/wp\/v2\/posts\/8735","targetHints":{"allow":["GET"]}}],"collection":[{"href":"https:\/\/www.radiolimari.cl\/index.php?rest_route=\/wp\/v2\/posts"}],"about":[{"href":"https:\/\/www.radiolimari.cl\/index.php?rest_route=\/wp\/v2\/types\/post"}],"author":[{"embeddable":true,"href":"https:\/\/www.radiolimari.cl\/index.php?rest_route=\/wp\/v2\/users\/2"}],"replies":[{"embeddable":true,"href":"https:\/\/www.radiolimari.cl\/index.php?rest_route=%2Fwp%2Fv2%2Fcomments&post=8735"}],"version-history":[{"count":1,"href":"https:\/\/www.radiolimari.cl\/index.php?rest_route=\/wp\/v2\/posts\/8735\/revisions"}],"predecessor-version":[{"id":8737,"href":"https:\/\/www.radiolimari.cl\/index.php?rest_route=\/wp\/v2\/posts\/8735\/revisions\/8737"}],"wp:featuredmedia":[{"embeddable":true,"href":"https:\/\/www.radiolimari.cl\/index.php?rest_route=\/wp\/v2\/media\/8736"}],"wp:attachment":[{"href":"https:\/\/www.radiolimari.cl\/index.php?rest_route=%2Fwp%2Fv2%2Fmedia&parent=8735"}],"wp:term":[{"taxonomy":"category","embeddable":true,"href":"https:\/\/www.radiolimari.cl\/index.php?rest_route=%2Fwp%2Fv2%2Fcategories&post=8735"},{"taxonomy":"post_tag","embeddable":true,"href":"https:\/\/www.radiolimari.cl\/index.php?rest_route=%2Fwp%2Fv2%2Ftags&post=8735"}],"curies":[{"name":"wp","href":"https:\/\/api.w.org\/{rel}","templated":true}]}}